{"id":23586,"date":"2023-05-18T11:59:06","date_gmt":"2023-05-18T09:59:06","guid":{"rendered":"https:\/\/www.milesi.com\/?p=23586"},"modified":"2025-04-24T15:07:41","modified_gmt":"2025-04-24T13:07:41","slug":"milesi-talent-al-via-la-verniciaturadei-progetti-in-gara","status":"publish","type":"post","link":"https:\/\/www.milesi.com\/el\/milesi-talent-al-via-la-verniciaturadei-progetti-in-gara\/","title":{"rendered":"MILESI TALENT:\u00a0AL VIA LA VERNICIATURADEI PROGETTI IN GARA"},"content":{"rendered":"<div class=\"yoast-breadcrumbs\"><span><span><a href=\"https:\/\/www.milesi.com\/el\/\">Milesi &#8211; \u0395\u03c0\u03b9\u03c3\u03c4\u03c1\u03ce\u03c3\u03b5\u03b9\u03c2 \u03be\u03cd\u03bb\u03bf\u03c5<\/a><\/span> \u00bb <span class=\"breadcrumb_last\" aria-current=\"page\">MILESI TALENT:\u00a0AL VIA LA VERNICIATURADEI PROGETTI IN GARA<\/span><\/span><\/div>\n\n\n<figure class=\"wp-block-table aligncenter\"><table><tbody><tr><td class=\"has-text-align-center\" data-align=\"center\">&nbsp;\u00c8 giunto alle fasi finali il viaggio del <strong><strong>Milesi Talent<\/strong><\/strong>, il contest organizzato da<strong> Milesi, <\/strong>in collaborazione con l<strong>\u2019<strong>Istituto Salesiano Don Bosco di Ch\u00e2tillon<\/strong> <\/strong>e del <strong><strong>Colorificio Pellegrinelli<\/strong> di <\/strong>Saint-Christophe, storico punto di riferimento per il mondo della falegnameria e della lavorazione del legno in Val D\u2019Aosta.<br><br>In questi giorni gli studenti sono impegnati nella verniciatura dei progetti in gara, supportati dai <strong>tecnici specializzati Milesi<\/strong> e da <strong>Roberto Pellegrinelli<\/strong>: a una prima fase di teoria in aula \u00e8 seguita una formazione pratica con prove di applicazione dei<strong> cicli di verniciatura per esterni<\/strong>, scelti tra quelli che maggiormente offrono <strong>protezione da freddo, neve e ghiaccio<\/strong>. Per <strong>i cicli mordenzati la base \u00e8 costituita da un impregnante ceroso, mentre il fondo-finitura All-in-One sar\u00e0 la base per i cicli laccati<\/strong>.<br>Tappa finale del contest sar\u00e0 la premiazione del vincitore, in programma per gioved\u00ec 11 maggio presso la sede della scuola a Ch\u00e2tillon, alla presenza di una giuria di prestigio. Il progetto vincitore sar\u00e0 ospitato all\u2019interno del Parco della Lettura di Morgex.<strong> #staytuned<\/strong><\/td><\/tr><\/tbody><\/table><\/figure>\n\n\n\n<div class=\"wp-block-group is-layout-constrained wp-block-group-is-layout-constrained\">\n<div class=\"wp-block-columns is-layout-flex wp-container-core-columns-is-layout-9d6595d7 wp-block-columns-is-layout-flex\">\n<div class=\"wp-block-column is-layout-flow wp-block-column-is-layout-flow\" style=\"flex-basis:100%\">\n<figure class=\"wp-block-gallery has-nested-images columns-default is-cropped wp-block-gallery-1 is-layout-flex wp-block-gallery-is-layout-flex\">\n<figure class=\"wp-block-image size-medium\"><img loading=\"lazy\" decoding=\"async\" width=\"400\" height=\"231\" data-id=\"23607\" src=\"https:\/\/www.milesi.com\/wp-content\/uploads\/2023\/05\/IMG-20230426-WA0001b-1-400x231.jpg\" alt=\"\" class=\"wp-image-23607\"\/><\/figure>\n\n\n\n<figure class=\"wp-block-image size-medium\"><img loading=\"lazy\" decoding=\"async\" width=\"400\" height=\"225\" data-id=\"23608\" src=\"https:\/\/www.milesi.com\/wp-content\/uploads\/2023\/05\/IMG-20230426-WA0011-1-400x225.jpg\" alt=\"\" class=\"wp-image-23608\"\/><\/figure>\n<\/figure>\n<\/div>\n<\/div>\n<\/div>\n\n\n\n<h1 class=\"wp-block-heading\">&nbsp;&nbsp;<\/h1>\n\n\n\n<p class=\"has-text-align-left has-small-font-size\">Aprile 2023<\/p>\n","protected":false},"excerpt":{"rendered":"<p>&nbsp;\u00c8 giunto alle fasi finali il viaggio del Milesi Talent, il contest organizzato da Milesi, in collaborazione con l\u2019Istituto Salesiano Don Bosco di Ch\u00e2tillon e del Colorificio Pellegrinelli di Saint-Christophe, storico punto di riferimento per il mondo della falegnameria e della lavorazione del legno in Val D\u2019Aosta. In questi giorni gli studenti sono impegnati nella [&hellip;]<\/p>\n","protected":false},"author":5,"featured_media":23589,"comment_status":"closed","ping_status":"closed","sticky":false,"template":"","format":"standard","meta":{"_et_pb_use_builder":"","_et_pb_old_content":"","_et_gb_content_width":"","footnotes":""},"categories":[79],"tags":[1204,1206,998,1205,1014],"class_list":["post-23586","post","type-post","status-publish","format-standard","has-post-thumbnail","hentry","category-notizie","tag-don-bosco-chatillon","tag-mielsi-per-la-formazione","tag-milesi-talent","tag-utensileria-pellegrinelli-aosta","tag-vernici-per-legno"],"yoast_head":"<!-- This site is optimized with the Yoast SEO plugin v27.3 - https:\/\/yoast.com\/product\/yoast-seo-wordpress\/ -->\n<title>MILESI TALENT:\u00a0AL VIA LA VERNICIATURADEI PROGETTI IN GARA - Milesi<\/title>\n<meta name=\"robots\" content=\"index, follow, max-snippet:-1, max-image-preview:large, max-video-preview:-1\" \/>\n<link rel=\"canonical\" href=\"https:\/\/www.milesi.com\/el\/milesi-talent-al-via-la-verniciaturadei-progetti-in-gara\/\" \/>\n<meta property=\"og:locale\" content=\"el_GR\" \/>\n<meta property=\"og:type\" content=\"article\" \/>\n<meta property=\"og:title\" content=\"MILESI TALENT:\u00a0AL VIA LA VERNICIATURADEI PROGETTI IN GARA - Milesi\" \/>\n<meta property=\"og:description\" content=\"&nbsp;\u00c8 giunto alle fasi finali il viaggio del Milesi Talent, il contest organizzato da Milesi, in collaborazione con l\u2019Istituto Salesiano Don Bosco di Ch\u00e2tillon e del Colorificio Pellegrinelli di Saint-Christophe, storico punto di riferimento per il mondo della falegnameria e della lavorazione del legno in Val D\u2019Aosta. In questi giorni gli studenti sono impegnati nella [&hellip;]\" \/>\n<meta property=\"og:url\" content=\"https:\/\/www.milesi.com\/el\/milesi-talent-al-via-la-verniciaturadei-progetti-in-gara\/\" \/>\n<meta property=\"og:site_name\" content=\"Milesi\" \/>\n<meta property=\"article:publisher\" content=\"https:\/\/www.facebook.com\/MilesiVernici\" \/>\n<meta property=\"article:published_time\" content=\"2023-05-18T09:59:06+00:00\" \/>\n<meta property=\"article:modified_time\" content=\"2025-04-24T13:07:41+00:00\" \/>\n<meta property=\"og:image\" content=\"https:\/\/www.milesi.com\/wp-content\/uploads\/2023\/05\/IMG-20230426-WA0016.jpg\" \/>\n\t<meta property=\"og:image:width\" content=\"901\" \/>\n\t<meta property=\"og:image:height\" content=\"1600\" \/>\n\t<meta property=\"og:image:type\" content=\"image\/jpeg\" \/>\n<meta name=\"author\" content=\"User\" \/>\n<meta name=\"twitter:card\" content=\"summary_large_image\" \/>\n<meta name=\"twitter:label1\" content=\"\u03a3\u03c5\u03bd\u03c4\u03ac\u03c7\u03b8\u03b7\u03ba\u03b5 \u03b1\u03c0\u03cc\" \/>\n\t<meta name=\"twitter:data1\" content=\"User\" \/>\n\t<meta name=\"twitter:label2\" content=\"\u0395\u03ba\u03c4\u03b9\u03bc\u03ce\u03bc\u03b5\u03bd\u03bf\u03c2 \u03c7\u03c1\u03cc\u03bd\u03bf\u03c2 \u03b1\u03bd\u03ac\u03b3\u03bd\u03c9\u03c3\u03b7\u03c2\" \/>\n\t<meta name=\"twitter:data2\" content=\"2 \u03bb\u03b5\u03c0\u03c4\u03ac\" \/>\n<script type=\"application\/ld+json\" class=\"yoast-schema-graph\">{\"@context\":\"https:\\\/\\\/schema.org\",\"@graph\":[{\"@type\":\"Article\",\"@id\":\"https:\\\/\\\/www.milesi.com\\\/el\\\/milesi-talent-al-via-la-verniciaturadei-progetti-in-gara\\\/#article\",\"isPartOf\":{\"@id\":\"https:\\\/\\\/www.milesi.com\\\/el\\\/milesi-talent-al-via-la-verniciaturadei-progetti-in-gara\\\/\"},\"author\":{\"name\":\"User\",\"@id\":\"https:\\\/\\\/www.milesi.com\\\/el\\\/#\\\/schema\\\/person\\\/efe9c5f0d5dc8ecccf853a392e5aacdd\"},\"headline\":\"MILESI TALENT:\u00a0AL VIA LA VERNICIATURADEI PROGETTI IN GARA\",\"datePublished\":\"2023-05-18T09:59:06+00:00\",\"dateModified\":\"2025-04-24T13:07:41+00:00\",\"mainEntityOfPage\":{\"@id\":\"https:\\\/\\\/www.milesi.com\\\/el\\\/milesi-talent-al-via-la-verniciaturadei-progetti-in-gara\\\/\"},\"wordCount\":183,\"publisher\":{\"@id\":\"https:\\\/\\\/www.milesi.com\\\/el\\\/#organization\"},\"image\":{\"@id\":\"https:\\\/\\\/www.milesi.com\\\/el\\\/milesi-talent-al-via-la-verniciaturadei-progetti-in-gara\\\/#primaryimage\"},\"thumbnailUrl\":\"https:\\\/\\\/www.milesi.com\\\/wp-content\\\/uploads\\\/2023\\\/05\\\/IMG-20230426-WA0016.jpg\",\"keywords\":[\"Don Bosco Chatillon\",\"Mielsi per la formazione\",\"Milesi talent\",\"Utensileria Pellegrinelli Aosta\",\"vernici per legno\"],\"articleSection\":[\"News\"],\"inLanguage\":\"el\"},{\"@type\":\"WebPage\",\"@id\":\"https:\\\/\\\/www.milesi.com\\\/el\\\/milesi-talent-al-via-la-verniciaturadei-progetti-in-gara\\\/\",\"url\":\"https:\\\/\\\/www.milesi.com\\\/el\\\/milesi-talent-al-via-la-verniciaturadei-progetti-in-gara\\\/\",\"name\":\"MILESI TALENT:\u00a0AL VIA LA VERNICIATURADEI PROGETTI IN GARA - Milesi\",\"isPartOf\":{\"@id\":\"https:\\\/\\\/www.milesi.com\\\/el\\\/#website\"},\"primaryImageOfPage\":{\"@id\":\"https:\\\/\\\/www.milesi.com\\\/el\\\/milesi-talent-al-via-la-verniciaturadei-progetti-in-gara\\\/#primaryimage\"},\"image\":{\"@id\":\"https:\\\/\\\/www.milesi.com\\\/el\\\/milesi-talent-al-via-la-verniciaturadei-progetti-in-gara\\\/#primaryimage\"},\"thumbnailUrl\":\"https:\\\/\\\/www.milesi.com\\\/wp-content\\\/uploads\\\/2023\\\/05\\\/IMG-20230426-WA0016.jpg\",\"datePublished\":\"2023-05-18T09:59:06+00:00\",\"dateModified\":\"2025-04-24T13:07:41+00:00\",\"breadcrumb\":{\"@id\":\"https:\\\/\\\/www.milesi.com\\\/el\\\/milesi-talent-al-via-la-verniciaturadei-progetti-in-gara\\\/#breadcrumb\"},\"inLanguage\":\"el\",\"potentialAction\":[{\"@type\":\"ReadAction\",\"target\":[\"https:\\\/\\\/www.milesi.com\\\/el\\\/milesi-talent-al-via-la-verniciaturadei-progetti-in-gara\\\/\"]}]},{\"@type\":\"ImageObject\",\"inLanguage\":\"el\",\"@id\":\"https:\\\/\\\/www.milesi.com\\\/el\\\/milesi-talent-al-via-la-verniciaturadei-progetti-in-gara\\\/#primaryimage\",\"url\":\"https:\\\/\\\/www.milesi.com\\\/wp-content\\\/uploads\\\/2023\\\/05\\\/IMG-20230426-WA0016.jpg\",\"contentUrl\":\"https:\\\/\\\/www.milesi.com\\\/wp-content\\\/uploads\\\/2023\\\/05\\\/IMG-20230426-WA0016.jpg\",\"width\":901,\"height\":1600},{\"@type\":\"BreadcrumbList\",\"@id\":\"https:\\\/\\\/www.milesi.com\\\/el\\\/milesi-talent-al-via-la-verniciaturadei-progetti-in-gara\\\/#breadcrumb\",\"itemListElement\":[{\"@type\":\"ListItem\",\"position\":1,\"name\":\"Milesi - \u0395\u03c0\u03b9\u03c3\u03c4\u03c1\u03ce\u03c3\u03b5\u03b9\u03c2 \u03be\u03cd\u03bb\u03bf\u03c5\",\"item\":\"https:\\\/\\\/www.milesi.com\\\/el\\\/\"},{\"@type\":\"ListItem\",\"position\":2,\"name\":\"MILESI TALENT:\u00a0AL VIA LA VERNICIATURADEI PROGETTI IN GARA\"}]},{\"@type\":\"WebSite\",\"@id\":\"https:\\\/\\\/www.milesi.com\\\/el\\\/#website\",\"url\":\"https:\\\/\\\/www.milesi.com\\\/el\\\/\",\"name\":\"Milesi Vernici per il legno\",\"description\":\"Wood coatings\",\"publisher\":{\"@id\":\"https:\\\/\\\/www.milesi.com\\\/el\\\/#organization\"},\"alternateName\":\"Milesi\",\"potentialAction\":[{\"@type\":\"SearchAction\",\"target\":{\"@type\":\"EntryPoint\",\"urlTemplate\":\"https:\\\/\\\/www.milesi.com\\\/el\\\/?s={search_term_string}\"},\"query-input\":{\"@type\":\"PropertyValueSpecification\",\"valueRequired\":true,\"valueName\":\"search_term_string\"}}],\"inLanguage\":\"el\"},{\"@type\":\"Organization\",\"@id\":\"https:\\\/\\\/www.milesi.com\\\/el\\\/#organization\",\"name\":\"Milesi Vernici\",\"alternateName\":\"Milesi\",\"url\":\"https:\\\/\\\/www.milesi.com\\\/el\\\/\",\"logo\":{\"@type\":\"ImageObject\",\"inLanguage\":\"el\",\"@id\":\"https:\\\/\\\/www.milesi.com\\\/el\\\/#\\\/schema\\\/logo\\\/image\\\/\",\"url\":\"https:\\\/\\\/www.milesi.com\\\/wp-content\\\/uploads\\\/2022\\\/12\\\/milesi-web.png\",\"contentUrl\":\"https:\\\/\\\/www.milesi.com\\\/wp-content\\\/uploads\\\/2022\\\/12\\\/milesi-web.png\",\"width\":100,\"height\":101,\"caption\":\"Milesi Vernici\"},\"image\":{\"@id\":\"https:\\\/\\\/www.milesi.com\\\/el\\\/#\\\/schema\\\/logo\\\/image\\\/\"},\"sameAs\":[\"https:\\\/\\\/www.facebook.com\\\/MilesiVernici\",\"https:\\\/\\\/www.youtube.com\\\/channel\\\/UCgULN6yzPgE9usmMi3CP5hQ\",\"https:\\\/\\\/www.instagram.com\\\/milesiverniciperlegno\\\/\",\"https:\\\/\\\/vimeo.com\\\/user117001108\",\"https:\\\/\\\/www.linkedin.com\\\/company\\\/milesiwoodcoatings\\\/\"]},{\"@type\":\"Person\",\"@id\":\"https:\\\/\\\/www.milesi.com\\\/el\\\/#\\\/schema\\\/person\\\/efe9c5f0d5dc8ecccf853a392e5aacdd\",\"name\":\"User\"}]}<\/script>\n<!-- \/ Yoast SEO plugin. -->","yoast_head_json":{"title":"MILESI TALENT:\u00a0AL VIA LA VERNICIATURADEI PROGETTI IN GARA - Milesi","robots":{"index":"index","follow":"follow","max-snippet":"max-snippet:-1","max-image-preview":"max-image-preview:large","max-video-preview":"max-video-preview:-1"},"canonical":"https:\/\/www.milesi.com\/el\/milesi-talent-al-via-la-verniciaturadei-progetti-in-gara\/","og_locale":"el_GR","og_type":"article","og_title":"MILESI TALENT:\u00a0AL VIA LA VERNICIATURADEI PROGETTI IN GARA - Milesi","og_description":"&nbsp;\u00c8 giunto alle fasi finali il viaggio del Milesi Talent, il contest organizzato da Milesi, in collaborazione con l\u2019Istituto Salesiano Don Bosco di Ch\u00e2tillon e del Colorificio Pellegrinelli di Saint-Christophe, storico punto di riferimento per il mondo della falegnameria e della lavorazione del legno in Val D\u2019Aosta. In questi giorni gli studenti sono impegnati nella [&hellip;]","og_url":"https:\/\/www.milesi.com\/el\/milesi-talent-al-via-la-verniciaturadei-progetti-in-gara\/","og_site_name":"Milesi","article_publisher":"https:\/\/www.facebook.com\/MilesiVernici","article_published_time":"2023-05-18T09:59:06+00:00","article_modified_time":"2025-04-24T13:07:41+00:00","og_image":[{"width":901,"height":1600,"url":"https:\/\/www.milesi.com\/wp-content\/uploads\/2023\/05\/IMG-20230426-WA0016.jpg","type":"image\/jpeg"}],"author":"User","twitter_card":"summary_large_image","twitter_misc":{"\u03a3\u03c5\u03bd\u03c4\u03ac\u03c7\u03b8\u03b7\u03ba\u03b5 \u03b1\u03c0\u03cc":"User","\u0395\u03ba\u03c4\u03b9\u03bc\u03ce\u03bc\u03b5\u03bd\u03bf\u03c2 \u03c7\u03c1\u03cc\u03bd\u03bf\u03c2 \u03b1\u03bd\u03ac\u03b3\u03bd\u03c9\u03c3\u03b7\u03c2":"2 \u03bb\u03b5\u03c0\u03c4\u03ac"},"schema":{"@context":"https:\/\/schema.org","@graph":[{"@type":"Article","@id":"https:\/\/www.milesi.com\/el\/milesi-talent-al-via-la-verniciaturadei-progetti-in-gara\/#article","isPartOf":{"@id":"https:\/\/www.milesi.com\/el\/milesi-talent-al-via-la-verniciaturadei-progetti-in-gara\/"},"author":{"name":"User","@id":"https:\/\/www.milesi.com\/el\/#\/schema\/person\/efe9c5f0d5dc8ecccf853a392e5aacdd"},"headline":"MILESI TALENT:\u00a0AL VIA LA VERNICIATURADEI PROGETTI IN GARA","datePublished":"2023-05-18T09:59:06+00:00","dateModified":"2025-04-24T13:07:41+00:00","mainEntityOfPage":{"@id":"https:\/\/www.milesi.com\/el\/milesi-talent-al-via-la-verniciaturadei-progetti-in-gara\/"},"wordCount":183,"publisher":{"@id":"https:\/\/www.milesi.com\/el\/#organization"},"image":{"@id":"https:\/\/www.milesi.com\/el\/milesi-talent-al-via-la-verniciaturadei-progetti-in-gara\/#primaryimage"},"thumbnailUrl":"https:\/\/www.milesi.com\/wp-content\/uploads\/2023\/05\/IMG-20230426-WA0016.jpg","keywords":["Don Bosco Chatillon","Mielsi per la formazione","Milesi talent","Utensileria Pellegrinelli Aosta","vernici per legno"],"articleSection":["News"],"inLanguage":"el"},{"@type":"WebPage","@id":"https:\/\/www.milesi.com\/el\/milesi-talent-al-via-la-verniciaturadei-progetti-in-gara\/","url":"https:\/\/www.milesi.com\/el\/milesi-talent-al-via-la-verniciaturadei-progetti-in-gara\/","name":"MILESI TALENT:\u00a0AL VIA LA VERNICIATURADEI PROGETTI IN GARA - Milesi","isPartOf":{"@id":"https:\/\/www.milesi.com\/el\/#website"},"primaryImageOfPage":{"@id":"https:\/\/www.milesi.com\/el\/milesi-talent-al-via-la-verniciaturadei-progetti-in-gara\/#primaryimage"},"image":{"@id":"https:\/\/www.milesi.com\/el\/milesi-talent-al-via-la-verniciaturadei-progetti-in-gara\/#primaryimage"},"thumbnailUrl":"https:\/\/www.milesi.com\/wp-content\/uploads\/2023\/05\/IMG-20230426-WA0016.jpg","datePublished":"2023-05-18T09:59:06+00:00","dateModified":"2025-04-24T13:07:41+00:00","breadcrumb":{"@id":"https:\/\/www.milesi.com\/el\/milesi-talent-al-via-la-verniciaturadei-progetti-in-gara\/#breadcrumb"},"inLanguage":"el","potentialAction":[{"@type":"ReadAction","target":["https:\/\/www.milesi.com\/el\/milesi-talent-al-via-la-verniciaturadei-progetti-in-gara\/"]}]},{"@type":"ImageObject","inLanguage":"el","@id":"https:\/\/www.milesi.com\/el\/milesi-talent-al-via-la-verniciaturadei-progetti-in-gara\/#primaryimage","url":"https:\/\/www.milesi.com\/wp-content\/uploads\/2023\/05\/IMG-20230426-WA0016.jpg","contentUrl":"https:\/\/www.milesi.com\/wp-content\/uploads\/2023\/05\/IMG-20230426-WA0016.jpg","width":901,"height":1600},{"@type":"BreadcrumbList","@id":"https:\/\/www.milesi.com\/el\/milesi-talent-al-via-la-verniciaturadei-progetti-in-gara\/#breadcrumb","itemListElement":[{"@type":"ListItem","position":1,"name":"Milesi - \u0395\u03c0\u03b9\u03c3\u03c4\u03c1\u03ce\u03c3\u03b5\u03b9\u03c2 \u03be\u03cd\u03bb\u03bf\u03c5","item":"https:\/\/www.milesi.com\/el\/"},{"@type":"ListItem","position":2,"name":"MILESI TALENT:\u00a0AL VIA LA VERNICIATURADEI PROGETTI IN GARA"}]},{"@type":"WebSite","@id":"https:\/\/www.milesi.com\/el\/#website","url":"https:\/\/www.milesi.com\/el\/","name":"Milesi Vernici per il legno","description":"Wood coatings","publisher":{"@id":"https:\/\/www.milesi.com\/el\/#organization"},"alternateName":"Milesi","potentialAction":[{"@type":"SearchAction","target":{"@type":"EntryPoint","urlTemplate":"https:\/\/www.milesi.com\/el\/?s={search_term_string}"},"query-input":{"@type":"PropertyValueSpecification","valueRequired":true,"valueName":"search_term_string"}}],"inLanguage":"el"},{"@type":"Organization","@id":"https:\/\/www.milesi.com\/el\/#organization","name":"Milesi Vernici","alternateName":"Milesi","url":"https:\/\/www.milesi.com\/el\/","logo":{"@type":"ImageObject","inLanguage":"el","@id":"https:\/\/www.milesi.com\/el\/#\/schema\/logo\/image\/","url":"https:\/\/www.milesi.com\/wp-content\/uploads\/2022\/12\/milesi-web.png","contentUrl":"https:\/\/www.milesi.com\/wp-content\/uploads\/2022\/12\/milesi-web.png","width":100,"height":101,"caption":"Milesi Vernici"},"image":{"@id":"https:\/\/www.milesi.com\/el\/#\/schema\/logo\/image\/"},"sameAs":["https:\/\/www.facebook.com\/MilesiVernici","https:\/\/www.youtube.com\/channel\/UCgULN6yzPgE9usmMi3CP5hQ","https:\/\/www.instagram.com\/milesiverniciperlegno\/","https:\/\/vimeo.com\/user117001108","https:\/\/www.linkedin.com\/company\/milesiwoodcoatings\/"]},{"@type":"Person","@id":"https:\/\/www.milesi.com\/el\/#\/schema\/person\/efe9c5f0d5dc8ecccf853a392e5aacdd","name":"User"}]}},"_links":{"self":[{"href":"https:\/\/www.milesi.com\/el\/wp-json\/wp\/v2\/posts\/23586","targetHints":{"allow":["GET"]}}],"collection":[{"href":"https:\/\/www.milesi.com\/el\/wp-json\/wp\/v2\/posts"}],"about":[{"href":"https:\/\/www.milesi.com\/el\/wp-json\/wp\/v2\/types\/post"}],"author":[{"embeddable":true,"href":"https:\/\/www.milesi.com\/el\/wp-json\/wp\/v2\/users\/5"}],"replies":[{"embeddable":true,"href":"https:\/\/www.milesi.com\/el\/wp-json\/wp\/v2\/comments?post=23586"}],"version-history":[{"count":7,"href":"https:\/\/www.milesi.com\/el\/wp-json\/wp\/v2\/posts\/23586\/revisions"}],"predecessor-version":[{"id":27260,"href":"https:\/\/www.milesi.com\/el\/wp-json\/wp\/v2\/posts\/23586\/revisions\/27260"}],"wp:featuredmedia":[{"embeddable":true,"href":"https:\/\/www.milesi.com\/el\/wp-json\/wp\/v2\/media\/23589"}],"wp:attachment":[{"href":"https:\/\/www.milesi.com\/el\/wp-json\/wp\/v2\/media?parent=23586"}],"wp:term":[{"taxonomy":"category","embeddable":true,"href":"https:\/\/www.milesi.com\/el\/wp-json\/wp\/v2\/categories?post=23586"},{"taxonomy":"post_tag","embeddable":true,"href":"https:\/\/www.milesi.com\/el\/wp-json\/wp\/v2\/tags?post=23586"}],"curies":[{"name":"wp","href":"https:\/\/api.w.org\/{rel}","templated":true}]}}