{"id":25160,"date":"2023-10-27T17:26:03","date_gmt":"2023-10-27T15:26:03","guid":{"rendered":"https:\/\/www.milesi.com\/?p=25160"},"modified":"2025-04-17T21:34:56","modified_gmt":"2025-04-17T19:34:56","slug":"milesi-people-materiadesign","status":"publish","type":"post","link":"https:\/\/www.milesi.com\/en\/milesi-people-materiadesign\/","title":{"rendered":"MILESI PEOPLE \u2013 MATERIADESIGN"},"content":{"rendered":"\n<hr class=\"wp-block-separator has-alpha-channel-opacity\"\/>\n\n\n\n<p class=\"has-text-align-center has-black-color has-text-color\" style=\"font-size:28px\"><strong><strong>ALTA TECNOLOGIA APPLICATA<\/strong><br><strong>ALLA FALEGNAMERIA E<\/strong>  <strong>FINITURE PERSONALIZZATE<\/strong><br><strong>PER ARREDI CUSTOM&nbsp;<\/strong><\/strong><br><\/p>\n\n\n\n<figure class=\"wp-block-image aligncenter size-full\"><img loading=\"lazy\" decoding=\"async\" width=\"565\" height=\"296\" src=\"https:\/\/www.milesi.com\/wp-content\/uploads\/2023\/10\/image.png\" alt=\"\" class=\"wp-image-25161\" srcset=\"https:\/\/www.milesi.com\/wp-content\/uploads\/2023\/10\/image.png 565w, https:\/\/www.milesi.com\/wp-content\/uploads\/2023\/10\/image-480x251.png 480w\" sizes=\"(min-width: 0px) and (max-width: 480px) 480px, (min-width: 481px) 565px, 100vw\" \/><\/figure>\n\n\n\n<figure class=\"wp-block-table aligncenter\"><table><tbody><tr><td class=\"has-text-align-center\" data-align=\"center\">La capacit\u00e0 di<strong> Milesi<\/strong> di dialogare con il mondo del progetto per trovare soluzioni sempre nuove e sorprendenti diventa fondamentale nella collaborazione con realt\u00e0 come <strong>Materiadesign<\/strong> &#8211; azienda familiare con sede a Torino &#8211; specializzata in Design Furniture, piccole produzioni di complementi d\u2019arredo e minicontract per soddisfare le richieste di arredi di qualit\u00e0 per il mondo dell&#8217;Abitare&nbsp;ed imbarcazioni di lusso.<br><br><strong>Materiadesign<\/strong> nasce nel 1962 come piccola realt\u00e0 artigiana nel centro di Torino: oggi \u00e8 giunta alla terza generazione e si \u00e8 evoluta in un brand dedicato alla qualit\u00e0, alla forma, alla sperimentazione continua, all\u2019interconnessione obbligata con la funzionalit\u00e0.<br><br><em>\u201cLe finiture sono una parte essenziale degli arredi che realizziamo<\/em> \u2013 spiega Alessandro Oliver Tomasuolo, uno dei soci di <strong>Materiadesign<\/strong> \u2013 <em>Abbiamo selezionato le vernici Milesi, che utilizziamo ormai da oltre vent\u2019anni, proprio per l\u2019altissima qualit\u00e0 che ci sanno garantire<\/em>\u201d.<br>&nbsp;<br>Guarda la video intervista:&nbsp;<\/td><\/tr><\/tbody><\/table><\/figure>\n\n\n\n<figure class=\"wp-block-image aligncenter size-full\"><a href=\"https:\/\/youtu.be\/miFGB8KxsYo\"><img loading=\"lazy\" decoding=\"async\" width=\"48\" height=\"48\" src=\"https:\/\/www.milesi.com\/wp-content\/uploads\/2021\/02\/YT.png\" alt=\"\" class=\"wp-image-12544\" srcset=\"https:\/\/www.milesi.com\/wp-content\/uploads\/2021\/02\/YT.png 48w, https:\/\/www.milesi.com\/wp-content\/uploads\/2021\/02\/YT-24x24.png 24w, https:\/\/www.milesi.com\/wp-content\/uploads\/2021\/02\/YT-36x36.png 36w\" sizes=\"(max-width: 48px) 100vw, 48px\" \/><\/a><\/figure>\n\n\n\n<p><\/p>\n\n\n\n<p class=\"has-text-align-left has-small-font-size\">25 Ottobre  2023<\/p>\n\n\n<div class=\"yoast-breadcrumbs\"><span><span><a href=\"https:\/\/www.milesi.com\/en\/\">Milesi &#8211; Wood coatings<\/a><\/span> \u00bb <span class=\"breadcrumb_last\" aria-current=\"page\">MILESI PEOPLE \u2013 MATERIADESIGN<\/span><\/span><\/div>","protected":false},"excerpt":{"rendered":"<p>ALTA TECNOLOGIA APPLICATAALLA FALEGNAMERIA E FINITURE PERSONALIZZATEPER ARREDI CUSTOM&nbsp; La capacit\u00e0 di Milesi di dialogare con il mondo del progetto per trovare soluzioni sempre nuove e sorprendenti diventa fondamentale nella collaborazione con realt\u00e0 come Materiadesign &#8211; azienda familiare con sede a Torino &#8211; specializzata in Design Furniture, piccole produzioni di complementi d\u2019arredo e minicontract per [&hellip;]<\/p>\n","protected":false},"author":5,"featured_media":25170,"comment_status":"closed","ping_status":"closed","sticky":false,"template":"","format":"standard","meta":{"_et_pb_use_builder":"","_et_pb_old_content":"","_et_gb_content_width":"","footnotes":""},"categories":[79],"tags":[1268,1267,1003,1005,1014],"class_list":["post-25160","post","type-post","status-publish","format-standard","has-post-thumbnail","hentry","category-notizie","tag-design-furniture","tag-materia-design","tag-milesi-vernici-per-legno","tag-milesi-wood-coatings","tag-vernici-per-legno"],"yoast_head":"<!-- This site is optimized with the Yoast SEO plugin v27.3 - https:\/\/yoast.com\/product\/yoast-seo-wordpress\/ -->\n<title>MILESI PEOPLE \u2013 MATERIADESIGN - Milesi<\/title>\n<meta name=\"robots\" content=\"noindex, follow\" \/>\n<meta property=\"og:locale\" content=\"en_US\" \/>\n<meta property=\"og:type\" content=\"article\" \/>\n<meta property=\"og:title\" content=\"MILESI PEOPLE \u2013 MATERIADESIGN - Milesi\" \/>\n<meta property=\"og:description\" content=\"ALTA TECNOLOGIA APPLICATAALLA FALEGNAMERIA E FINITURE PERSONALIZZATEPER ARREDI CUSTOM&nbsp; La capacit\u00e0 di Milesi di dialogare con il mondo del progetto per trovare soluzioni sempre nuove e sorprendenti diventa fondamentale nella collaborazione con realt\u00e0 come Materiadesign &#8211; azienda familiare con sede a Torino &#8211; specializzata in Design Furniture, piccole produzioni di complementi d\u2019arredo e minicontract per [&hellip;]\" \/>\n<meta property=\"og:url\" content=\"https:\/\/www.milesi.com\/en\/milesi-people-materiadesign\/\" \/>\n<meta property=\"og:site_name\" content=\"Milesi\" \/>\n<meta property=\"article:publisher\" content=\"https:\/\/www.facebook.com\/MilesiVernici\" \/>\n<meta property=\"article:published_time\" content=\"2023-10-27T15:26:03+00:00\" \/>\n<meta property=\"article:modified_time\" content=\"2025-04-17T19:34:56+00:00\" \/>\n<meta property=\"og:image\" content=\"https:\/\/www.milesi.com\/wp-content\/uploads\/2023\/10\/MD.png\" \/>\n\t<meta property=\"og:image:width\" content=\"305\" \/>\n\t<meta property=\"og:image:height\" content=\"294\" \/>\n\t<meta property=\"og:image:type\" content=\"image\/png\" \/>\n<meta name=\"author\" content=\"User\" \/>\n<meta name=\"twitter:card\" content=\"summary_large_image\" \/>\n<meta name=\"twitter:label1\" content=\"Written by\" \/>\n\t<meta name=\"twitter:data1\" content=\"User\" \/>\n\t<meta name=\"twitter:label2\" content=\"Est. reading time\" \/>\n\t<meta name=\"twitter:data2\" content=\"2 minutes\" \/>\n<script type=\"application\/ld+json\" class=\"yoast-schema-graph\">{\"@context\":\"https:\\\/\\\/schema.org\",\"@graph\":[{\"@type\":\"Article\",\"@id\":\"https:\\\/\\\/www.milesi.com\\\/en\\\/milesi-people-materiadesign\\\/#article\",\"isPartOf\":{\"@id\":\"https:\\\/\\\/www.milesi.com\\\/en\\\/milesi-people-materiadesign\\\/\"},\"author\":{\"name\":\"User\",\"@id\":\"https:\\\/\\\/www.milesi.com\\\/en\\\/#\\\/schema\\\/person\\\/efe9c5f0d5dc8ecccf853a392e5aacdd\"},\"headline\":\"MILESI PEOPLE \u2013 MATERIADESIGN\",\"datePublished\":\"2023-10-27T15:26:03+00:00\",\"dateModified\":\"2025-04-17T19:34:56+00:00\",\"mainEntityOfPage\":{\"@id\":\"https:\\\/\\\/www.milesi.com\\\/en\\\/milesi-people-materiadesign\\\/\"},\"wordCount\":162,\"publisher\":{\"@id\":\"https:\\\/\\\/www.milesi.com\\\/en\\\/#organization\"},\"image\":{\"@id\":\"https:\\\/\\\/www.milesi.com\\\/en\\\/milesi-people-materiadesign\\\/#primaryimage\"},\"thumbnailUrl\":\"https:\\\/\\\/www.milesi.com\\\/wp-content\\\/uploads\\\/2023\\\/10\\\/MD.png\",\"keywords\":[\"Design Furniture\",\"materia design\",\"milesi vernici per legno\",\"Milesi Wood Coatings\",\"vernici per legno\"],\"articleSection\":[\"News\"],\"inLanguage\":\"en-US\"},{\"@type\":\"WebPage\",\"@id\":\"https:\\\/\\\/www.milesi.com\\\/en\\\/milesi-people-materiadesign\\\/\",\"url\":\"https:\\\/\\\/www.milesi.com\\\/en\\\/milesi-people-materiadesign\\\/\",\"name\":\"MILESI PEOPLE \u2013 MATERIADESIGN - Milesi\",\"isPartOf\":{\"@id\":\"https:\\\/\\\/www.milesi.com\\\/en\\\/#website\"},\"primaryImageOfPage\":{\"@id\":\"https:\\\/\\\/www.milesi.com\\\/en\\\/milesi-people-materiadesign\\\/#primaryimage\"},\"image\":{\"@id\":\"https:\\\/\\\/www.milesi.com\\\/en\\\/milesi-people-materiadesign\\\/#primaryimage\"},\"thumbnailUrl\":\"https:\\\/\\\/www.milesi.com\\\/wp-content\\\/uploads\\\/2023\\\/10\\\/MD.png\",\"datePublished\":\"2023-10-27T15:26:03+00:00\",\"dateModified\":\"2025-04-17T19:34:56+00:00\",\"breadcrumb\":{\"@id\":\"https:\\\/\\\/www.milesi.com\\\/en\\\/milesi-people-materiadesign\\\/#breadcrumb\"},\"inLanguage\":\"en-US\",\"potentialAction\":[{\"@type\":\"ReadAction\",\"target\":[\"https:\\\/\\\/www.milesi.com\\\/en\\\/milesi-people-materiadesign\\\/\"]}]},{\"@type\":\"ImageObject\",\"inLanguage\":\"en-US\",\"@id\":\"https:\\\/\\\/www.milesi.com\\\/en\\\/milesi-people-materiadesign\\\/#primaryimage\",\"url\":\"https:\\\/\\\/www.milesi.com\\\/wp-content\\\/uploads\\\/2023\\\/10\\\/MD.png\",\"contentUrl\":\"https:\\\/\\\/www.milesi.com\\\/wp-content\\\/uploads\\\/2023\\\/10\\\/MD.png\",\"width\":305,\"height\":294},{\"@type\":\"BreadcrumbList\",\"@id\":\"https:\\\/\\\/www.milesi.com\\\/en\\\/milesi-people-materiadesign\\\/#breadcrumb\",\"itemListElement\":[{\"@type\":\"ListItem\",\"position\":1,\"name\":\"Milesi - Wood coatings\",\"item\":\"https:\\\/\\\/www.milesi.com\\\/en\\\/\"},{\"@type\":\"ListItem\",\"position\":2,\"name\":\"MILESI PEOPLE \u2013 MATERIADESIGN\"}]},{\"@type\":\"WebSite\",\"@id\":\"https:\\\/\\\/www.milesi.com\\\/en\\\/#website\",\"url\":\"https:\\\/\\\/www.milesi.com\\\/en\\\/\",\"name\":\"Milesi Vernici per il legno\",\"description\":\"Wood coatings\",\"publisher\":{\"@id\":\"https:\\\/\\\/www.milesi.com\\\/en\\\/#organization\"},\"alternateName\":\"Milesi\",\"potentialAction\":[{\"@type\":\"SearchAction\",\"target\":{\"@type\":\"EntryPoint\",\"urlTemplate\":\"https:\\\/\\\/www.milesi.com\\\/en\\\/?s={search_term_string}\"},\"query-input\":{\"@type\":\"PropertyValueSpecification\",\"valueRequired\":true,\"valueName\":\"search_term_string\"}}],\"inLanguage\":\"en-US\"},{\"@type\":\"Organization\",\"@id\":\"https:\\\/\\\/www.milesi.com\\\/en\\\/#organization\",\"name\":\"Milesi Vernici\",\"alternateName\":\"Milesi\",\"url\":\"https:\\\/\\\/www.milesi.com\\\/en\\\/\",\"logo\":{\"@type\":\"ImageObject\",\"inLanguage\":\"en-US\",\"@id\":\"https:\\\/\\\/www.milesi.com\\\/en\\\/#\\\/schema\\\/logo\\\/image\\\/\",\"url\":\"https:\\\/\\\/www.milesi.com\\\/wp-content\\\/uploads\\\/2022\\\/12\\\/milesi-web.png\",\"contentUrl\":\"https:\\\/\\\/www.milesi.com\\\/wp-content\\\/uploads\\\/2022\\\/12\\\/milesi-web.png\",\"width\":100,\"height\":101,\"caption\":\"Milesi Vernici\"},\"image\":{\"@id\":\"https:\\\/\\\/www.milesi.com\\\/en\\\/#\\\/schema\\\/logo\\\/image\\\/\"},\"sameAs\":[\"https:\\\/\\\/www.facebook.com\\\/MilesiVernici\",\"https:\\\/\\\/www.youtube.com\\\/channel\\\/UCgULN6yzPgE9usmMi3CP5hQ\",\"https:\\\/\\\/www.instagram.com\\\/milesiverniciperlegno\\\/\",\"https:\\\/\\\/vimeo.com\\\/user117001108\",\"https:\\\/\\\/www.linkedin.com\\\/company\\\/milesiwoodcoatings\\\/\"]},{\"@type\":\"Person\",\"@id\":\"https:\\\/\\\/www.milesi.com\\\/en\\\/#\\\/schema\\\/person\\\/efe9c5f0d5dc8ecccf853a392e5aacdd\",\"name\":\"User\"}]}<\/script>\n<!-- \/ Yoast SEO plugin. -->","yoast_head_json":{"title":"MILESI PEOPLE \u2013 MATERIADESIGN - Milesi","robots":{"index":"noindex","follow":"follow"},"og_locale":"en_US","og_type":"article","og_title":"MILESI PEOPLE \u2013 MATERIADESIGN - Milesi","og_description":"ALTA TECNOLOGIA APPLICATAALLA FALEGNAMERIA E FINITURE PERSONALIZZATEPER ARREDI CUSTOM&nbsp; La capacit\u00e0 di Milesi di dialogare con il mondo del progetto per trovare soluzioni sempre nuove e sorprendenti diventa fondamentale nella collaborazione con realt\u00e0 come Materiadesign &#8211; azienda familiare con sede a Torino &#8211; specializzata in Design Furniture, piccole produzioni di complementi d\u2019arredo e minicontract per [&hellip;]","og_url":"https:\/\/www.milesi.com\/en\/milesi-people-materiadesign\/","og_site_name":"Milesi","article_publisher":"https:\/\/www.facebook.com\/MilesiVernici","article_published_time":"2023-10-27T15:26:03+00:00","article_modified_time":"2025-04-17T19:34:56+00:00","og_image":[{"width":305,"height":294,"url":"https:\/\/www.milesi.com\/wp-content\/uploads\/2023\/10\/MD.png","type":"image\/png"}],"author":"User","twitter_card":"summary_large_image","twitter_misc":{"Written by":"User","Est. reading time":"2 minutes"},"schema":{"@context":"https:\/\/schema.org","@graph":[{"@type":"Article","@id":"https:\/\/www.milesi.com\/en\/milesi-people-materiadesign\/#article","isPartOf":{"@id":"https:\/\/www.milesi.com\/en\/milesi-people-materiadesign\/"},"author":{"name":"User","@id":"https:\/\/www.milesi.com\/en\/#\/schema\/person\/efe9c5f0d5dc8ecccf853a392e5aacdd"},"headline":"MILESI PEOPLE \u2013 MATERIADESIGN","datePublished":"2023-10-27T15:26:03+00:00","dateModified":"2025-04-17T19:34:56+00:00","mainEntityOfPage":{"@id":"https:\/\/www.milesi.com\/en\/milesi-people-materiadesign\/"},"wordCount":162,"publisher":{"@id":"https:\/\/www.milesi.com\/en\/#organization"},"image":{"@id":"https:\/\/www.milesi.com\/en\/milesi-people-materiadesign\/#primaryimage"},"thumbnailUrl":"https:\/\/www.milesi.com\/wp-content\/uploads\/2023\/10\/MD.png","keywords":["Design Furniture","materia design","milesi vernici per legno","Milesi Wood Coatings","vernici per legno"],"articleSection":["News"],"inLanguage":"en-US"},{"@type":"WebPage","@id":"https:\/\/www.milesi.com\/en\/milesi-people-materiadesign\/","url":"https:\/\/www.milesi.com\/en\/milesi-people-materiadesign\/","name":"MILESI PEOPLE \u2013 MATERIADESIGN - Milesi","isPartOf":{"@id":"https:\/\/www.milesi.com\/en\/#website"},"primaryImageOfPage":{"@id":"https:\/\/www.milesi.com\/en\/milesi-people-materiadesign\/#primaryimage"},"image":{"@id":"https:\/\/www.milesi.com\/en\/milesi-people-materiadesign\/#primaryimage"},"thumbnailUrl":"https:\/\/www.milesi.com\/wp-content\/uploads\/2023\/10\/MD.png","datePublished":"2023-10-27T15:26:03+00:00","dateModified":"2025-04-17T19:34:56+00:00","breadcrumb":{"@id":"https:\/\/www.milesi.com\/en\/milesi-people-materiadesign\/#breadcrumb"},"inLanguage":"en-US","potentialAction":[{"@type":"ReadAction","target":["https:\/\/www.milesi.com\/en\/milesi-people-materiadesign\/"]}]},{"@type":"ImageObject","inLanguage":"en-US","@id":"https:\/\/www.milesi.com\/en\/milesi-people-materiadesign\/#primaryimage","url":"https:\/\/www.milesi.com\/wp-content\/uploads\/2023\/10\/MD.png","contentUrl":"https:\/\/www.milesi.com\/wp-content\/uploads\/2023\/10\/MD.png","width":305,"height":294},{"@type":"BreadcrumbList","@id":"https:\/\/www.milesi.com\/en\/milesi-people-materiadesign\/#breadcrumb","itemListElement":[{"@type":"ListItem","position":1,"name":"Milesi - Wood coatings","item":"https:\/\/www.milesi.com\/en\/"},{"@type":"ListItem","position":2,"name":"MILESI PEOPLE \u2013 MATERIADESIGN"}]},{"@type":"WebSite","@id":"https:\/\/www.milesi.com\/en\/#website","url":"https:\/\/www.milesi.com\/en\/","name":"Milesi Vernici per il legno","description":"Wood coatings","publisher":{"@id":"https:\/\/www.milesi.com\/en\/#organization"},"alternateName":"Milesi","potentialAction":[{"@type":"SearchAction","target":{"@type":"EntryPoint","urlTemplate":"https:\/\/www.milesi.com\/en\/?s={search_term_string}"},"query-input":{"@type":"PropertyValueSpecification","valueRequired":true,"valueName":"search_term_string"}}],"inLanguage":"en-US"},{"@type":"Organization","@id":"https:\/\/www.milesi.com\/en\/#organization","name":"Milesi Vernici","alternateName":"Milesi","url":"https:\/\/www.milesi.com\/en\/","logo":{"@type":"ImageObject","inLanguage":"en-US","@id":"https:\/\/www.milesi.com\/en\/#\/schema\/logo\/image\/","url":"https:\/\/www.milesi.com\/wp-content\/uploads\/2022\/12\/milesi-web.png","contentUrl":"https:\/\/www.milesi.com\/wp-content\/uploads\/2022\/12\/milesi-web.png","width":100,"height":101,"caption":"Milesi Vernici"},"image":{"@id":"https:\/\/www.milesi.com\/en\/#\/schema\/logo\/image\/"},"sameAs":["https:\/\/www.facebook.com\/MilesiVernici","https:\/\/www.youtube.com\/channel\/UCgULN6yzPgE9usmMi3CP5hQ","https:\/\/www.instagram.com\/milesiverniciperlegno\/","https:\/\/vimeo.com\/user117001108","https:\/\/www.linkedin.com\/company\/milesiwoodcoatings\/"]},{"@type":"Person","@id":"https:\/\/www.milesi.com\/en\/#\/schema\/person\/efe9c5f0d5dc8ecccf853a392e5aacdd","name":"User"}]}},"_links":{"self":[{"href":"https:\/\/www.milesi.com\/en\/wp-json\/wp\/v2\/posts\/25160","targetHints":{"allow":["GET"]}}],"collection":[{"href":"https:\/\/www.milesi.com\/en\/wp-json\/wp\/v2\/posts"}],"about":[{"href":"https:\/\/www.milesi.com\/en\/wp-json\/wp\/v2\/types\/post"}],"author":[{"embeddable":true,"href":"https:\/\/www.milesi.com\/en\/wp-json\/wp\/v2\/users\/5"}],"replies":[{"embeddable":true,"href":"https:\/\/www.milesi.com\/en\/wp-json\/wp\/v2\/comments?post=25160"}],"version-history":[{"count":4,"href":"https:\/\/www.milesi.com\/en\/wp-json\/wp\/v2\/posts\/25160\/revisions"}],"predecessor-version":[{"id":26736,"href":"https:\/\/www.milesi.com\/en\/wp-json\/wp\/v2\/posts\/25160\/revisions\/26736"}],"wp:featuredmedia":[{"embeddable":true,"href":"https:\/\/www.milesi.com\/en\/wp-json\/wp\/v2\/media\/25170"}],"wp:attachment":[{"href":"https:\/\/www.milesi.com\/en\/wp-json\/wp\/v2\/media?parent=25160"}],"wp:term":[{"taxonomy":"category","embeddable":true,"href":"https:\/\/www.milesi.com\/en\/wp-json\/wp\/v2\/categories?post=25160"},{"taxonomy":"post_tag","embeddable":true,"href":"https:\/\/www.milesi.com\/en\/wp-json\/wp\/v2\/tags?post=25160"}],"curies":[{"name":"wp","href":"https:\/\/api.w.org\/{rel}","templated":true}]}}