{"id":17674,"date":"2021-12-16T14:11:43","date_gmt":"2021-12-16T13:11:43","guid":{"rendered":"https:\/\/www.milesi.com\/?p=17674"},"modified":"2021-12-16T14:11:43","modified_gmt":"2021-12-16T13:11:43","slug":"milesi-al-fianco-di-davide-oldani-nella-presentazione-di-woo%ea%93%b7","status":"publish","type":"post","link":"https:\/\/www.milesi.com\/es\/milesi-al-fianco-di-davide-oldani-nella-presentazione-di-woo%ea%93%b7\/","title":{"rendered":"MILESI AL FIANCO DI DAVIDE OLDANI NELLA PRESENTAZIONE DI\u00a0WOO\u2019\ua4f7"},"content":{"rendered":"<table style=\"width: 100%; height: 360px;\" width=\"100%\">\n<tbody>\n<tr style=\"height: 360px;\">\n<td style=\"height: 360px;\">\n<table width=\"100%\">\n<tbody>\n<tr>\n<td><img loading=\"lazy\" decoding=\"async\" class=\" wp-image-17675 aligncenter\" src=\"http:\/\/www.milesi.com\/wp-content\/uploads\/2021\/12\/DSC5122-copia-1024x683.jpg\" alt=\"\" width=\"684\" height=\"456\" srcset=\"https:\/\/www.milesi.com\/wp-content\/uploads\/2021\/12\/DSC5122-copia-1024x683.jpg 1024w, https:\/\/www.milesi.com\/wp-content\/uploads\/2021\/12\/DSC5122-copia-300x200.jpg 300w, https:\/\/www.milesi.com\/wp-content\/uploads\/2021\/12\/DSC5122-copia-768x512.jpg 768w, https:\/\/www.milesi.com\/wp-content\/uploads\/2021\/12\/DSC5122-copia-1536x1024.jpg 1536w, https:\/\/www.milesi.com\/wp-content\/uploads\/2021\/12\/DSC5122-copia-2048x1365.jpg 2048w, https:\/\/www.milesi.com\/wp-content\/uploads\/2021\/12\/DSC5122-copia-24x16.jpg 24w, https:\/\/www.milesi.com\/wp-content\/uploads\/2021\/12\/DSC5122-copia-36x24.jpg 36w, https:\/\/www.milesi.com\/wp-content\/uploads\/2021\/12\/DSC5122-copia-256x171.jpg 256w, https:\/\/www.milesi.com\/wp-content\/uploads\/2021\/12\/DSC5122-copia-600x400.jpg 600w\" sizes=\"(max-width: 684px) 100vw, 684px\" \/><\/p>\n<p>&nbsp;<\/p>\n<p><strong>Milesi<\/strong> \u00e8 oggi al fianco dello chef <strong>Davide Oldani<\/strong> nella presentazione della sua nuova collezione per la tavola, che si \u00e8 tenuta negli spazi del <strong>Polo Formativo LegnoArredo<\/strong>.<\/p>\n<p>Nel corso della mattinata \u00e8 stato presentato il progetto <strong>WOO\u2019<\/strong><strong>\ua4f7<\/strong>, la linea di arredi e accessori per la tavola pensati e progettati da Davide Oldani insieme al designer <strong>Attila Veress<\/strong>, realizzati dagli studenti e dai docenti del Polo Formativo LegnoArredo e valorizzati dalle <strong>vernici igienizzanti Green Milesi<\/strong>.<\/p>\n<p><strong>Luigi Mettica<\/strong>, Direttore Filiera Formativa Polo Formativo LegnoArredo, ha accolto i partecipanti in rappresentanza della scuola.<br \/>\nInsieme allo chef e a Veress, sono poi intervenuti <strong>Marco Buttafava<\/strong>, Italy Wood Coatings Director Milesi, e <strong>Mauro Porcini<\/strong>, SVP &amp; Chief Design Officer at PepsiCo, che ha condiviso la sua visione dell\u2019innovazione in quella che ama definire \u201cl\u2019et\u00e0 dell\u2019eccellenza\u201d.<\/p>\n<p>Proprio dall\u2019unione di tre realt\u00e0 eccellenti \u00e8 nato il progetto di questa nuova collezione, che consolida la collaborazione tra Davide Oldani e Milesi.<\/p>\n<p>&nbsp;<\/p>\n<table style=\"border-collapse: collapse; width: 100%;\">\n<tbody>\n<tr>\n<td style=\"width: 33.3333%;\"><img loading=\"lazy\" decoding=\"async\" class=\"alignnone wp-image-17688\" src=\"http:\/\/www.milesi.com\/wp-content\/uploads\/2021\/12\/Oldani2-1024x683.jpg\" alt=\"\" width=\"318\" height=\"212\" srcset=\"https:\/\/www.milesi.com\/wp-content\/uploads\/2021\/12\/Oldani2-1024x683.jpg 1024w, https:\/\/www.milesi.com\/wp-content\/uploads\/2021\/12\/Oldani2-300x200.jpg 300w, https:\/\/www.milesi.com\/wp-content\/uploads\/2021\/12\/Oldani2-768x512.jpg 768w, https:\/\/www.milesi.com\/wp-content\/uploads\/2021\/12\/Oldani2-24x16.jpg 24w, https:\/\/www.milesi.com\/wp-content\/uploads\/2021\/12\/Oldani2-36x24.jpg 36w, https:\/\/www.milesi.com\/wp-content\/uploads\/2021\/12\/Oldani2-256x171.jpg 256w, https:\/\/www.milesi.com\/wp-content\/uploads\/2021\/12\/Oldani2-600x400.jpg 600w, https:\/\/www.milesi.com\/wp-content\/uploads\/2021\/12\/Oldani2.jpg 1200w\" sizes=\"(max-width: 318px) 100vw, 318px\" \/><\/td>\n<td style=\"width: 33.3333%;\"><img loading=\"lazy\" decoding=\"async\" class=\"alignnone wp-image-17688\" src=\"http:\/\/www.milesi.com\/wp-content\/uploads\/2021\/12\/Oldani2-1024x683.jpg\" alt=\"\" width=\"318\" height=\"212\" srcset=\"https:\/\/www.milesi.com\/wp-content\/uploads\/2021\/12\/Oldani2-1024x683.jpg 1024w, https:\/\/www.milesi.com\/wp-content\/uploads\/2021\/12\/Oldani2-300x200.jpg 300w, https:\/\/www.milesi.com\/wp-content\/uploads\/2021\/12\/Oldani2-768x512.jpg 768w, https:\/\/www.milesi.com\/wp-content\/uploads\/2021\/12\/Oldani2-24x16.jpg 24w, https:\/\/www.milesi.com\/wp-content\/uploads\/2021\/12\/Oldani2-36x24.jpg 36w, https:\/\/www.milesi.com\/wp-content\/uploads\/2021\/12\/Oldani2-256x171.jpg 256w, https:\/\/www.milesi.com\/wp-content\/uploads\/2021\/12\/Oldani2-600x400.jpg 600w, https:\/\/www.milesi.com\/wp-content\/uploads\/2021\/12\/Oldani2.jpg 1200w\" sizes=\"(max-width: 318px) 100vw, 318px\" \/><\/td>\n<td style=\"width: 33.3333%;\"><img loading=\"lazy\" decoding=\"async\" class=\"alignnone wp-image-17682\" src=\"http:\/\/www.milesi.com\/wp-content\/uploads\/2021\/12\/Oldani1-1024x683.jpg\" alt=\"\" width=\"319\" height=\"213\" srcset=\"https:\/\/www.milesi.com\/wp-content\/uploads\/2021\/12\/Oldani1-1024x683.jpg 1024w, https:\/\/www.milesi.com\/wp-content\/uploads\/2021\/12\/Oldani1-300x200.jpg 300w, https:\/\/www.milesi.com\/wp-content\/uploads\/2021\/12\/Oldani1-768x512.jpg 768w, https:\/\/www.milesi.com\/wp-content\/uploads\/2021\/12\/Oldani1-24x16.jpg 24w, https:\/\/www.milesi.com\/wp-content\/uploads\/2021\/12\/Oldani1-36x24.jpg 36w, https:\/\/www.milesi.com\/wp-content\/uploads\/2021\/12\/Oldani1-256x171.jpg 256w, https:\/\/www.milesi.com\/wp-content\/uploads\/2021\/12\/Oldani1-600x400.jpg 600w, https:\/\/www.milesi.com\/wp-content\/uploads\/2021\/12\/Oldani1.jpg 1200w\" sizes=\"(max-width: 319px) 100vw, 319px\" \/><\/td>\n<\/tr>\n<\/tbody>\n<\/table>\n<p>&nbsp;<\/p>\n<p style=\"text-align: center;\">\u00a0 \u00a0\u00a0<span style=\"font-size: 10pt;\"><em><strong>Polo Formativo LegnoArredo<\/strong><\/em><\/span><\/p>\n<p><span style=\"font-size: 10pt;\"><em>\u00a0Dal 2013 il Polo Formativo LegnoArredo rappresenta la Scuola formativa di eccellenza che forma gli Operatori del Legno per uno dei pi\u00f9 importanti sistemi produttivi territoriali italiani, la Brianza.<\/em><\/span><\/p>\n<p>&nbsp;<\/p>\n<p><span style=\"font-size: 10pt;\">Dicembre 2021<\/span><\/td>\n<\/tr>\n<tr>\n<td><\/td>\n<\/tr>\n<\/tbody>\n<\/table>\n<\/td>\n<\/tr>\n<\/tbody>\n<\/table>\n","protected":false},"excerpt":{"rendered":"<p>&nbsp; Milesi \u00e8 oggi al fianco dello chef Davide Oldani nella presentazione della sua nuova collezione per la tavola, che si \u00e8 tenuta negli spazi del Polo Formativo LegnoArredo. Nel corso della mattinata \u00e8 stato presentato il progetto WOO\u2019\ua4f7, la linea di arredi e accessori per la tavola pensati e progettati da Davide Oldani insieme [&hellip;]<\/p>\n","protected":false},"author":5,"featured_media":17804,"comment_status":"open","ping_status":"closed","sticky":false,"template":"","format":"standard","meta":{"_et_pb_use_builder":"","_et_pb_old_content":"","_et_gb_content_width":"","footnotes":""},"categories":[79],"tags":[],"class_list":["post-17674","post","type-post","status-publish","format-standard","has-post-thumbnail","hentry","category-notizie"],"yoast_head":"<!-- This site is optimized with the Yoast SEO plugin v27.3 - https:\/\/yoast.com\/product\/yoast-seo-wordpress\/ -->\n<title>MILESI AL FIANCO DI DAVIDE OLDANI NELLA PRESENTAZIONE DI\u00a0WOO\u2019\ua4f7 - Milesi<\/title>\n<meta name=\"robots\" content=\"index, follow, max-snippet:-1, max-image-preview:large, max-video-preview:-1\" \/>\n<link rel=\"canonical\" href=\"https:\/\/www.milesi.com\/es\/milesi-al-fianco-di-davide-oldani-nella-presentazione-di-woo%ea%93%b7\/\" \/>\n<meta property=\"og:locale\" content=\"es_ES\" \/>\n<meta property=\"og:type\" content=\"article\" \/>\n<meta property=\"og:title\" content=\"MILESI AL FIANCO DI DAVIDE OLDANI NELLA PRESENTAZIONE DI\u00a0WOO\u2019\ua4f7 - Milesi\" \/>\n<meta property=\"og:description\" content=\"&nbsp; Milesi \u00e8 oggi al fianco dello chef Davide Oldani nella presentazione della sua nuova collezione per la tavola, che si \u00e8 tenuta negli spazi del Polo Formativo LegnoArredo. Nel corso della mattinata \u00e8 stato presentato il progetto WOO\u2019\ua4f7, la linea di arredi e accessori per la tavola pensati e progettati da Davide Oldani insieme [&hellip;]\" \/>\n<meta property=\"og:url\" content=\"https:\/\/www.milesi.com\/es\/milesi-al-fianco-di-davide-oldani-nella-presentazione-di-woo%ea%93%b7\/\" \/>\n<meta property=\"og:site_name\" content=\"Milesi\" \/>\n<meta property=\"article:publisher\" content=\"https:\/\/www.facebook.com\/MilesiVernici\" \/>\n<meta property=\"article:published_time\" content=\"2021-12-16T13:11:43+00:00\" \/>\n<meta property=\"og:image\" content=\"https:\/\/www.milesi.com\/wp-content\/uploads\/2021\/12\/Kookoo_oldani.jpg\" \/>\n\t<meta property=\"og:image:width\" content=\"598\" \/>\n\t<meta property=\"og:image:height\" content=\"598\" \/>\n\t<meta property=\"og:image:type\" content=\"image\/jpeg\" \/>\n<meta name=\"author\" content=\"User\" \/>\n<meta name=\"twitter:card\" content=\"summary_large_image\" \/>\n<meta name=\"twitter:label1\" content=\"Escrito por\" \/>\n\t<meta name=\"twitter:data1\" content=\"User\" \/>\n\t<meta name=\"twitter:label2\" content=\"Tiempo de lectura\" \/>\n\t<meta name=\"twitter:data2\" content=\"2 minutes\" \/>\n<script type=\"application\/ld+json\" class=\"yoast-schema-graph\">{\"@context\":\"https:\\\/\\\/schema.org\",\"@graph\":[{\"@type\":\"Article\",\"@id\":\"https:\\\/\\\/www.milesi.com\\\/es\\\/milesi-al-fianco-di-davide-oldani-nella-presentazione-di-woo%ea%93%b7\\\/#article\",\"isPartOf\":{\"@id\":\"https:\\\/\\\/www.milesi.com\\\/es\\\/milesi-al-fianco-di-davide-oldani-nella-presentazione-di-woo%ea%93%b7\\\/\"},\"author\":{\"name\":\"User\",\"@id\":\"https:\\\/\\\/www.milesi.com\\\/es\\\/#\\\/schema\\\/person\\\/efe9c5f0d5dc8ecccf853a392e5aacdd\"},\"headline\":\"MILESI AL FIANCO DI DAVIDE OLDANI NELLA PRESENTAZIONE DI\u00a0WOO\u2019\ua4f7\",\"datePublished\":\"2021-12-16T13:11:43+00:00\",\"mainEntityOfPage\":{\"@id\":\"https:\\\/\\\/www.milesi.com\\\/es\\\/milesi-al-fianco-di-davide-oldani-nella-presentazione-di-woo%ea%93%b7\\\/\"},\"wordCount\":200,\"commentCount\":0,\"publisher\":{\"@id\":\"https:\\\/\\\/www.milesi.com\\\/es\\\/#organization\"},\"image\":{\"@id\":\"https:\\\/\\\/www.milesi.com\\\/es\\\/milesi-al-fianco-di-davide-oldani-nella-presentazione-di-woo%ea%93%b7\\\/#primaryimage\"},\"thumbnailUrl\":\"https:\\\/\\\/www.milesi.com\\\/wp-content\\\/uploads\\\/2021\\\/12\\\/Kookoo_oldani.jpg\",\"articleSection\":[\"News\"],\"inLanguage\":\"es-ES\",\"potentialAction\":[{\"@type\":\"CommentAction\",\"name\":\"Comment\",\"target\":[\"https:\\\/\\\/www.milesi.com\\\/es\\\/milesi-al-fianco-di-davide-oldani-nella-presentazione-di-woo%ea%93%b7\\\/#respond\"]}]},{\"@type\":\"WebPage\",\"@id\":\"https:\\\/\\\/www.milesi.com\\\/es\\\/milesi-al-fianco-di-davide-oldani-nella-presentazione-di-woo%ea%93%b7\\\/\",\"url\":\"https:\\\/\\\/www.milesi.com\\\/es\\\/milesi-al-fianco-di-davide-oldani-nella-presentazione-di-woo%ea%93%b7\\\/\",\"name\":\"MILESI AL FIANCO DI DAVIDE OLDANI NELLA PRESENTAZIONE DI\u00a0WOO\u2019\ua4f7 - Milesi\",\"isPartOf\":{\"@id\":\"https:\\\/\\\/www.milesi.com\\\/es\\\/#website\"},\"primaryImageOfPage\":{\"@id\":\"https:\\\/\\\/www.milesi.com\\\/es\\\/milesi-al-fianco-di-davide-oldani-nella-presentazione-di-woo%ea%93%b7\\\/#primaryimage\"},\"image\":{\"@id\":\"https:\\\/\\\/www.milesi.com\\\/es\\\/milesi-al-fianco-di-davide-oldani-nella-presentazione-di-woo%ea%93%b7\\\/#primaryimage\"},\"thumbnailUrl\":\"https:\\\/\\\/www.milesi.com\\\/wp-content\\\/uploads\\\/2021\\\/12\\\/Kookoo_oldani.jpg\",\"datePublished\":\"2021-12-16T13:11:43+00:00\",\"breadcrumb\":{\"@id\":\"https:\\\/\\\/www.milesi.com\\\/es\\\/milesi-al-fianco-di-davide-oldani-nella-presentazione-di-woo%ea%93%b7\\\/#breadcrumb\"},\"inLanguage\":\"es-ES\",\"potentialAction\":[{\"@type\":\"ReadAction\",\"target\":[\"https:\\\/\\\/www.milesi.com\\\/es\\\/milesi-al-fianco-di-davide-oldani-nella-presentazione-di-woo%ea%93%b7\\\/\"]}]},{\"@type\":\"ImageObject\",\"inLanguage\":\"es-ES\",\"@id\":\"https:\\\/\\\/www.milesi.com\\\/es\\\/milesi-al-fianco-di-davide-oldani-nella-presentazione-di-woo%ea%93%b7\\\/#primaryimage\",\"url\":\"https:\\\/\\\/www.milesi.com\\\/wp-content\\\/uploads\\\/2021\\\/12\\\/Kookoo_oldani.jpg\",\"contentUrl\":\"https:\\\/\\\/www.milesi.com\\\/wp-content\\\/uploads\\\/2021\\\/12\\\/Kookoo_oldani.jpg\",\"width\":598,\"height\":598},{\"@type\":\"BreadcrumbList\",\"@id\":\"https:\\\/\\\/www.milesi.com\\\/es\\\/milesi-al-fianco-di-davide-oldani-nella-presentazione-di-woo%ea%93%b7\\\/#breadcrumb\",\"itemListElement\":[{\"@type\":\"ListItem\",\"position\":1,\"name\":\"Milesi - Barnices para Madera\",\"item\":\"https:\\\/\\\/www.milesi.com\\\/es\\\/\"},{\"@type\":\"ListItem\",\"position\":2,\"name\":\"MILESI AL FIANCO DI DAVIDE OLDANI NELLA PRESENTAZIONE DI\u00a0WOO\u2019\ua4f7\"}]},{\"@type\":\"WebSite\",\"@id\":\"https:\\\/\\\/www.milesi.com\\\/es\\\/#website\",\"url\":\"https:\\\/\\\/www.milesi.com\\\/es\\\/\",\"name\":\"Milesi Vernici per il legno\",\"description\":\"Barnices para Madera\",\"publisher\":{\"@id\":\"https:\\\/\\\/www.milesi.com\\\/es\\\/#organization\"},\"alternateName\":\"Milesi\",\"potentialAction\":[{\"@type\":\"SearchAction\",\"target\":{\"@type\":\"EntryPoint\",\"urlTemplate\":\"https:\\\/\\\/www.milesi.com\\\/es\\\/?s={search_term_string}\"},\"query-input\":{\"@type\":\"PropertyValueSpecification\",\"valueRequired\":true,\"valueName\":\"search_term_string\"}}],\"inLanguage\":\"es-ES\"},{\"@type\":\"Organization\",\"@id\":\"https:\\\/\\\/www.milesi.com\\\/es\\\/#organization\",\"name\":\"Milesi Vernici\",\"alternateName\":\"Milesi\",\"url\":\"https:\\\/\\\/www.milesi.com\\\/es\\\/\",\"logo\":{\"@type\":\"ImageObject\",\"inLanguage\":\"es-ES\",\"@id\":\"https:\\\/\\\/www.milesi.com\\\/es\\\/#\\\/schema\\\/logo\\\/image\\\/\",\"url\":\"https:\\\/\\\/www.milesi.com\\\/wp-content\\\/uploads\\\/2022\\\/12\\\/milesi-web.png\",\"contentUrl\":\"https:\\\/\\\/www.milesi.com\\\/wp-content\\\/uploads\\\/2022\\\/12\\\/milesi-web.png\",\"width\":100,\"height\":101,\"caption\":\"Milesi Vernici\"},\"image\":{\"@id\":\"https:\\\/\\\/www.milesi.com\\\/es\\\/#\\\/schema\\\/logo\\\/image\\\/\"},\"sameAs\":[\"https:\\\/\\\/www.facebook.com\\\/MilesiVernici\",\"https:\\\/\\\/www.youtube.com\\\/channel\\\/UCgULN6yzPgE9usmMi3CP5hQ\",\"https:\\\/\\\/www.instagram.com\\\/milesiverniciperlegno\\\/\",\"https:\\\/\\\/vimeo.com\\\/user117001108\",\"https:\\\/\\\/www.linkedin.com\\\/company\\\/milesiwoodcoatings\\\/\"]},{\"@type\":\"Person\",\"@id\":\"https:\\\/\\\/www.milesi.com\\\/es\\\/#\\\/schema\\\/person\\\/efe9c5f0d5dc8ecccf853a392e5aacdd\",\"name\":\"User\"}]}<\/script>\n<!-- \/ Yoast SEO plugin. -->","yoast_head_json":{"title":"MILESI AL FIANCO DI DAVIDE OLDANI NELLA PRESENTAZIONE DI\u00a0WOO\u2019\ua4f7 - Milesi","robots":{"index":"index","follow":"follow","max-snippet":"max-snippet:-1","max-image-preview":"max-image-preview:large","max-video-preview":"max-video-preview:-1"},"canonical":"https:\/\/www.milesi.com\/es\/milesi-al-fianco-di-davide-oldani-nella-presentazione-di-woo%ea%93%b7\/","og_locale":"es_ES","og_type":"article","og_title":"MILESI AL FIANCO DI DAVIDE OLDANI NELLA PRESENTAZIONE DI\u00a0WOO\u2019\ua4f7 - Milesi","og_description":"&nbsp; Milesi \u00e8 oggi al fianco dello chef Davide Oldani nella presentazione della sua nuova collezione per la tavola, che si \u00e8 tenuta negli spazi del Polo Formativo LegnoArredo. Nel corso della mattinata \u00e8 stato presentato il progetto WOO\u2019\ua4f7, la linea di arredi e accessori per la tavola pensati e progettati da Davide Oldani insieme [&hellip;]","og_url":"https:\/\/www.milesi.com\/es\/milesi-al-fianco-di-davide-oldani-nella-presentazione-di-woo%ea%93%b7\/","og_site_name":"Milesi","article_publisher":"https:\/\/www.facebook.com\/MilesiVernici","article_published_time":"2021-12-16T13:11:43+00:00","og_image":[{"width":598,"height":598,"url":"https:\/\/www.milesi.com\/wp-content\/uploads\/2021\/12\/Kookoo_oldani.jpg","type":"image\/jpeg"}],"author":"User","twitter_card":"summary_large_image","twitter_misc":{"Escrito por":"User","Tiempo de lectura":"2 minutes"},"schema":{"@context":"https:\/\/schema.org","@graph":[{"@type":"Article","@id":"https:\/\/www.milesi.com\/es\/milesi-al-fianco-di-davide-oldani-nella-presentazione-di-woo%ea%93%b7\/#article","isPartOf":{"@id":"https:\/\/www.milesi.com\/es\/milesi-al-fianco-di-davide-oldani-nella-presentazione-di-woo%ea%93%b7\/"},"author":{"name":"User","@id":"https:\/\/www.milesi.com\/es\/#\/schema\/person\/efe9c5f0d5dc8ecccf853a392e5aacdd"},"headline":"MILESI AL FIANCO DI DAVIDE OLDANI NELLA PRESENTAZIONE DI\u00a0WOO\u2019\ua4f7","datePublished":"2021-12-16T13:11:43+00:00","mainEntityOfPage":{"@id":"https:\/\/www.milesi.com\/es\/milesi-al-fianco-di-davide-oldani-nella-presentazione-di-woo%ea%93%b7\/"},"wordCount":200,"commentCount":0,"publisher":{"@id":"https:\/\/www.milesi.com\/es\/#organization"},"image":{"@id":"https:\/\/www.milesi.com\/es\/milesi-al-fianco-di-davide-oldani-nella-presentazione-di-woo%ea%93%b7\/#primaryimage"},"thumbnailUrl":"https:\/\/www.milesi.com\/wp-content\/uploads\/2021\/12\/Kookoo_oldani.jpg","articleSection":["News"],"inLanguage":"es-ES","potentialAction":[{"@type":"CommentAction","name":"Comment","target":["https:\/\/www.milesi.com\/es\/milesi-al-fianco-di-davide-oldani-nella-presentazione-di-woo%ea%93%b7\/#respond"]}]},{"@type":"WebPage","@id":"https:\/\/www.milesi.com\/es\/milesi-al-fianco-di-davide-oldani-nella-presentazione-di-woo%ea%93%b7\/","url":"https:\/\/www.milesi.com\/es\/milesi-al-fianco-di-davide-oldani-nella-presentazione-di-woo%ea%93%b7\/","name":"MILESI AL FIANCO DI DAVIDE OLDANI NELLA PRESENTAZIONE DI\u00a0WOO\u2019\ua4f7 - Milesi","isPartOf":{"@id":"https:\/\/www.milesi.com\/es\/#website"},"primaryImageOfPage":{"@id":"https:\/\/www.milesi.com\/es\/milesi-al-fianco-di-davide-oldani-nella-presentazione-di-woo%ea%93%b7\/#primaryimage"},"image":{"@id":"https:\/\/www.milesi.com\/es\/milesi-al-fianco-di-davide-oldani-nella-presentazione-di-woo%ea%93%b7\/#primaryimage"},"thumbnailUrl":"https:\/\/www.milesi.com\/wp-content\/uploads\/2021\/12\/Kookoo_oldani.jpg","datePublished":"2021-12-16T13:11:43+00:00","breadcrumb":{"@id":"https:\/\/www.milesi.com\/es\/milesi-al-fianco-di-davide-oldani-nella-presentazione-di-woo%ea%93%b7\/#breadcrumb"},"inLanguage":"es-ES","potentialAction":[{"@type":"ReadAction","target":["https:\/\/www.milesi.com\/es\/milesi-al-fianco-di-davide-oldani-nella-presentazione-di-woo%ea%93%b7\/"]}]},{"@type":"ImageObject","inLanguage":"es-ES","@id":"https:\/\/www.milesi.com\/es\/milesi-al-fianco-di-davide-oldani-nella-presentazione-di-woo%ea%93%b7\/#primaryimage","url":"https:\/\/www.milesi.com\/wp-content\/uploads\/2021\/12\/Kookoo_oldani.jpg","contentUrl":"https:\/\/www.milesi.com\/wp-content\/uploads\/2021\/12\/Kookoo_oldani.jpg","width":598,"height":598},{"@type":"BreadcrumbList","@id":"https:\/\/www.milesi.com\/es\/milesi-al-fianco-di-davide-oldani-nella-presentazione-di-woo%ea%93%b7\/#breadcrumb","itemListElement":[{"@type":"ListItem","position":1,"name":"Milesi - Barnices para Madera","item":"https:\/\/www.milesi.com\/es\/"},{"@type":"ListItem","position":2,"name":"MILESI AL FIANCO DI DAVIDE OLDANI NELLA PRESENTAZIONE DI\u00a0WOO\u2019\ua4f7"}]},{"@type":"WebSite","@id":"https:\/\/www.milesi.com\/es\/#website","url":"https:\/\/www.milesi.com\/es\/","name":"Milesi Vernici per il legno","description":"Barnices para Madera","publisher":{"@id":"https:\/\/www.milesi.com\/es\/#organization"},"alternateName":"Milesi","potentialAction":[{"@type":"SearchAction","target":{"@type":"EntryPoint","urlTemplate":"https:\/\/www.milesi.com\/es\/?s={search_term_string}"},"query-input":{"@type":"PropertyValueSpecification","valueRequired":true,"valueName":"search_term_string"}}],"inLanguage":"es-ES"},{"@type":"Organization","@id":"https:\/\/www.milesi.com\/es\/#organization","name":"Milesi Vernici","alternateName":"Milesi","url":"https:\/\/www.milesi.com\/es\/","logo":{"@type":"ImageObject","inLanguage":"es-ES","@id":"https:\/\/www.milesi.com\/es\/#\/schema\/logo\/image\/","url":"https:\/\/www.milesi.com\/wp-content\/uploads\/2022\/12\/milesi-web.png","contentUrl":"https:\/\/www.milesi.com\/wp-content\/uploads\/2022\/12\/milesi-web.png","width":100,"height":101,"caption":"Milesi Vernici"},"image":{"@id":"https:\/\/www.milesi.com\/es\/#\/schema\/logo\/image\/"},"sameAs":["https:\/\/www.facebook.com\/MilesiVernici","https:\/\/www.youtube.com\/channel\/UCgULN6yzPgE9usmMi3CP5hQ","https:\/\/www.instagram.com\/milesiverniciperlegno\/","https:\/\/vimeo.com\/user117001108","https:\/\/www.linkedin.com\/company\/milesiwoodcoatings\/"]},{"@type":"Person","@id":"https:\/\/www.milesi.com\/es\/#\/schema\/person\/efe9c5f0d5dc8ecccf853a392e5aacdd","name":"User"}]}},"_links":{"self":[{"href":"https:\/\/www.milesi.com\/es\/wp-json\/wp\/v2\/posts\/17674","targetHints":{"allow":["GET"]}}],"collection":[{"href":"https:\/\/www.milesi.com\/es\/wp-json\/wp\/v2\/posts"}],"about":[{"href":"https:\/\/www.milesi.com\/es\/wp-json\/wp\/v2\/types\/post"}],"author":[{"embeddable":true,"href":"https:\/\/www.milesi.com\/es\/wp-json\/wp\/v2\/users\/5"}],"replies":[{"embeddable":true,"href":"https:\/\/www.milesi.com\/es\/wp-json\/wp\/v2\/comments?post=17674"}],"version-history":[{"count":0,"href":"https:\/\/www.milesi.com\/es\/wp-json\/wp\/v2\/posts\/17674\/revisions"}],"wp:featuredmedia":[{"embeddable":true,"href":"https:\/\/www.milesi.com\/es\/wp-json\/wp\/v2\/media\/17804"}],"wp:attachment":[{"href":"https:\/\/www.milesi.com\/es\/wp-json\/wp\/v2\/media?parent=17674"}],"wp:term":[{"taxonomy":"category","embeddable":true,"href":"https:\/\/www.milesi.com\/es\/wp-json\/wp\/v2\/categories?post=17674"},{"taxonomy":"post_tag","embeddable":true,"href":"https:\/\/www.milesi.com\/es\/wp-json\/wp\/v2\/tags?post=17674"}],"curies":[{"name":"wp","href":"https:\/\/api.w.org\/{rel}","templated":true}]}}