{"id":6967,"date":"2020-07-20T15:03:22","date_gmt":"2020-07-20T13:03:22","guid":{"rendered":"http:\/\/www.milesi.com\/?p=6967"},"modified":"2025-04-19T10:39:28","modified_gmt":"2025-04-19T08:39:28","slug":"milesi-per-mt-everest-fashion-runway","status":"publish","type":"post","link":"https:\/\/www.milesi.com\/es\/milesi-per-mt-everest-fashion-runway\/","title":{"rendered":"Milesi per Mt Everest Fashion Runway"},"content":{"rendered":"<p><img loading=\"lazy\" decoding=\"async\" class=\"size-full wp-image-6968 aligncenter\" src=\"http:\/\/www.milesi.com\/wp-content\/uploads\/2020\/07\/Milesi-Everest.jpg\" alt=\"\" width=\"300\" height=\"300\" srcset=\"https:\/\/www.milesi.com\/wp-content\/uploads\/2020\/07\/Milesi-Everest.jpg 300w, https:\/\/www.milesi.com\/wp-content\/uploads\/2020\/07\/Milesi-Everest-100x100.jpg 100w, https:\/\/www.milesi.com\/wp-content\/uploads\/2020\/07\/Milesi-Everest-150x150.jpg 150w, https:\/\/www.milesi.com\/wp-content\/uploads\/2020\/07\/Milesi-Everest-24x24.jpg 24w, https:\/\/www.milesi.com\/wp-content\/uploads\/2020\/07\/Milesi-Everest-36x36.jpg 36w, https:\/\/www.milesi.com\/wp-content\/uploads\/2020\/07\/Milesi-Everest-256x256.jpg 256w\" sizes=\"(max-width: 300px) 100vw, 300px\" \/><\/p>\n<p>Kathmandu (Nepal), gennaio 2020 \u2013\u00a0<strong>Milesi<\/strong>, brand del Gruppo IVM fra le pi\u00f9 grandi e importanti multinazionali al mondo nella produzione di vernici per legno, partecipa al\u00a0<strong>Mt Everest Fashion Runway<\/strong>, verniciando, con la sua nuova linea di\u00a0<strong>impregnanti all\u2019acqua<\/strong>\u00a0<strong>per legno specifici per decking,<\/strong><strong>\u00a0<\/strong>la passerella del\u00a0<strong>fashion show ecologico<\/strong>\u00a0pi\u00f9 alto al mondo, a\u00a0<strong>5.643 metri di altezza<\/strong>.<\/p>\n<p>L\u2019esclusivo\u00a0<strong>Mt Everest Fashion Runway<\/strong>, realizzato in collaborazione con\u00a0<strong>Save the Earth<\/strong>, \u00e8 la prima edizione di un evento annuale che si terr\u00e0 ogni anno nello stesso periodo e entrer\u00e0 nel\u00a0<strong>Guinness dei primati<\/strong>\u00a0come il pi\u00f9 alto fashion show mai realizzato.<\/p>\n<p>La sfilata si svolge vicino al campo base dell\u2019Everest,\u00a0<strong>Kala Patthar<\/strong>\u00a0ed \u00e8 realizzata dal\u00a0<strong>brand nepalese Kasa<\/strong>\u00a0per testimoniare concretamente l\u2019impegno ambientale del sistema fashion verso importanti temi come il\u00a0<strong>cambiamento climatico globale<\/strong>\u00a0e la necessit\u00e0 sempre pi\u00f9 urgente di\u00a0<strong>una moda etica e sostenibile<\/strong>. Kasa presenter\u00e0 la sua collezione realizzata in materiali naturali interamente sostenibili e biodegradabili. Al termine della sfilata tutti i capi verranno messi in vendita.<\/p>\n<p>Gli oltre\u00a0<strong>venti modelli<\/strong>\u00a0provenienti da tutto il mondo, l\u2019equipe di\u00a0<strong>fotografi,<\/strong>\u00a0operatori<strong>\u00a0tv<\/strong>, nonch\u00e9 un team di\u00a0<strong>tecnici<\/strong>, responsabili di seguire e garantire che\u00a0<strong>il viaggio rispetti i parametri di base di salvaguardia ambientale<\/strong>, affronter\u00e0 il trekking verso il monte\u00a0<strong>Everest<\/strong>, partendo il 17 gennaio dalla citt\u00e0 nepalese di\u00a0<strong>Lukla<\/strong>, una delle porte di accesso all\u2019Himalaya, per raggiungere\u00a0<strong>Kala Patthar<\/strong>, la magica cornice della sfilata prevista per il 25 gennaio.<\/p>\n<p><strong>Milesi<\/strong>\u00a0ha accolto questa stimolante sfida\u00a0<strong>scegliendo<\/strong>\u00a0per\u00a0<strong>verniciare<\/strong><strong>\u00a0<\/strong>la passerella, appositamente realizzata,\u00a0<strong>l\u2019impregnante<\/strong>\u00a0<strong>all\u2019acqua<\/strong>\u00a0color acero specifico<strong>\u00a0<\/strong>per<strong>\u00a0decking\u00a0<\/strong>e<strong>\u00a0arredi per esterno,\u00a0<\/strong>dall\u2019eccellente resistenza al calpestio\u00a0e\u00a0in grado di sostenere condizioni climatiche veramente proibitive, della\u00a0<strong>Serie XWT510x Color System<\/strong>.<\/p>\n<p>Nel fashion show pi\u00f9 emozionante e scenografico del mondo tutto risponde ai\u00a0<strong>dettami della eco sostenibilit\u00e0<\/strong>: il\u00a0<strong>carbonio<\/strong>\u00a0causato dai voli di raggiungimento del campo base sar\u00e0\u00a0<strong>compensato con un importante progetto di piantumazione<\/strong>.\u00a0 La\u00a0<strong>vernice Milesi<\/strong>\u00a0utilizzata per la passerella in legno, cos\u00ec come tutti\u00a0<strong>gli altri materiali della spedizione<\/strong>, dimostrano che \u00e8\u00a0<strong>possibile adottare comportamenti ambientalmente responsabili e sostenibili<\/strong>, in ogni fase di produzione e realizzazione anche nel mondo della moda.<\/p>\n<p><a href=\"http:\/\/www.milesi.com\/\" target=\"_blank\" rel=\"noopener noreferrer\"><strong>www.milesi.com<\/strong><\/a><strong>\u00a0\u00a0\u00a0\u00a0\u00a0\u00a0\u00a0\u00a0\u00a0\u00a0\u00a0\u00a0<\/strong><span lang=\"EN-US\">\u00a0\u00a0\u00a0\u00a0\u00a0\u00a0\u00a0\u00a0\u00a0\u00a0\u00a0\u00a0\u00a0\u00a0\u00a0\u00a0\u00a0\u00a0\u00a0\u00a0\u00a0\u00a0\u00a0<\/span><\/p>\n<p><span lang=\"EN-US\"><strong>Milesi FB<\/strong>: \u00a0\u00a0\u00a0\u00a0\u00a0\u00a0\u00a0<\/span><a href=\"https:\/\/www.facebook.com\/MilesiVernici\/\">https:\/\/www.facebook.com\/MilesiVernici\/<\/a>\u00a0 &amp;\u00a0\u00a0<a href=\"https:\/\/www.facebook.com\/Milesiwoodcoatings\/\">https:\/\/www.facebook.com\/Milesiwoodcoatings\/<\/a><\/p>\n<p>[slide-anything id=&#8221;6989&#8243;]<\/p>\n<h2><strong>MILESI wood coatings\u00a0partecipa al\u00a0Mt Everest Fashion Runway\u00a0<\/strong><strong>verniciando<\/strong><strong>\u00a0la passerella del fashion show pi\u00f9 alto al mondo con la sua nuova linea di im<\/strong><strong>pregnanti all\u2019acqua per legno specifici per\u00a0<\/strong><strong>decking<\/strong><strong>,<\/strong><strong>\u00a0<\/strong><strong>progettati\u00a0per la protezione di pavimentazioni esterne e mobili<\/strong><\/h2>\n<p><strong>NUOVI IMPREGNANTI ALL\u2019ACQUA PER ESTERNI SPECIFICI PER DECKING<\/strong><\/p>\n<p>La nuova serie di impregnanti all\u2019acqua offre un&#8217;eccellente resistenza al calpestio e allo stesso tempo una protezione senza pari contro gli agenti atmosferici e i raggi UV.<\/p>\n<p>Questi impregnanti sono stati formulati per essere conformi alla norma relativa alla sicurezza dei giocattoli EN71\/3. Possono essere applicati in due o tre mani e non necessitano di finitura. Sono resistenti ai liquidi freddi, ai raggi UV e inibiscono l&#8217;accumulo di sporco.<\/p>\n<p>L&#8217;essiccazione avviene entro 24-48 ore dall&#8217;applicazione e la manutenzione pu\u00f2 essere eseguita utilizzando gli stessi prodotti, senza carteggiatura.<\/p>\n<p>&nbsp;<\/p>\n<p><strong>Serie XWT510x \u2013 Color System<\/strong><\/p>\n<p>\u00c8 la linea di impregnanti all\u2019acqua mordenzati in tutti i colori desiderati per decking ed arredi per esterno dall\u2019ottima resistenza al calpestio.<img loading=\"lazy\" decoding=\"async\" class=\" wp-image-3139 alignright\" src=\"http:\/\/www.milesi.com\/wp-content\/uploads\/2019\/08\/vernici-per-esterno-deccking-300x198.jpg\" alt=\"\" width=\"455\" height=\"300\" srcset=\"https:\/\/www.milesi.com\/wp-content\/uploads\/2019\/08\/vernici-per-esterno-deccking-300x198.jpg 300w, https:\/\/www.milesi.com\/wp-content\/uploads\/2019\/08\/vernici-per-esterno-deccking-600x397.jpg 600w, https:\/\/www.milesi.com\/wp-content\/uploads\/2019\/08\/vernici-per-esterno-deccking-1024x677.jpg 1024w, https:\/\/www.milesi.com\/wp-content\/uploads\/2019\/08\/vernici-per-esterno-deccking-768x508.jpg 768w, https:\/\/www.milesi.com\/wp-content\/uploads\/2019\/08\/vernici-per-esterno-deccking-24x16.jpg 24w, https:\/\/www.milesi.com\/wp-content\/uploads\/2019\/08\/vernici-per-esterno-deccking-36x24.jpg 36w, https:\/\/www.milesi.com\/wp-content\/uploads\/2019\/08\/vernici-per-esterno-deccking-256x169.jpg 256w, https:\/\/www.milesi.com\/wp-content\/uploads\/2019\/08\/vernici-per-esterno-deccking.jpg 1288w\" sizes=\"(max-width: 455px) 100vw, 455px\" \/><\/p>\n<p>Si utilizza in cicli a due o tre mani, senza sovrapplicazione di finitura.<\/p>\n<p>Le caratteristiche principali sono:<\/p>\n<ul>\n<li>Eccellente resistenza ai liquidi freddi secondo la normativa UNI EN12720:2013<\/li>\n<li>Buona resistenza allo sporco secondo la normativa UNI9300:2015<\/li>\n<li>Eccellente resistenza al calpestio e agli agenti esterni, UV inclusi<\/li>\n<li>sono ideali per conifere, essenze esotiche e legni termotrattati<\/li>\n<li>possono essere applicati a pennello, rullo manuale e impregnatrice automatica<\/li>\n<li>asciugatura a temperatura ambiente e aria calda.<\/li>\n<\/ul>\n<p>Per maggiori dettagli su questo e altri prodotti Milesi: <a href=\"http:\/\/www.milesi.com\/\" target=\"_blank\" rel=\"noopener noreferrer\">www.milesi.com<\/a><\/p>\n<p>&nbsp;<\/p>\n<p>&nbsp;<\/p>\n<p>&nbsp;<\/p>\n","protected":false},"excerpt":{"rendered":"<p>Kathmandu (Nepal), gennaio 2020 \u2013\u00a0Milesi, brand del Gruppo IVM fra le pi\u00f9 grandi e importanti multinazionali al mondo nella produzione di vernici per legno, partecipa al\u00a0Mt Everest Fashion Runway, verniciando, con la sua nuova linea di\u00a0impregnanti all\u2019acqua\u00a0per legno specifici per decking,\u00a0la passerella del\u00a0fashion show ecologico\u00a0pi\u00f9 alto al mondo, a\u00a05.643 metri di altezza. L\u2019esclusivo\u00a0Mt Everest Fashion [&hellip;]<\/p>\n","protected":false},"author":5,"featured_media":9316,"comment_status":"open","ping_status":"closed","sticky":false,"template":"","format":"standard","meta":{"_et_pb_use_builder":"","_et_pb_old_content":"","_et_gb_content_width":"","footnotes":""},"categories":[79],"tags":[],"class_list":["post-6967","post","type-post","status-publish","format-standard","has-post-thumbnail","hentry","category-notizie"],"yoast_head":"<!-- This site is optimized with the Yoast SEO plugin v27.3 - https:\/\/yoast.com\/product\/yoast-seo-wordpress\/ -->\n<title>Milesi per Mt Everest Fashion Runway - Milesi<\/title>\n<meta name=\"robots\" content=\"noindex, follow\" \/>\n<meta property=\"og:locale\" content=\"es_ES\" \/>\n<meta property=\"og:type\" content=\"article\" \/>\n<meta property=\"og:title\" content=\"Milesi per Mt Everest Fashion Runway - Milesi\" \/>\n<meta property=\"og:description\" content=\"Kathmandu (Nepal), gennaio 2020 \u2013\u00a0Milesi, brand del Gruppo IVM fra le pi\u00f9 grandi e importanti multinazionali al mondo nella produzione di vernici per legno, partecipa al\u00a0Mt Everest Fashion Runway, verniciando, con la sua nuova linea di\u00a0impregnanti all\u2019acqua\u00a0per legno specifici per decking,\u00a0la passerella del\u00a0fashion show ecologico\u00a0pi\u00f9 alto al mondo, a\u00a05.643 metri di altezza. L\u2019esclusivo\u00a0Mt Everest Fashion [&hellip;]\" \/>\n<meta property=\"og:url\" content=\"https:\/\/www.milesi.com\/es\/milesi-per-mt-everest-fashion-runway\/\" \/>\n<meta property=\"og:site_name\" content=\"Milesi\" \/>\n<meta property=\"article:publisher\" content=\"https:\/\/www.facebook.com\/MilesiVernici\" \/>\n<meta property=\"article:published_time\" content=\"2020-07-20T13:03:22+00:00\" \/>\n<meta property=\"article:modified_time\" content=\"2025-04-19T08:39:28+00:00\" \/>\n<meta property=\"og:image\" content=\"https:\/\/www.milesi.com\/wp-content\/uploads\/2020\/07\/EVEREST_SITO_MILESI_QUADRATO_OMBRE.jpg\" \/>\n\t<meta property=\"og:image:width\" content=\"300\" \/>\n\t<meta property=\"og:image:height\" content=\"300\" \/>\n\t<meta property=\"og:image:type\" content=\"image\/jpeg\" \/>\n<meta name=\"author\" content=\"User\" \/>\n<meta name=\"twitter:card\" content=\"summary_large_image\" \/>\n<meta name=\"twitter:label1\" content=\"Escrito por\" \/>\n\t<meta name=\"twitter:data1\" content=\"User\" \/>\n\t<meta name=\"twitter:label2\" content=\"Tiempo de lectura\" \/>\n\t<meta name=\"twitter:data2\" content=\"3 minutes\" \/>\n<script type=\"application\/ld+json\" class=\"yoast-schema-graph\">{\"@context\":\"https:\\\/\\\/schema.org\",\"@graph\":[{\"@type\":\"Article\",\"@id\":\"https:\\\/\\\/www.milesi.com\\\/es\\\/milesi-per-mt-everest-fashion-runway\\\/#article\",\"isPartOf\":{\"@id\":\"https:\\\/\\\/www.milesi.com\\\/es\\\/milesi-per-mt-everest-fashion-runway\\\/\"},\"author\":{\"name\":\"User\",\"@id\":\"https:\\\/\\\/www.milesi.com\\\/es\\\/#\\\/schema\\\/person\\\/efe9c5f0d5dc8ecccf853a392e5aacdd\"},\"headline\":\"Milesi per Mt Everest Fashion Runway\",\"datePublished\":\"2020-07-20T13:03:22+00:00\",\"dateModified\":\"2025-04-19T08:39:28+00:00\",\"mainEntityOfPage\":{\"@id\":\"https:\\\/\\\/www.milesi.com\\\/es\\\/milesi-per-mt-everest-fashion-runway\\\/\"},\"wordCount\":643,\"commentCount\":0,\"publisher\":{\"@id\":\"https:\\\/\\\/www.milesi.com\\\/es\\\/#organization\"},\"image\":{\"@id\":\"https:\\\/\\\/www.milesi.com\\\/es\\\/milesi-per-mt-everest-fashion-runway\\\/#primaryimage\"},\"thumbnailUrl\":\"https:\\\/\\\/www.milesi.com\\\/wp-content\\\/uploads\\\/2020\\\/07\\\/EVEREST_SITO_MILESI_QUADRATO_OMBRE.jpg\",\"articleSection\":[\"News\"],\"inLanguage\":\"es-ES\",\"potentialAction\":[{\"@type\":\"CommentAction\",\"name\":\"Comment\",\"target\":[\"https:\\\/\\\/www.milesi.com\\\/es\\\/milesi-per-mt-everest-fashion-runway\\\/#respond\"]}]},{\"@type\":\"WebPage\",\"@id\":\"https:\\\/\\\/www.milesi.com\\\/es\\\/milesi-per-mt-everest-fashion-runway\\\/\",\"url\":\"https:\\\/\\\/www.milesi.com\\\/es\\\/milesi-per-mt-everest-fashion-runway\\\/\",\"name\":\"Milesi per Mt Everest Fashion Runway - Milesi\",\"isPartOf\":{\"@id\":\"https:\\\/\\\/www.milesi.com\\\/es\\\/#website\"},\"primaryImageOfPage\":{\"@id\":\"https:\\\/\\\/www.milesi.com\\\/es\\\/milesi-per-mt-everest-fashion-runway\\\/#primaryimage\"},\"image\":{\"@id\":\"https:\\\/\\\/www.milesi.com\\\/es\\\/milesi-per-mt-everest-fashion-runway\\\/#primaryimage\"},\"thumbnailUrl\":\"https:\\\/\\\/www.milesi.com\\\/wp-content\\\/uploads\\\/2020\\\/07\\\/EVEREST_SITO_MILESI_QUADRATO_OMBRE.jpg\",\"datePublished\":\"2020-07-20T13:03:22+00:00\",\"dateModified\":\"2025-04-19T08:39:28+00:00\",\"breadcrumb\":{\"@id\":\"https:\\\/\\\/www.milesi.com\\\/es\\\/milesi-per-mt-everest-fashion-runway\\\/#breadcrumb\"},\"inLanguage\":\"es-ES\",\"potentialAction\":[{\"@type\":\"ReadAction\",\"target\":[\"https:\\\/\\\/www.milesi.com\\\/es\\\/milesi-per-mt-everest-fashion-runway\\\/\"]}]},{\"@type\":\"ImageObject\",\"inLanguage\":\"es-ES\",\"@id\":\"https:\\\/\\\/www.milesi.com\\\/es\\\/milesi-per-mt-everest-fashion-runway\\\/#primaryimage\",\"url\":\"https:\\\/\\\/www.milesi.com\\\/wp-content\\\/uploads\\\/2020\\\/07\\\/EVEREST_SITO_MILESI_QUADRATO_OMBRE.jpg\",\"contentUrl\":\"https:\\\/\\\/www.milesi.com\\\/wp-content\\\/uploads\\\/2020\\\/07\\\/EVEREST_SITO_MILESI_QUADRATO_OMBRE.jpg\",\"width\":300,\"height\":300},{\"@type\":\"BreadcrumbList\",\"@id\":\"https:\\\/\\\/www.milesi.com\\\/es\\\/milesi-per-mt-everest-fashion-runway\\\/#breadcrumb\",\"itemListElement\":[{\"@type\":\"ListItem\",\"position\":1,\"name\":\"Milesi - Barnices para Madera\",\"item\":\"https:\\\/\\\/www.milesi.com\\\/es\\\/\"},{\"@type\":\"ListItem\",\"position\":2,\"name\":\"Milesi per Mt Everest Fashion Runway\"}]},{\"@type\":\"WebSite\",\"@id\":\"https:\\\/\\\/www.milesi.com\\\/es\\\/#website\",\"url\":\"https:\\\/\\\/www.milesi.com\\\/es\\\/\",\"name\":\"Milesi Vernici per il legno\",\"description\":\"Barnices para Madera\",\"publisher\":{\"@id\":\"https:\\\/\\\/www.milesi.com\\\/es\\\/#organization\"},\"alternateName\":\"Milesi\",\"potentialAction\":[{\"@type\":\"SearchAction\",\"target\":{\"@type\":\"EntryPoint\",\"urlTemplate\":\"https:\\\/\\\/www.milesi.com\\\/es\\\/?s={search_term_string}\"},\"query-input\":{\"@type\":\"PropertyValueSpecification\",\"valueRequired\":true,\"valueName\":\"search_term_string\"}}],\"inLanguage\":\"es-ES\"},{\"@type\":\"Organization\",\"@id\":\"https:\\\/\\\/www.milesi.com\\\/es\\\/#organization\",\"name\":\"Milesi Vernici\",\"alternateName\":\"Milesi\",\"url\":\"https:\\\/\\\/www.milesi.com\\\/es\\\/\",\"logo\":{\"@type\":\"ImageObject\",\"inLanguage\":\"es-ES\",\"@id\":\"https:\\\/\\\/www.milesi.com\\\/es\\\/#\\\/schema\\\/logo\\\/image\\\/\",\"url\":\"https:\\\/\\\/www.milesi.com\\\/wp-content\\\/uploads\\\/2022\\\/12\\\/milesi-web.png\",\"contentUrl\":\"https:\\\/\\\/www.milesi.com\\\/wp-content\\\/uploads\\\/2022\\\/12\\\/milesi-web.png\",\"width\":100,\"height\":101,\"caption\":\"Milesi Vernici\"},\"image\":{\"@id\":\"https:\\\/\\\/www.milesi.com\\\/es\\\/#\\\/schema\\\/logo\\\/image\\\/\"},\"sameAs\":[\"https:\\\/\\\/www.facebook.com\\\/MilesiVernici\",\"https:\\\/\\\/www.youtube.com\\\/channel\\\/UCgULN6yzPgE9usmMi3CP5hQ\",\"https:\\\/\\\/www.instagram.com\\\/milesiverniciperlegno\\\/\",\"https:\\\/\\\/vimeo.com\\\/user117001108\",\"https:\\\/\\\/www.linkedin.com\\\/company\\\/milesiwoodcoatings\\\/\"]},{\"@type\":\"Person\",\"@id\":\"https:\\\/\\\/www.milesi.com\\\/es\\\/#\\\/schema\\\/person\\\/efe9c5f0d5dc8ecccf853a392e5aacdd\",\"name\":\"User\"}]}<\/script>\n<!-- \/ Yoast SEO plugin. -->","yoast_head_json":{"title":"Milesi per Mt Everest Fashion Runway - Milesi","robots":{"index":"noindex","follow":"follow"},"og_locale":"es_ES","og_type":"article","og_title":"Milesi per Mt Everest Fashion Runway - Milesi","og_description":"Kathmandu (Nepal), gennaio 2020 \u2013\u00a0Milesi, brand del Gruppo IVM fra le pi\u00f9 grandi e importanti multinazionali al mondo nella produzione di vernici per legno, partecipa al\u00a0Mt Everest Fashion Runway, verniciando, con la sua nuova linea di\u00a0impregnanti all\u2019acqua\u00a0per legno specifici per decking,\u00a0la passerella del\u00a0fashion show ecologico\u00a0pi\u00f9 alto al mondo, a\u00a05.643 metri di altezza. L\u2019esclusivo\u00a0Mt Everest Fashion [&hellip;]","og_url":"https:\/\/www.milesi.com\/es\/milesi-per-mt-everest-fashion-runway\/","og_site_name":"Milesi","article_publisher":"https:\/\/www.facebook.com\/MilesiVernici","article_published_time":"2020-07-20T13:03:22+00:00","article_modified_time":"2025-04-19T08:39:28+00:00","og_image":[{"width":300,"height":300,"url":"https:\/\/www.milesi.com\/wp-content\/uploads\/2020\/07\/EVEREST_SITO_MILESI_QUADRATO_OMBRE.jpg","type":"image\/jpeg"}],"author":"User","twitter_card":"summary_large_image","twitter_misc":{"Escrito por":"User","Tiempo de lectura":"3 minutes"},"schema":{"@context":"https:\/\/schema.org","@graph":[{"@type":"Article","@id":"https:\/\/www.milesi.com\/es\/milesi-per-mt-everest-fashion-runway\/#article","isPartOf":{"@id":"https:\/\/www.milesi.com\/es\/milesi-per-mt-everest-fashion-runway\/"},"author":{"name":"User","@id":"https:\/\/www.milesi.com\/es\/#\/schema\/person\/efe9c5f0d5dc8ecccf853a392e5aacdd"},"headline":"Milesi per Mt Everest Fashion Runway","datePublished":"2020-07-20T13:03:22+00:00","dateModified":"2025-04-19T08:39:28+00:00","mainEntityOfPage":{"@id":"https:\/\/www.milesi.com\/es\/milesi-per-mt-everest-fashion-runway\/"},"wordCount":643,"commentCount":0,"publisher":{"@id":"https:\/\/www.milesi.com\/es\/#organization"},"image":{"@id":"https:\/\/www.milesi.com\/es\/milesi-per-mt-everest-fashion-runway\/#primaryimage"},"thumbnailUrl":"https:\/\/www.milesi.com\/wp-content\/uploads\/2020\/07\/EVEREST_SITO_MILESI_QUADRATO_OMBRE.jpg","articleSection":["News"],"inLanguage":"es-ES","potentialAction":[{"@type":"CommentAction","name":"Comment","target":["https:\/\/www.milesi.com\/es\/milesi-per-mt-everest-fashion-runway\/#respond"]}]},{"@type":"WebPage","@id":"https:\/\/www.milesi.com\/es\/milesi-per-mt-everest-fashion-runway\/","url":"https:\/\/www.milesi.com\/es\/milesi-per-mt-everest-fashion-runway\/","name":"Milesi per Mt Everest Fashion Runway - Milesi","isPartOf":{"@id":"https:\/\/www.milesi.com\/es\/#website"},"primaryImageOfPage":{"@id":"https:\/\/www.milesi.com\/es\/milesi-per-mt-everest-fashion-runway\/#primaryimage"},"image":{"@id":"https:\/\/www.milesi.com\/es\/milesi-per-mt-everest-fashion-runway\/#primaryimage"},"thumbnailUrl":"https:\/\/www.milesi.com\/wp-content\/uploads\/2020\/07\/EVEREST_SITO_MILESI_QUADRATO_OMBRE.jpg","datePublished":"2020-07-20T13:03:22+00:00","dateModified":"2025-04-19T08:39:28+00:00","breadcrumb":{"@id":"https:\/\/www.milesi.com\/es\/milesi-per-mt-everest-fashion-runway\/#breadcrumb"},"inLanguage":"es-ES","potentialAction":[{"@type":"ReadAction","target":["https:\/\/www.milesi.com\/es\/milesi-per-mt-everest-fashion-runway\/"]}]},{"@type":"ImageObject","inLanguage":"es-ES","@id":"https:\/\/www.milesi.com\/es\/milesi-per-mt-everest-fashion-runway\/#primaryimage","url":"https:\/\/www.milesi.com\/wp-content\/uploads\/2020\/07\/EVEREST_SITO_MILESI_QUADRATO_OMBRE.jpg","contentUrl":"https:\/\/www.milesi.com\/wp-content\/uploads\/2020\/07\/EVEREST_SITO_MILESI_QUADRATO_OMBRE.jpg","width":300,"height":300},{"@type":"BreadcrumbList","@id":"https:\/\/www.milesi.com\/es\/milesi-per-mt-everest-fashion-runway\/#breadcrumb","itemListElement":[{"@type":"ListItem","position":1,"name":"Milesi - Barnices para Madera","item":"https:\/\/www.milesi.com\/es\/"},{"@type":"ListItem","position":2,"name":"Milesi per Mt Everest Fashion Runway"}]},{"@type":"WebSite","@id":"https:\/\/www.milesi.com\/es\/#website","url":"https:\/\/www.milesi.com\/es\/","name":"Milesi Vernici per il legno","description":"Barnices para Madera","publisher":{"@id":"https:\/\/www.milesi.com\/es\/#organization"},"alternateName":"Milesi","potentialAction":[{"@type":"SearchAction","target":{"@type":"EntryPoint","urlTemplate":"https:\/\/www.milesi.com\/es\/?s={search_term_string}"},"query-input":{"@type":"PropertyValueSpecification","valueRequired":true,"valueName":"search_term_string"}}],"inLanguage":"es-ES"},{"@type":"Organization","@id":"https:\/\/www.milesi.com\/es\/#organization","name":"Milesi Vernici","alternateName":"Milesi","url":"https:\/\/www.milesi.com\/es\/","logo":{"@type":"ImageObject","inLanguage":"es-ES","@id":"https:\/\/www.milesi.com\/es\/#\/schema\/logo\/image\/","url":"https:\/\/www.milesi.com\/wp-content\/uploads\/2022\/12\/milesi-web.png","contentUrl":"https:\/\/www.milesi.com\/wp-content\/uploads\/2022\/12\/milesi-web.png","width":100,"height":101,"caption":"Milesi Vernici"},"image":{"@id":"https:\/\/www.milesi.com\/es\/#\/schema\/logo\/image\/"},"sameAs":["https:\/\/www.facebook.com\/MilesiVernici","https:\/\/www.youtube.com\/channel\/UCgULN6yzPgE9usmMi3CP5hQ","https:\/\/www.instagram.com\/milesiverniciperlegno\/","https:\/\/vimeo.com\/user117001108","https:\/\/www.linkedin.com\/company\/milesiwoodcoatings\/"]},{"@type":"Person","@id":"https:\/\/www.milesi.com\/es\/#\/schema\/person\/efe9c5f0d5dc8ecccf853a392e5aacdd","name":"User"}]}},"_links":{"self":[{"href":"https:\/\/www.milesi.com\/es\/wp-json\/wp\/v2\/posts\/6967","targetHints":{"allow":["GET"]}}],"collection":[{"href":"https:\/\/www.milesi.com\/es\/wp-json\/wp\/v2\/posts"}],"about":[{"href":"https:\/\/www.milesi.com\/es\/wp-json\/wp\/v2\/types\/post"}],"author":[{"embeddable":true,"href":"https:\/\/www.milesi.com\/es\/wp-json\/wp\/v2\/users\/5"}],"replies":[{"embeddable":true,"href":"https:\/\/www.milesi.com\/es\/wp-json\/wp\/v2\/comments?post=6967"}],"version-history":[{"count":1,"href":"https:\/\/www.milesi.com\/es\/wp-json\/wp\/v2\/posts\/6967\/revisions"}],"predecessor-version":[{"id":26848,"href":"https:\/\/www.milesi.com\/es\/wp-json\/wp\/v2\/posts\/6967\/revisions\/26848"}],"wp:featuredmedia":[{"embeddable":true,"href":"https:\/\/www.milesi.com\/es\/wp-json\/wp\/v2\/media\/9316"}],"wp:attachment":[{"href":"https:\/\/www.milesi.com\/es\/wp-json\/wp\/v2\/media?parent=6967"}],"wp:term":[{"taxonomy":"category","embeddable":true,"href":"https:\/\/www.milesi.com\/es\/wp-json\/wp\/v2\/categories?post=6967"},{"taxonomy":"post_tag","embeddable":true,"href":"https:\/\/www.milesi.com\/es\/wp-json\/wp\/v2\/tags?post=6967"}],"curies":[{"name":"wp","href":"https:\/\/api.w.org\/{rel}","templated":true}]}}