{"id":7339,"date":"2020-07-24T14:56:56","date_gmt":"2020-07-24T12:56:56","guid":{"rendered":"http:\/\/www.milesi.com\/?p=7339"},"modified":"2025-04-17T21:18:20","modified_gmt":"2025-04-17T19:18:20","slug":"cocinaintegral-net-12-06-2020","status":"publish","type":"post","link":"https:\/\/www.milesi.com\/es\/cocinaintegral-net-12-06-2020\/","title":{"rendered":"COCINAINTEGRAL.NET \u2013 12\/06\/2020"},"content":{"rendered":"<div class=\"yoast-breadcrumbs\"><span><span><a href=\"https:\/\/www.milesi.com\/es\/\">Milesi &#8211; Barnices para Madera<\/a><\/span> \u00bb <span class=\"breadcrumb_last\" aria-current=\"page\">COCINAINTEGRAL.NET \u2013 12\/06\/2020<\/span><\/span><\/div>\n\n<h1 class=\"entry-title\">Milesi Healthy.Wood: acabados antibacterias para superficies<\/h1>\n<p class=\"fecha\">12\/06\/2020<\/p>\n<figure class=\"wp-block-image size-full has-mobile-text-align-center\"><img decoding=\"async\" class=\"wp-image-8794628 jetpack-lazy-image jetpack-lazy-image--handled\" src=\"https:\/\/cdn.cocinaintegral.net\/cocinaintegral\/2020\/06\/MilesiHealthyWood.jpg\" sizes=\"(max-width: 700px) 100vw, 700px\" srcset=\"https:\/\/cdn.cocinaintegral.net\/cocinaintegral\/2020\/06\/MilesiHealthyWood.jpg 700w, https:\/\/cdn.cocinaintegral.net\/cocinaintegral\/2020\/06\/MilesiHealthyWood-300x300.jpg 300w, https:\/\/cdn.cocinaintegral.net\/cocinaintegral\/2020\/06\/MilesiHealthyWood-150x150.jpg 150w\" alt=\"Milesi Healthy.Wood: acabados antibacterias para superficies.\" data-lazy-loaded=\"1\" \/><\/figure>\n<p>12.06.2020 Fruto de la investigaci\u00f3n tecnol\u00f3gica de la marca\u00a0<strong>Milesi<\/strong>, perteneciente al\u00a0<strong>Grupo IVM<\/strong>, que se halla entre las multinacionales m\u00e1s destacadas del mundo en la producci\u00f3n de barnices para madera, nace\u00a0<strong>Healthy.Wood<\/strong>. Se trata de una nueva l\u00ednea de\u00a0<strong>acabados antibacterias<\/strong>, con los que la firma garantiza que las superficies estar\u00e1n protegidas de manera absoluta y duradera contra las bacterias, sin necesidad de recurrir a productos desinfectantes.<\/p>\n<p>Pra ello, se han realizado\u00a0<strong>varias pruebas de laboratorio<\/strong>, conformes a la norma ISO 22196. Estos tests han demostrado que<strong>\u00a0la proliferaci\u00f3n de bacterias ha disminuido en m\u00e1s del 99,9% en las superficies<\/strong>\u00a0donde se ha aplicado el producto, lo que asegura el nivel m\u00e1s alto de higiene y protecci\u00f3n.<\/p>\n<h2>Aplicaciones de Milesi Healthy.Wood<\/h2>\n<p>Los<strong>\u00a0barnices Milesi Healthy.Wood<\/strong>\u00a0son muy adecuados para todos aquellos ambientes en los que la higiene es un requisito indispensable. As\u00ed, se pueden utilizar en\u00a0<strong>espacios dom\u00e9sticos como cocinas<\/strong>, ba\u00f1os, y habitaciones infantiles. Tambi\u00e9n en lugares p\u00fablicos como bares. restaurantes, cines, hoteles, escuelas, tiendas, espacios de exposici\u00f3n, consultorios m\u00e9dicos y profesionales. Y, asimismo, para todos los objetos que se manipulan frecuentemente, como carcasas de los tel\u00e9fonos m\u00f3viles, ordenadores port\u00e1tiles, gafas, volantes de los coches o juguetes.<\/p>\n<p>La base de esta formulaci\u00f3n est\u00e1 en el\u00a0<strong>poder desinfectante de la plata<\/strong>, combinada con una innovadora tecnolog\u00eda desarrollada en el\u00a0<strong>Laboratorio de Investigaci\u00f3n de Milesi<\/strong>. Gracias a ella, la compa\u00f1\u00eda ha creado esta amplia gama de acabados con propiedades antibacterianas y desinfectantes.<\/p>\n<p>En ellos, las<strong>\u00a0part\u00edculas antibacterianas\u00a0<\/strong>est\u00e1n distribuidas de manera uniforme por todo el producto. Por esta raz\u00f3n, la totalidad de la superficie barnizada es perfectamente resistente a las bacterias. Y, al no evaporarse, su acci\u00f3n antibacteriana tienen una largu\u00edsima duraci\u00f3n, incluso en superficies que se limpian con frecuencia con detergentes muy agresivos. Adem\u00e1s, las superficies tratadas con los acabados\u00a0<strong>Milesi Healthy.Wood<\/strong>\u00a0hacen que el uso de desinfectantes sea innecesario.<\/p>\n<p><strong>*Para m\u00e1s informaci\u00f3n:<\/strong>\u00a0<a href=\"http:\/\/www.milesi.es\/\" target=\"_blank\" rel=\"noreferrer noopener\">www.milesi.es<\/a>\u00a0\/\u00a0<a href=\"http:\/\/www.ivmgroup.com\/\" target=\"_blank\" rel=\"noreferrer noopener\">www.ivmgroup.com<\/a><\/p>\n<p>&nbsp;<\/p>\n<p>Fonte: https:\/\/www.cocinaintegral.net<\/p>","protected":false},"excerpt":{"rendered":"<p>https:\/\/www.cocinaintegral.net\/milesi-healthy-wood-acabados-antibacterias-superficies\/<\/p>\n","protected":false},"author":5,"featured_media":7361,"comment_status":"open","ping_status":"closed","sticky":false,"template":"","format":"standard","meta":{"_et_pb_use_builder":"","_et_pb_old_content":"","_et_gb_content_width":"","footnotes":""},"categories":[245],"tags":[],"class_list":["post-7339","post","type-post","status-publish","format-standard","has-post-thumbnail","hentry","category-press-es"],"yoast_head":"<!-- This site is optimized with the Yoast SEO plugin v27.3 - https:\/\/yoast.com\/product\/yoast-seo-wordpress\/ -->\n<title>COCINAINTEGRAL.NET \u2013 12\/06\/2020 - Milesi<\/title>\n<meta name=\"robots\" content=\"noindex, follow\" \/>\n<meta property=\"og:locale\" content=\"es_ES\" \/>\n<meta property=\"og:type\" content=\"article\" \/>\n<meta property=\"og:title\" content=\"COCINAINTEGRAL.NET \u2013 12\/06\/2020 - Milesi\" \/>\n<meta property=\"og:description\" content=\"https:\/\/www.cocinaintegral.net\/milesi-healthy-wood-acabados-antibacterias-superficies\/\" \/>\n<meta property=\"og:url\" content=\"https:\/\/www.milesi.com\/es\/cocinaintegral-net-12-06-2020\/\" \/>\n<meta property=\"og:site_name\" content=\"Milesi\" \/>\n<meta property=\"article:publisher\" content=\"https:\/\/www.facebook.com\/MilesiVernici\" \/>\n<meta property=\"article:published_time\" content=\"2020-07-24T12:56:56+00:00\" \/>\n<meta property=\"article:modified_time\" content=\"2025-04-17T19:18:20+00:00\" \/>\n<meta property=\"og:image\" content=\"https:\/\/www.milesi.com\/wp-content\/uploads\/2020\/07\/cocina-integral-locandina-es2-1200-600x600-1.jpg\" \/>\n\t<meta property=\"og:image:width\" content=\"300\" \/>\n\t<meta property=\"og:image:height\" content=\"300\" \/>\n\t<meta property=\"og:image:type\" content=\"image\/jpeg\" \/>\n<meta name=\"author\" content=\"User\" \/>\n<meta name=\"twitter:card\" content=\"summary_large_image\" \/>\n<meta name=\"twitter:label1\" content=\"Escrito por\" \/>\n\t<meta name=\"twitter:data1\" content=\"User\" \/>\n\t<meta name=\"twitter:label2\" content=\"Tiempo de lectura\" \/>\n\t<meta name=\"twitter:data2\" content=\"2 minutes\" \/>\n<script type=\"application\/ld+json\" class=\"yoast-schema-graph\">{\"@context\":\"https:\\\/\\\/schema.org\",\"@graph\":[{\"@type\":\"Article\",\"@id\":\"https:\\\/\\\/www.milesi.com\\\/es\\\/cocinaintegral-net-12-06-2020\\\/#article\",\"isPartOf\":{\"@id\":\"https:\\\/\\\/www.milesi.com\\\/es\\\/cocinaintegral-net-12-06-2020\\\/\"},\"author\":{\"name\":\"User\",\"@id\":\"https:\\\/\\\/www.milesi.com\\\/es\\\/#\\\/schema\\\/person\\\/efe9c5f0d5dc8ecccf853a392e5aacdd\"},\"headline\":\"COCINAINTEGRAL.NET \u2013 12\\\/06\\\/2020\",\"datePublished\":\"2020-07-24T12:56:56+00:00\",\"dateModified\":\"2025-04-17T19:18:20+00:00\",\"mainEntityOfPage\":{\"@id\":\"https:\\\/\\\/www.milesi.com\\\/es\\\/cocinaintegral-net-12-06-2020\\\/\"},\"wordCount\":367,\"commentCount\":0,\"publisher\":{\"@id\":\"https:\\\/\\\/www.milesi.com\\\/es\\\/#organization\"},\"image\":{\"@id\":\"https:\\\/\\\/www.milesi.com\\\/es\\\/cocinaintegral-net-12-06-2020\\\/#primaryimage\"},\"thumbnailUrl\":\"https:\\\/\\\/www.milesi.com\\\/wp-content\\\/uploads\\\/2020\\\/07\\\/cocina-integral-locandina-es2-1200-600x600-1.jpg\",\"articleSection\":[\"Press\"],\"inLanguage\":\"es-ES\",\"potentialAction\":[{\"@type\":\"CommentAction\",\"name\":\"Comment\",\"target\":[\"https:\\\/\\\/www.milesi.com\\\/es\\\/cocinaintegral-net-12-06-2020\\\/#respond\"]}]},{\"@type\":\"WebPage\",\"@id\":\"https:\\\/\\\/www.milesi.com\\\/es\\\/cocinaintegral-net-12-06-2020\\\/\",\"url\":\"https:\\\/\\\/www.milesi.com\\\/es\\\/cocinaintegral-net-12-06-2020\\\/\",\"name\":\"COCINAINTEGRAL.NET \u2013 12\\\/06\\\/2020 - Milesi\",\"isPartOf\":{\"@id\":\"https:\\\/\\\/www.milesi.com\\\/es\\\/#website\"},\"primaryImageOfPage\":{\"@id\":\"https:\\\/\\\/www.milesi.com\\\/es\\\/cocinaintegral-net-12-06-2020\\\/#primaryimage\"},\"image\":{\"@id\":\"https:\\\/\\\/www.milesi.com\\\/es\\\/cocinaintegral-net-12-06-2020\\\/#primaryimage\"},\"thumbnailUrl\":\"https:\\\/\\\/www.milesi.com\\\/wp-content\\\/uploads\\\/2020\\\/07\\\/cocina-integral-locandina-es2-1200-600x600-1.jpg\",\"datePublished\":\"2020-07-24T12:56:56+00:00\",\"dateModified\":\"2025-04-17T19:18:20+00:00\",\"breadcrumb\":{\"@id\":\"https:\\\/\\\/www.milesi.com\\\/es\\\/cocinaintegral-net-12-06-2020\\\/#breadcrumb\"},\"inLanguage\":\"es-ES\",\"potentialAction\":[{\"@type\":\"ReadAction\",\"target\":[\"https:\\\/\\\/www.milesi.com\\\/es\\\/cocinaintegral-net-12-06-2020\\\/\"]}]},{\"@type\":\"ImageObject\",\"inLanguage\":\"es-ES\",\"@id\":\"https:\\\/\\\/www.milesi.com\\\/es\\\/cocinaintegral-net-12-06-2020\\\/#primaryimage\",\"url\":\"https:\\\/\\\/www.milesi.com\\\/wp-content\\\/uploads\\\/2020\\\/07\\\/cocina-integral-locandina-es2-1200-600x600-1.jpg\",\"contentUrl\":\"https:\\\/\\\/www.milesi.com\\\/wp-content\\\/uploads\\\/2020\\\/07\\\/cocina-integral-locandina-es2-1200-600x600-1.jpg\",\"width\":300,\"height\":300},{\"@type\":\"BreadcrumbList\",\"@id\":\"https:\\\/\\\/www.milesi.com\\\/es\\\/cocinaintegral-net-12-06-2020\\\/#breadcrumb\",\"itemListElement\":[{\"@type\":\"ListItem\",\"position\":1,\"name\":\"Milesi - Barnices para Madera\",\"item\":\"https:\\\/\\\/www.milesi.com\\\/es\\\/\"},{\"@type\":\"ListItem\",\"position\":2,\"name\":\"COCINAINTEGRAL.NET \u2013 12\\\/06\\\/2020\"}]},{\"@type\":\"WebSite\",\"@id\":\"https:\\\/\\\/www.milesi.com\\\/es\\\/#website\",\"url\":\"https:\\\/\\\/www.milesi.com\\\/es\\\/\",\"name\":\"Milesi Vernici per il legno\",\"description\":\"Barnices para Madera\",\"publisher\":{\"@id\":\"https:\\\/\\\/www.milesi.com\\\/es\\\/#organization\"},\"alternateName\":\"Milesi\",\"potentialAction\":[{\"@type\":\"SearchAction\",\"target\":{\"@type\":\"EntryPoint\",\"urlTemplate\":\"https:\\\/\\\/www.milesi.com\\\/es\\\/?s={search_term_string}\"},\"query-input\":{\"@type\":\"PropertyValueSpecification\",\"valueRequired\":true,\"valueName\":\"search_term_string\"}}],\"inLanguage\":\"es-ES\"},{\"@type\":\"Organization\",\"@id\":\"https:\\\/\\\/www.milesi.com\\\/es\\\/#organization\",\"name\":\"Milesi Vernici\",\"alternateName\":\"Milesi\",\"url\":\"https:\\\/\\\/www.milesi.com\\\/es\\\/\",\"logo\":{\"@type\":\"ImageObject\",\"inLanguage\":\"es-ES\",\"@id\":\"https:\\\/\\\/www.milesi.com\\\/es\\\/#\\\/schema\\\/logo\\\/image\\\/\",\"url\":\"https:\\\/\\\/www.milesi.com\\\/wp-content\\\/uploads\\\/2022\\\/12\\\/milesi-web.png\",\"contentUrl\":\"https:\\\/\\\/www.milesi.com\\\/wp-content\\\/uploads\\\/2022\\\/12\\\/milesi-web.png\",\"width\":100,\"height\":101,\"caption\":\"Milesi Vernici\"},\"image\":{\"@id\":\"https:\\\/\\\/www.milesi.com\\\/es\\\/#\\\/schema\\\/logo\\\/image\\\/\"},\"sameAs\":[\"https:\\\/\\\/www.facebook.com\\\/MilesiVernici\",\"https:\\\/\\\/www.youtube.com\\\/channel\\\/UCgULN6yzPgE9usmMi3CP5hQ\",\"https:\\\/\\\/www.instagram.com\\\/milesiverniciperlegno\\\/\",\"https:\\\/\\\/vimeo.com\\\/user117001108\",\"https:\\\/\\\/www.linkedin.com\\\/company\\\/milesiwoodcoatings\\\/\"]},{\"@type\":\"Person\",\"@id\":\"https:\\\/\\\/www.milesi.com\\\/es\\\/#\\\/schema\\\/person\\\/efe9c5f0d5dc8ecccf853a392e5aacdd\",\"name\":\"User\"}]}<\/script>\n<!-- \/ Yoast SEO plugin. -->","yoast_head_json":{"title":"COCINAINTEGRAL.NET \u2013 12\/06\/2020 - Milesi","robots":{"index":"noindex","follow":"follow"},"og_locale":"es_ES","og_type":"article","og_title":"COCINAINTEGRAL.NET \u2013 12\/06\/2020 - Milesi","og_description":"https:\/\/www.cocinaintegral.net\/milesi-healthy-wood-acabados-antibacterias-superficies\/","og_url":"https:\/\/www.milesi.com\/es\/cocinaintegral-net-12-06-2020\/","og_site_name":"Milesi","article_publisher":"https:\/\/www.facebook.com\/MilesiVernici","article_published_time":"2020-07-24T12:56:56+00:00","article_modified_time":"2025-04-17T19:18:20+00:00","og_image":[{"width":300,"height":300,"url":"https:\/\/www.milesi.com\/wp-content\/uploads\/2020\/07\/cocina-integral-locandina-es2-1200-600x600-1.jpg","type":"image\/jpeg"}],"author":"User","twitter_card":"summary_large_image","twitter_misc":{"Escrito por":"User","Tiempo de lectura":"2 minutes"},"schema":{"@context":"https:\/\/schema.org","@graph":[{"@type":"Article","@id":"https:\/\/www.milesi.com\/es\/cocinaintegral-net-12-06-2020\/#article","isPartOf":{"@id":"https:\/\/www.milesi.com\/es\/cocinaintegral-net-12-06-2020\/"},"author":{"name":"User","@id":"https:\/\/www.milesi.com\/es\/#\/schema\/person\/efe9c5f0d5dc8ecccf853a392e5aacdd"},"headline":"COCINAINTEGRAL.NET \u2013 12\/06\/2020","datePublished":"2020-07-24T12:56:56+00:00","dateModified":"2025-04-17T19:18:20+00:00","mainEntityOfPage":{"@id":"https:\/\/www.milesi.com\/es\/cocinaintegral-net-12-06-2020\/"},"wordCount":367,"commentCount":0,"publisher":{"@id":"https:\/\/www.milesi.com\/es\/#organization"},"image":{"@id":"https:\/\/www.milesi.com\/es\/cocinaintegral-net-12-06-2020\/#primaryimage"},"thumbnailUrl":"https:\/\/www.milesi.com\/wp-content\/uploads\/2020\/07\/cocina-integral-locandina-es2-1200-600x600-1.jpg","articleSection":["Press"],"inLanguage":"es-ES","potentialAction":[{"@type":"CommentAction","name":"Comment","target":["https:\/\/www.milesi.com\/es\/cocinaintegral-net-12-06-2020\/#respond"]}]},{"@type":"WebPage","@id":"https:\/\/www.milesi.com\/es\/cocinaintegral-net-12-06-2020\/","url":"https:\/\/www.milesi.com\/es\/cocinaintegral-net-12-06-2020\/","name":"COCINAINTEGRAL.NET \u2013 12\/06\/2020 - Milesi","isPartOf":{"@id":"https:\/\/www.milesi.com\/es\/#website"},"primaryImageOfPage":{"@id":"https:\/\/www.milesi.com\/es\/cocinaintegral-net-12-06-2020\/#primaryimage"},"image":{"@id":"https:\/\/www.milesi.com\/es\/cocinaintegral-net-12-06-2020\/#primaryimage"},"thumbnailUrl":"https:\/\/www.milesi.com\/wp-content\/uploads\/2020\/07\/cocina-integral-locandina-es2-1200-600x600-1.jpg","datePublished":"2020-07-24T12:56:56+00:00","dateModified":"2025-04-17T19:18:20+00:00","breadcrumb":{"@id":"https:\/\/www.milesi.com\/es\/cocinaintegral-net-12-06-2020\/#breadcrumb"},"inLanguage":"es-ES","potentialAction":[{"@type":"ReadAction","target":["https:\/\/www.milesi.com\/es\/cocinaintegral-net-12-06-2020\/"]}]},{"@type":"ImageObject","inLanguage":"es-ES","@id":"https:\/\/www.milesi.com\/es\/cocinaintegral-net-12-06-2020\/#primaryimage","url":"https:\/\/www.milesi.com\/wp-content\/uploads\/2020\/07\/cocina-integral-locandina-es2-1200-600x600-1.jpg","contentUrl":"https:\/\/www.milesi.com\/wp-content\/uploads\/2020\/07\/cocina-integral-locandina-es2-1200-600x600-1.jpg","width":300,"height":300},{"@type":"BreadcrumbList","@id":"https:\/\/www.milesi.com\/es\/cocinaintegral-net-12-06-2020\/#breadcrumb","itemListElement":[{"@type":"ListItem","position":1,"name":"Milesi - Barnices para Madera","item":"https:\/\/www.milesi.com\/es\/"},{"@type":"ListItem","position":2,"name":"COCINAINTEGRAL.NET \u2013 12\/06\/2020"}]},{"@type":"WebSite","@id":"https:\/\/www.milesi.com\/es\/#website","url":"https:\/\/www.milesi.com\/es\/","name":"Milesi Vernici per il legno","description":"Barnices para Madera","publisher":{"@id":"https:\/\/www.milesi.com\/es\/#organization"},"alternateName":"Milesi","potentialAction":[{"@type":"SearchAction","target":{"@type":"EntryPoint","urlTemplate":"https:\/\/www.milesi.com\/es\/?s={search_term_string}"},"query-input":{"@type":"PropertyValueSpecification","valueRequired":true,"valueName":"search_term_string"}}],"inLanguage":"es-ES"},{"@type":"Organization","@id":"https:\/\/www.milesi.com\/es\/#organization","name":"Milesi Vernici","alternateName":"Milesi","url":"https:\/\/www.milesi.com\/es\/","logo":{"@type":"ImageObject","inLanguage":"es-ES","@id":"https:\/\/www.milesi.com\/es\/#\/schema\/logo\/image\/","url":"https:\/\/www.milesi.com\/wp-content\/uploads\/2022\/12\/milesi-web.png","contentUrl":"https:\/\/www.milesi.com\/wp-content\/uploads\/2022\/12\/milesi-web.png","width":100,"height":101,"caption":"Milesi Vernici"},"image":{"@id":"https:\/\/www.milesi.com\/es\/#\/schema\/logo\/image\/"},"sameAs":["https:\/\/www.facebook.com\/MilesiVernici","https:\/\/www.youtube.com\/channel\/UCgULN6yzPgE9usmMi3CP5hQ","https:\/\/www.instagram.com\/milesiverniciperlegno\/","https:\/\/vimeo.com\/user117001108","https:\/\/www.linkedin.com\/company\/milesiwoodcoatings\/"]},{"@type":"Person","@id":"https:\/\/www.milesi.com\/es\/#\/schema\/person\/efe9c5f0d5dc8ecccf853a392e5aacdd","name":"User"}]}},"_links":{"self":[{"href":"https:\/\/www.milesi.com\/es\/wp-json\/wp\/v2\/posts\/7339","targetHints":{"allow":["GET"]}}],"collection":[{"href":"https:\/\/www.milesi.com\/es\/wp-json\/wp\/v2\/posts"}],"about":[{"href":"https:\/\/www.milesi.com\/es\/wp-json\/wp\/v2\/types\/post"}],"author":[{"embeddable":true,"href":"https:\/\/www.milesi.com\/es\/wp-json\/wp\/v2\/users\/5"}],"replies":[{"embeddable":true,"href":"https:\/\/www.milesi.com\/es\/wp-json\/wp\/v2\/comments?post=7339"}],"version-history":[{"count":1,"href":"https:\/\/www.milesi.com\/es\/wp-json\/wp\/v2\/posts\/7339\/revisions"}],"predecessor-version":[{"id":26792,"href":"https:\/\/www.milesi.com\/es\/wp-json\/wp\/v2\/posts\/7339\/revisions\/26792"}],"wp:featuredmedia":[{"embeddable":true,"href":"https:\/\/www.milesi.com\/es\/wp-json\/wp\/v2\/media\/7361"}],"wp:attachment":[{"href":"https:\/\/www.milesi.com\/es\/wp-json\/wp\/v2\/media?parent=7339"}],"wp:term":[{"taxonomy":"category","embeddable":true,"href":"https:\/\/www.milesi.com\/es\/wp-json\/wp\/v2\/categories?post=7339"},{"taxonomy":"post_tag","embeddable":true,"href":"https:\/\/www.milesi.com\/es\/wp-json\/wp\/v2\/tags?post=7339"}],"curies":[{"name":"wp","href":"https:\/\/api.w.org\/{rel}","templated":true}]}}