{"id":7341,"date":"2020-07-24T14:58:01","date_gmt":"2020-07-24T12:58:01","guid":{"rendered":"http:\/\/www.milesi.com\/?p=7341"},"modified":"2025-04-17T19:33:34","modified_gmt":"2025-04-17T17:33:34","slug":"madera-sostenible-com-16-06-2020","status":"publish","type":"post","link":"https:\/\/www.milesi.com\/es\/madera-sostenible-com-16-06-2020\/","title":{"rendered":"MADERA-SOSTENIBLE.COM \u2013 16\/06\/2020"},"content":{"rendered":"<div class=\"yoast-breadcrumbs\"><span><span><a href=\"https:\/\/www.milesi.com\/es\/\">Milesi &#8211; Barnices para Madera<\/a><\/span> \u00bb <span class=\"breadcrumb_last\" aria-current=\"page\">MADERA-SOSTENIBLE.COM \u2013 16\/06\/2020<\/span><\/span><\/div>\n\n<h1 class=\"entry-title\">MILESI presenta HEALTHY.WOOD<\/h1>\n<div class=\"extracto\">\n<p>Nueva l\u00ednea de acabados antibacterias.<\/p>\n<div class=\"et_post_meta_wrapper\"><img loading=\"lazy\" decoding=\"async\" class=\"lazyloaded\" src=\"https:\/\/madera-sostenible.com\/wp-content\/uploads\/2020\/06\/barnices-980x600.jpg\" sizes=\"(min-width: 0px) and (max-width: 480px) 480px, (min-width: 481px) and (max-width: 980px) 980px, 100vw\" srcset=\"https:\/\/madera-sostenible.com\/wp-content\/uploads\/2020\/06\/barnices-980x709.jpg 980w, https:\/\/madera-sostenible.com\/wp-content\/uploads\/2020\/06\/barnices-480x347.jpg 480w\" alt=\"MILESI presenta HEALTHY.WOOD\" width=\"1080\" height=\"675\" data-ll-status=\"loaded\" \/><\/div>\n<div class=\"entry-content\">\n<p>De la investigaci\u00f3n tecnol\u00f3gica\u00a0<a href=\"http:\/\/www.milesi.es\/es\/\">MILESI<\/a>, marca del\u00a0<a href=\"http:\/\/www.ivmchemicals.es\/ive\/es\/\">Grupo IVM<\/a>\u00a0entre las multinacionales m\u00e1s grandes e importantes del mundo en la producci\u00f3n de barnices para madera, nace\u00a0<strong>HEALTHY.WOOD<\/strong>, la nueva l\u00ednea de acabados antibacterias que\u00a0<strong>aseguran a las superficies una protecci\u00f3n absoluta y duradera contra las bacterias, sin recurrir a uso de productos desinfectantes.<\/strong><\/p>\n<p>Test de laboratorio, conformes a la norma ISO 22196, han desmostrado que las superficies en donde se ha aplicado el producto, la proliferaci\u00f3n bactericida se reduce en m\u00e1s del 99,9% garantizando el nivel m\u00e1s alto de higiene y protecci\u00f3n.<\/p>\n<blockquote class=\"wp-block-quote\"><p>Id\u00f3neos para todos aquellos entornos en los que la higiene es un requisito indispensable<\/p><\/blockquote>\n<p>Los barnices Milesi HEALTHY.WOOD son ideales para todos aquellos entornos en los que la higiene es un requisito indispensable: desde espacios dom\u00e9sticos como cocinas, ba\u00f1os, habitaciones infantiles o lugares p\u00fablicos como bares y restaurantes, cines, hoteles, escuelas, etc. tiendas, espacios de exposici\u00f3n, consultorios m\u00e9dicos y profesionales, as\u00ed como para todos los objetos que se sostienen repetidamente en las manos, como las carcasas de los tel\u00e9fonos m\u00f3viles, ordenadores port\u00e1tiles, gafas, volantes o juguetes.<\/p>\n<figure class=\"wp-block-image\"><img alt=\"\" \/><\/figure>\n<figure class=\"wp-block-gallery columns-3 is-cropped\">\n<ul class=\"blocks-gallery-grid\">\n<li class=\"blocks-gallery-item\">\n<figure><img decoding=\"async\" class=\"wp-image-64790 lazyloaded\" src=\"https:\/\/madera-sostenible.com\/wp-content\/uploads\/2020\/06\/barniz1-700x700.jpg\" alt=\"\" data-id=\"64790\" data-full-url=\"https:\/\/madera-sostenible.com\/wp-content\/uploads\/2020\/06\/barniz1.jpg\" data-link=\"https:\/\/madera-sostenible.com\/?attachment_id=64790\" data-ll-status=\"loaded\" \/><\/figure>\n<\/li>\n<li class=\"blocks-gallery-item\">\n<figure><img decoding=\"async\" class=\"wp-image-64791 lazyloaded\" src=\"https:\/\/madera-sostenible.com\/wp-content\/uploads\/2020\/06\/barniz2-700x700.jpg\" alt=\"\" data-id=\"64791\" data-full-url=\"https:\/\/madera-sostenible.com\/wp-content\/uploads\/2020\/06\/barniz2.jpg\" data-link=\"https:\/\/madera-sostenible.com\/?attachment_id=64791\" data-ll-status=\"loaded\" \/><\/figure>\n<\/li>\n<li class=\"blocks-gallery-item\">\n<figure><img decoding=\"async\" class=\"wp-image-64792 lazyloaded\" src=\"https:\/\/madera-sostenible.com\/wp-content\/uploads\/2020\/06\/barniz3-700x700.jpg\" alt=\"\" data-id=\"64792\" data-full-url=\"https:\/\/madera-sostenible.com\/wp-content\/uploads\/2020\/06\/barniz3.jpg\" data-link=\"https:\/\/madera-sostenible.com\/?attachment_id=64792\" data-ll-status=\"loaded\" \/><\/figure>\n<\/li>\n<\/ul>\n<\/figure>\n<figure class=\"wp-block-image\"><img alt=\"\" \/><\/figure>\n<p>El fuerte poder desinfectante de la plata, el coraz\u00f3n de la formulaci\u00f3n, en combinaci\u00f3n con la tecnolog\u00eda innovadora desarrollada en el Laboratorio de Investigaci\u00f3n de MILESI, ha permitido a la firma italiana crear una amplia gama de acabados con propiedades antibacterianas y desinfectantes altamente innovadoras.<\/p>\n<blockquote class=\"wp-block-quote\"><p>Las superficies tratadas con los acabados HEALTHY.WOOD Milesi hacen que el uso de desinfectantes sea superfluo<\/p><\/blockquote>\n<p>Las part\u00edculas antibacterianas se incorporan directamente en la formulaci\u00f3n. Esto garantiza que se distribuyan de manera uniforme: la superficie barnizada es, por lo tanto, perfectamente resistente a las bacterias por toda la superficie. Al no evaporarse, su acci\u00f3n antibacteriana dura para siempre, incluso en superficies que se limpian con frecuencia con detergentes particularmente agresivos.<\/p>\n<figure class=\"wp-block-image\"><img alt=\"\" \/><\/figure>\n<div class=\"wp-block-image\">\n<figure class=\"aligncenter size-large\"><a href=\"http:\/\/www.milesi.es\/es\/?utm_source=WebMaderaSostenible&amp;utm_medium=banner&amp;utm_campaign=PubliMaderaSostenible\"><img decoding=\"async\" class=\"wp-image-62941 lazyloaded\" src=\"https:\/\/madera-sostenible.com\/wp-content\/uploads\/2020\/05\/MILESI_728x90_dinamico.gif\" alt=\"\" data-ll-status=\"loaded\" \/><\/a><\/figure>\n<\/div>\n<p>Fonte: https:\/\/madera-sostenible.com<\/p>\n<\/div>\n<\/div>","protected":false},"excerpt":{"rendered":"<p>MILESI presenta HEALTHY.WOOD Nueva l\u00ednea de acabados antibacterias. De la investigaci\u00f3n tecnol\u00f3gica\u00a0MILESI, marca del\u00a0Grupo IVM\u00a0entre las multinacionales m\u00e1s grandes e importantes del mundo en la producci\u00f3n de barnices para madera, nace\u00a0HEALTHY.WOOD, la nueva l\u00ednea de acabados antibacterias que\u00a0aseguran a las superficies una protecci\u00f3n absoluta y duradera contra las bacterias, sin recurrir a uso de productos [&hellip;]<\/p>\n","protected":false},"author":5,"featured_media":7342,"comment_status":"open","ping_status":"closed","sticky":false,"template":"","format":"standard","meta":{"_et_pb_use_builder":"","_et_pb_old_content":"","_et_gb_content_width":"","footnotes":""},"categories":[245],"tags":[],"class_list":["post-7341","post","type-post","status-publish","format-standard","has-post-thumbnail","hentry","category-press-es"],"yoast_head":"<!-- This site is optimized with the Yoast SEO plugin v27.3 - https:\/\/yoast.com\/product\/yoast-seo-wordpress\/ -->\n<title>MADERA-SOSTENIBLE.COM \u2013 16\/06\/2020 - Milesi<\/title>\n<meta name=\"robots\" content=\"noindex, follow\" \/>\n<meta property=\"og:locale\" content=\"es_ES\" \/>\n<meta property=\"og:type\" content=\"article\" \/>\n<meta property=\"og:title\" content=\"MADERA-SOSTENIBLE.COM \u2013 16\/06\/2020 - Milesi\" \/>\n<meta property=\"og:description\" content=\"MILESI presenta HEALTHY.WOOD Nueva l\u00ednea de acabados antibacterias. De la investigaci\u00f3n tecnol\u00f3gica\u00a0MILESI, marca del\u00a0Grupo IVM\u00a0entre las multinacionales m\u00e1s grandes e importantes del mundo en la producci\u00f3n de barnices para madera, nace\u00a0HEALTHY.WOOD, la nueva l\u00ednea de acabados antibacterias que\u00a0aseguran a las superficies una protecci\u00f3n absoluta y duradera contra las bacterias, sin recurrir a uso de productos [&hellip;]\" \/>\n<meta property=\"og:url\" content=\"https:\/\/www.milesi.com\/es\/madera-sostenible-com-16-06-2020\/\" \/>\n<meta property=\"og:site_name\" content=\"Milesi\" \/>\n<meta property=\"article:publisher\" content=\"https:\/\/www.facebook.com\/MilesiVernici\" \/>\n<meta property=\"article:published_time\" content=\"2020-07-24T12:58:01+00:00\" \/>\n<meta property=\"article:modified_time\" content=\"2025-04-17T17:33:34+00:00\" \/>\n<meta property=\"og:image\" content=\"https:\/\/www.milesi.com\/wp-content\/uploads\/2020\/07\/madera-sostenibile-locandina-es-1200-600x600-1.jpg\" \/>\n\t<meta property=\"og:image:width\" content=\"300\" \/>\n\t<meta property=\"og:image:height\" content=\"300\" \/>\n\t<meta property=\"og:image:type\" content=\"image\/jpeg\" \/>\n<meta name=\"author\" content=\"User\" \/>\n<meta name=\"twitter:card\" content=\"summary_large_image\" \/>\n<meta name=\"twitter:label1\" content=\"Escrito por\" \/>\n\t<meta name=\"twitter:data1\" content=\"User\" \/>\n\t<meta name=\"twitter:label2\" content=\"Tiempo de lectura\" \/>\n\t<meta name=\"twitter:data2\" content=\"2 minutes\" \/>\n<script type=\"application\/ld+json\" class=\"yoast-schema-graph\">{\"@context\":\"https:\\\/\\\/schema.org\",\"@graph\":[{\"@type\":\"Article\",\"@id\":\"https:\\\/\\\/www.milesi.com\\\/es\\\/madera-sostenible-com-16-06-2020\\\/#article\",\"isPartOf\":{\"@id\":\"https:\\\/\\\/www.milesi.com\\\/es\\\/madera-sostenible-com-16-06-2020\\\/\"},\"author\":{\"name\":\"User\",\"@id\":\"https:\\\/\\\/www.milesi.com\\\/es\\\/#\\\/schema\\\/person\\\/efe9c5f0d5dc8ecccf853a392e5aacdd\"},\"headline\":\"MADERA-SOSTENIBLE.COM \u2013 16\\\/06\\\/2020\",\"datePublished\":\"2020-07-24T12:58:01+00:00\",\"dateModified\":\"2025-04-17T17:33:34+00:00\",\"mainEntityOfPage\":{\"@id\":\"https:\\\/\\\/www.milesi.com\\\/es\\\/madera-sostenible-com-16-06-2020\\\/\"},\"wordCount\":337,\"commentCount\":0,\"publisher\":{\"@id\":\"https:\\\/\\\/www.milesi.com\\\/es\\\/#organization\"},\"image\":{\"@id\":\"https:\\\/\\\/www.milesi.com\\\/es\\\/madera-sostenible-com-16-06-2020\\\/#primaryimage\"},\"thumbnailUrl\":\"https:\\\/\\\/www.milesi.com\\\/wp-content\\\/uploads\\\/2020\\\/07\\\/madera-sostenibile-locandina-es-1200-600x600-1.jpg\",\"articleSection\":[\"Press\"],\"inLanguage\":\"es-ES\",\"potentialAction\":[{\"@type\":\"CommentAction\",\"name\":\"Comment\",\"target\":[\"https:\\\/\\\/www.milesi.com\\\/es\\\/madera-sostenible-com-16-06-2020\\\/#respond\"]}]},{\"@type\":\"WebPage\",\"@id\":\"https:\\\/\\\/www.milesi.com\\\/es\\\/madera-sostenible-com-16-06-2020\\\/\",\"url\":\"https:\\\/\\\/www.milesi.com\\\/es\\\/madera-sostenible-com-16-06-2020\\\/\",\"name\":\"MADERA-SOSTENIBLE.COM \u2013 16\\\/06\\\/2020 - Milesi\",\"isPartOf\":{\"@id\":\"https:\\\/\\\/www.milesi.com\\\/es\\\/#website\"},\"primaryImageOfPage\":{\"@id\":\"https:\\\/\\\/www.milesi.com\\\/es\\\/madera-sostenible-com-16-06-2020\\\/#primaryimage\"},\"image\":{\"@id\":\"https:\\\/\\\/www.milesi.com\\\/es\\\/madera-sostenible-com-16-06-2020\\\/#primaryimage\"},\"thumbnailUrl\":\"https:\\\/\\\/www.milesi.com\\\/wp-content\\\/uploads\\\/2020\\\/07\\\/madera-sostenibile-locandina-es-1200-600x600-1.jpg\",\"datePublished\":\"2020-07-24T12:58:01+00:00\",\"dateModified\":\"2025-04-17T17:33:34+00:00\",\"breadcrumb\":{\"@id\":\"https:\\\/\\\/www.milesi.com\\\/es\\\/madera-sostenible-com-16-06-2020\\\/#breadcrumb\"},\"inLanguage\":\"es-ES\",\"potentialAction\":[{\"@type\":\"ReadAction\",\"target\":[\"https:\\\/\\\/www.milesi.com\\\/es\\\/madera-sostenible-com-16-06-2020\\\/\"]}]},{\"@type\":\"ImageObject\",\"inLanguage\":\"es-ES\",\"@id\":\"https:\\\/\\\/www.milesi.com\\\/es\\\/madera-sostenible-com-16-06-2020\\\/#primaryimage\",\"url\":\"https:\\\/\\\/www.milesi.com\\\/wp-content\\\/uploads\\\/2020\\\/07\\\/madera-sostenibile-locandina-es-1200-600x600-1.jpg\",\"contentUrl\":\"https:\\\/\\\/www.milesi.com\\\/wp-content\\\/uploads\\\/2020\\\/07\\\/madera-sostenibile-locandina-es-1200-600x600-1.jpg\",\"width\":300,\"height\":300},{\"@type\":\"BreadcrumbList\",\"@id\":\"https:\\\/\\\/www.milesi.com\\\/es\\\/madera-sostenible-com-16-06-2020\\\/#breadcrumb\",\"itemListElement\":[{\"@type\":\"ListItem\",\"position\":1,\"name\":\"Milesi - Barnices para Madera\",\"item\":\"https:\\\/\\\/www.milesi.com\\\/es\\\/\"},{\"@type\":\"ListItem\",\"position\":2,\"name\":\"MADERA-SOSTENIBLE.COM \u2013 16\\\/06\\\/2020\"}]},{\"@type\":\"WebSite\",\"@id\":\"https:\\\/\\\/www.milesi.com\\\/es\\\/#website\",\"url\":\"https:\\\/\\\/www.milesi.com\\\/es\\\/\",\"name\":\"Milesi Vernici per il legno\",\"description\":\"Barnices para Madera\",\"publisher\":{\"@id\":\"https:\\\/\\\/www.milesi.com\\\/es\\\/#organization\"},\"alternateName\":\"Milesi\",\"potentialAction\":[{\"@type\":\"SearchAction\",\"target\":{\"@type\":\"EntryPoint\",\"urlTemplate\":\"https:\\\/\\\/www.milesi.com\\\/es\\\/?s={search_term_string}\"},\"query-input\":{\"@type\":\"PropertyValueSpecification\",\"valueRequired\":true,\"valueName\":\"search_term_string\"}}],\"inLanguage\":\"es-ES\"},{\"@type\":\"Organization\",\"@id\":\"https:\\\/\\\/www.milesi.com\\\/es\\\/#organization\",\"name\":\"Milesi Vernici\",\"alternateName\":\"Milesi\",\"url\":\"https:\\\/\\\/www.milesi.com\\\/es\\\/\",\"logo\":{\"@type\":\"ImageObject\",\"inLanguage\":\"es-ES\",\"@id\":\"https:\\\/\\\/www.milesi.com\\\/es\\\/#\\\/schema\\\/logo\\\/image\\\/\",\"url\":\"https:\\\/\\\/www.milesi.com\\\/wp-content\\\/uploads\\\/2022\\\/12\\\/milesi-web.png\",\"contentUrl\":\"https:\\\/\\\/www.milesi.com\\\/wp-content\\\/uploads\\\/2022\\\/12\\\/milesi-web.png\",\"width\":100,\"height\":101,\"caption\":\"Milesi Vernici\"},\"image\":{\"@id\":\"https:\\\/\\\/www.milesi.com\\\/es\\\/#\\\/schema\\\/logo\\\/image\\\/\"},\"sameAs\":[\"https:\\\/\\\/www.facebook.com\\\/MilesiVernici\",\"https:\\\/\\\/www.youtube.com\\\/channel\\\/UCgULN6yzPgE9usmMi3CP5hQ\",\"https:\\\/\\\/www.instagram.com\\\/milesiverniciperlegno\\\/\",\"https:\\\/\\\/vimeo.com\\\/user117001108\",\"https:\\\/\\\/www.linkedin.com\\\/company\\\/milesiwoodcoatings\\\/\"]},{\"@type\":\"Person\",\"@id\":\"https:\\\/\\\/www.milesi.com\\\/es\\\/#\\\/schema\\\/person\\\/efe9c5f0d5dc8ecccf853a392e5aacdd\",\"name\":\"User\"}]}<\/script>\n<!-- \/ Yoast SEO plugin. -->","yoast_head_json":{"title":"MADERA-SOSTENIBLE.COM \u2013 16\/06\/2020 - Milesi","robots":{"index":"noindex","follow":"follow"},"og_locale":"es_ES","og_type":"article","og_title":"MADERA-SOSTENIBLE.COM \u2013 16\/06\/2020 - Milesi","og_description":"MILESI presenta HEALTHY.WOOD Nueva l\u00ednea de acabados antibacterias. De la investigaci\u00f3n tecnol\u00f3gica\u00a0MILESI, marca del\u00a0Grupo IVM\u00a0entre las multinacionales m\u00e1s grandes e importantes del mundo en la producci\u00f3n de barnices para madera, nace\u00a0HEALTHY.WOOD, la nueva l\u00ednea de acabados antibacterias que\u00a0aseguran a las superficies una protecci\u00f3n absoluta y duradera contra las bacterias, sin recurrir a uso de productos [&hellip;]","og_url":"https:\/\/www.milesi.com\/es\/madera-sostenible-com-16-06-2020\/","og_site_name":"Milesi","article_publisher":"https:\/\/www.facebook.com\/MilesiVernici","article_published_time":"2020-07-24T12:58:01+00:00","article_modified_time":"2025-04-17T17:33:34+00:00","og_image":[{"width":300,"height":300,"url":"https:\/\/www.milesi.com\/wp-content\/uploads\/2020\/07\/madera-sostenibile-locandina-es-1200-600x600-1.jpg","type":"image\/jpeg"}],"author":"User","twitter_card":"summary_large_image","twitter_misc":{"Escrito por":"User","Tiempo de lectura":"2 minutes"},"schema":{"@context":"https:\/\/schema.org","@graph":[{"@type":"Article","@id":"https:\/\/www.milesi.com\/es\/madera-sostenible-com-16-06-2020\/#article","isPartOf":{"@id":"https:\/\/www.milesi.com\/es\/madera-sostenible-com-16-06-2020\/"},"author":{"name":"User","@id":"https:\/\/www.milesi.com\/es\/#\/schema\/person\/efe9c5f0d5dc8ecccf853a392e5aacdd"},"headline":"MADERA-SOSTENIBLE.COM \u2013 16\/06\/2020","datePublished":"2020-07-24T12:58:01+00:00","dateModified":"2025-04-17T17:33:34+00:00","mainEntityOfPage":{"@id":"https:\/\/www.milesi.com\/es\/madera-sostenible-com-16-06-2020\/"},"wordCount":337,"commentCount":0,"publisher":{"@id":"https:\/\/www.milesi.com\/es\/#organization"},"image":{"@id":"https:\/\/www.milesi.com\/es\/madera-sostenible-com-16-06-2020\/#primaryimage"},"thumbnailUrl":"https:\/\/www.milesi.com\/wp-content\/uploads\/2020\/07\/madera-sostenibile-locandina-es-1200-600x600-1.jpg","articleSection":["Press"],"inLanguage":"es-ES","potentialAction":[{"@type":"CommentAction","name":"Comment","target":["https:\/\/www.milesi.com\/es\/madera-sostenible-com-16-06-2020\/#respond"]}]},{"@type":"WebPage","@id":"https:\/\/www.milesi.com\/es\/madera-sostenible-com-16-06-2020\/","url":"https:\/\/www.milesi.com\/es\/madera-sostenible-com-16-06-2020\/","name":"MADERA-SOSTENIBLE.COM \u2013 16\/06\/2020 - Milesi","isPartOf":{"@id":"https:\/\/www.milesi.com\/es\/#website"},"primaryImageOfPage":{"@id":"https:\/\/www.milesi.com\/es\/madera-sostenible-com-16-06-2020\/#primaryimage"},"image":{"@id":"https:\/\/www.milesi.com\/es\/madera-sostenible-com-16-06-2020\/#primaryimage"},"thumbnailUrl":"https:\/\/www.milesi.com\/wp-content\/uploads\/2020\/07\/madera-sostenibile-locandina-es-1200-600x600-1.jpg","datePublished":"2020-07-24T12:58:01+00:00","dateModified":"2025-04-17T17:33:34+00:00","breadcrumb":{"@id":"https:\/\/www.milesi.com\/es\/madera-sostenible-com-16-06-2020\/#breadcrumb"},"inLanguage":"es-ES","potentialAction":[{"@type":"ReadAction","target":["https:\/\/www.milesi.com\/es\/madera-sostenible-com-16-06-2020\/"]}]},{"@type":"ImageObject","inLanguage":"es-ES","@id":"https:\/\/www.milesi.com\/es\/madera-sostenible-com-16-06-2020\/#primaryimage","url":"https:\/\/www.milesi.com\/wp-content\/uploads\/2020\/07\/madera-sostenibile-locandina-es-1200-600x600-1.jpg","contentUrl":"https:\/\/www.milesi.com\/wp-content\/uploads\/2020\/07\/madera-sostenibile-locandina-es-1200-600x600-1.jpg","width":300,"height":300},{"@type":"BreadcrumbList","@id":"https:\/\/www.milesi.com\/es\/madera-sostenible-com-16-06-2020\/#breadcrumb","itemListElement":[{"@type":"ListItem","position":1,"name":"Milesi - Barnices para Madera","item":"https:\/\/www.milesi.com\/es\/"},{"@type":"ListItem","position":2,"name":"MADERA-SOSTENIBLE.COM \u2013 16\/06\/2020"}]},{"@type":"WebSite","@id":"https:\/\/www.milesi.com\/es\/#website","url":"https:\/\/www.milesi.com\/es\/","name":"Milesi Vernici per il legno","description":"Barnices para Madera","publisher":{"@id":"https:\/\/www.milesi.com\/es\/#organization"},"alternateName":"Milesi","potentialAction":[{"@type":"SearchAction","target":{"@type":"EntryPoint","urlTemplate":"https:\/\/www.milesi.com\/es\/?s={search_term_string}"},"query-input":{"@type":"PropertyValueSpecification","valueRequired":true,"valueName":"search_term_string"}}],"inLanguage":"es-ES"},{"@type":"Organization","@id":"https:\/\/www.milesi.com\/es\/#organization","name":"Milesi Vernici","alternateName":"Milesi","url":"https:\/\/www.milesi.com\/es\/","logo":{"@type":"ImageObject","inLanguage":"es-ES","@id":"https:\/\/www.milesi.com\/es\/#\/schema\/logo\/image\/","url":"https:\/\/www.milesi.com\/wp-content\/uploads\/2022\/12\/milesi-web.png","contentUrl":"https:\/\/www.milesi.com\/wp-content\/uploads\/2022\/12\/milesi-web.png","width":100,"height":101,"caption":"Milesi Vernici"},"image":{"@id":"https:\/\/www.milesi.com\/es\/#\/schema\/logo\/image\/"},"sameAs":["https:\/\/www.facebook.com\/MilesiVernici","https:\/\/www.youtube.com\/channel\/UCgULN6yzPgE9usmMi3CP5hQ","https:\/\/www.instagram.com\/milesiverniciperlegno\/","https:\/\/vimeo.com\/user117001108","https:\/\/www.linkedin.com\/company\/milesiwoodcoatings\/"]},{"@type":"Person","@id":"https:\/\/www.milesi.com\/es\/#\/schema\/person\/efe9c5f0d5dc8ecccf853a392e5aacdd","name":"User"}]}},"_links":{"self":[{"href":"https:\/\/www.milesi.com\/es\/wp-json\/wp\/v2\/posts\/7341","targetHints":{"allow":["GET"]}}],"collection":[{"href":"https:\/\/www.milesi.com\/es\/wp-json\/wp\/v2\/posts"}],"about":[{"href":"https:\/\/www.milesi.com\/es\/wp-json\/wp\/v2\/types\/post"}],"author":[{"embeddable":true,"href":"https:\/\/www.milesi.com\/es\/wp-json\/wp\/v2\/users\/5"}],"replies":[{"embeddable":true,"href":"https:\/\/www.milesi.com\/es\/wp-json\/wp\/v2\/comments?post=7341"}],"version-history":[{"count":1,"href":"https:\/\/www.milesi.com\/es\/wp-json\/wp\/v2\/posts\/7341\/revisions"}],"predecessor-version":[{"id":26797,"href":"https:\/\/www.milesi.com\/es\/wp-json\/wp\/v2\/posts\/7341\/revisions\/26797"}],"wp:featuredmedia":[{"embeddable":true,"href":"https:\/\/www.milesi.com\/es\/wp-json\/wp\/v2\/media\/7342"}],"wp:attachment":[{"href":"https:\/\/www.milesi.com\/es\/wp-json\/wp\/v2\/media?parent=7341"}],"wp:term":[{"taxonomy":"category","embeddable":true,"href":"https:\/\/www.milesi.com\/es\/wp-json\/wp\/v2\/categories?post=7341"},{"taxonomy":"post_tag","embeddable":true,"href":"https:\/\/www.milesi.com\/es\/wp-json\/wp\/v2\/tags?post=7341"}],"curies":[{"name":"wp","href":"https:\/\/api.w.org\/{rel}","templated":true}]}}