{"id":13124,"date":"2021-02-10T14:21:42","date_gmt":"2021-02-10T13:21:42","guid":{"rendered":"http:\/\/www.milesi.com\/non-categorizzato\/web-series-milesi-talent-seconda-puntata-la-progettazione\/"},"modified":"2025-04-19T12:13:14","modified_gmt":"2025-04-19T10:13:14","slug":"web-series-milesi-talent-seconda-puntata-la-progettazione","status":"publish","type":"post","link":"https:\/\/www.milesi.com\/fr\/web-series-milesi-talent-seconda-puntata-la-progettazione\/","title":{"rendered":"MILESI TALENT &#8211; La progettazione"},"content":{"rendered":"<div class=\"yoast-breadcrumbs\"><span><span><a href=\"https:\/\/www.milesi.com\/fr\/\">Milesi &#8211; Vernis pour bois<\/a><\/span> \u00bb <span class=\"breadcrumb_last\" aria-current=\"page\">MILESI TALENT &#8211; La progettazione<\/span><\/span><\/div>\n\n<p>Per gli studenti del Polo Formativo LegnoArredo che partecipano al contest ideato da Milesi, \u00e8 giunto il momento della progettazione delle loro idee creative. Entusiasmo, passione e gioco di squadra sono alla base del successo di questo Talent, e i ragazzi sono concentratissimi verso l\u2019obiettivo. La seconda puntata della web series li vede impegnati nella realizzazione dei primi mock-up dei loro progetti.<\/p>\n<p>&nbsp;<\/p>\n<p style=\"text-align: center;\">\u00a0\u00a0Guarda il video:<\/p>\n<p style=\"text-align: center;\"><a href=\"https:\/\/www.youtube.com\/watch?v=0dTS4RdsRLw\" target=\"_blank\" rel=\"noopener\"><span style=\"text-decoration: underline;\"><strong>Milesi Talent &#8211; Seconda puntata: La Progettazione<\/strong><\/span><\/a><span style=\"text-decoration: underline;\"><strong>\u00a0<\/strong><\/span><\/p>\n<p>&nbsp;<\/p>\n<p style=\"text-align: center;\">Alla prossima puntata! \u00a0#staytuned<\/p>\n<p>&nbsp;<\/p>\n<p style=\"text-align: center;\"><img loading=\"lazy\" decoding=\"async\" class=\"alignnone wp-image-12782 \" src=\"https:\/\/www.milesi.com\/wp-content\/uploads\/2021\/02\/IMG-20201015-WA0039.jpg\" alt=\"\" width=\"299\" height=\"225\" \/>\u00a0 <img loading=\"lazy\" decoding=\"async\" class=\"alignnone wp-image-12776 \" src=\"https:\/\/www.milesi.com\/wp-content\/uploads\/2021\/02\/progetto2.png\" alt=\"\" width=\"265\" height=\"224\" srcset=\"https:\/\/www.milesi.com\/wp-content\/uploads\/2021\/02\/progetto2.png 927w, https:\/\/www.milesi.com\/wp-content\/uploads\/2021\/02\/progetto2-600x509.png 600w, https:\/\/www.milesi.com\/wp-content\/uploads\/2021\/02\/progetto2-300x254.png 300w, https:\/\/www.milesi.com\/wp-content\/uploads\/2021\/02\/progetto2-768x651.png 768w, https:\/\/www.milesi.com\/wp-content\/uploads\/2021\/02\/progetto2-24x20.png 24w, https:\/\/www.milesi.com\/wp-content\/uploads\/2021\/02\/progetto2-36x31.png 36w, https:\/\/www.milesi.com\/wp-content\/uploads\/2021\/02\/progetto2-256x217.png 256w\" sizes=\"(max-width: 265px) 100vw, 265px\" \/><\/p>\n<p>&nbsp;<\/p>\n<p style=\"text-align: center;\"><em><strong>Milesi e Polo Formativo LegnoArredo: una collaborazione vincente\u00a0<\/strong><\/em><\/p>\n<p>&nbsp;<\/p>\n<p><strong>Milesi<\/strong> vuole valorizzare e consolidare la sinergia con il Polo Formativo LegnoArredo, con cui collabora da alcuni anni partecipando attivamente al piano formativo della scuola con \u00a0corsi specifici sulla verniciatura del legno. Dal 2013 il Polo Formativo LegnoArredo rappresenta la Scuola formativa di eccellenza che forma gli Operatori del Legno per uno dei pi\u00f9 importanti sistemi produttivi territoriali italiani, la Brianza.<\/p>\n<p><span style=\"font-size: 10pt;\">Febbraio 2021<\/span><\/p>","protected":false},"excerpt":{"rendered":"<p>Per gli studenti del Polo Formativo LegnoArredo che partecipano al contest ideato da Milesi, \u00e8 giunto il momento della progettazione delle loro idee creative. Entusiasmo, passione e gioco di squadra sono alla base del successo di questo Talent, e i ragazzi sono concentratissimi verso l\u2019obiettivo. La seconda puntata della web series li vede impegnati nella [&hellip;]<\/p>\n","protected":false},"author":5,"featured_media":12921,"comment_status":"open","ping_status":"closed","sticky":false,"template":"","format":"standard","meta":{"_et_pb_use_builder":"","_et_pb_old_content":"","_et_gb_content_width":"","footnotes":""},"categories":[819],"tags":[1052,1053,1054,1055],"class_list":["post-13124","post","type-post","status-publish","format-standard","has-post-thumbnail","hentry","category-nouvelles","tag-milesi-talent-fr","tag-polo-formativo-legnoarredo-fr","tag-web-series-fr","tag-web-series-milesi-talent-fr"],"yoast_head":"<!-- This site is optimized with the Yoast SEO plugin v27.3 - https:\/\/yoast.com\/product\/yoast-seo-wordpress\/ -->\n<title>MILESI TALENT - La progettazione - Milesi<\/title>\n<meta name=\"robots\" content=\"noindex, follow\" \/>\n<meta property=\"og:locale\" content=\"fr_FR\" \/>\n<meta property=\"og:type\" content=\"article\" \/>\n<meta property=\"og:title\" content=\"MILESI TALENT - La progettazione - Milesi\" \/>\n<meta property=\"og:description\" content=\"Per gli studenti del Polo Formativo LegnoArredo che partecipano al contest ideato da Milesi, \u00e8 giunto il momento della progettazione delle loro idee creative. Entusiasmo, passione e gioco di squadra sono alla base del successo di questo Talent, e i ragazzi sono concentratissimi verso l\u2019obiettivo. La seconda puntata della web series li vede impegnati nella [&hellip;]\" \/>\n<meta property=\"og:url\" content=\"https:\/\/www.milesi.com\/fr\/web-series-milesi-talent-seconda-puntata-la-progettazione\/\" \/>\n<meta property=\"og:site_name\" content=\"Milesi\" \/>\n<meta property=\"article:publisher\" content=\"https:\/\/www.facebook.com\/MilesiVernici\" \/>\n<meta property=\"article:published_time\" content=\"2021-02-10T13:21:42+00:00\" \/>\n<meta property=\"article:modified_time\" content=\"2025-04-19T10:13:14+00:00\" \/>\n<meta property=\"og:image\" content=\"https:\/\/www.milesi.com\/wp-content\/uploads\/2021\/02\/Milesi-Talent-4-2.jpg\" \/>\n\t<meta property=\"og:image:width\" content=\"600\" \/>\n\t<meta property=\"og:image:height\" content=\"600\" \/>\n\t<meta property=\"og:image:type\" content=\"image\/jpeg\" \/>\n<meta name=\"author\" content=\"User\" \/>\n<meta name=\"twitter:card\" content=\"summary_large_image\" \/>\n<meta name=\"twitter:label1\" content=\"\u00c9crit par\" \/>\n\t<meta name=\"twitter:data1\" content=\"User\" \/>\n\t<meta name=\"twitter:label2\" content=\"Dur\u00e9e de lecture estim\u00e9e\" \/>\n\t<meta name=\"twitter:data2\" content=\"1 minute\" \/>\n<script type=\"application\/ld+json\" class=\"yoast-schema-graph\">{\"@context\":\"https:\\\/\\\/schema.org\",\"@graph\":[{\"@type\":\"Article\",\"@id\":\"https:\\\/\\\/www.milesi.com\\\/fr\\\/web-series-milesi-talent-seconda-puntata-la-progettazione\\\/#article\",\"isPartOf\":{\"@id\":\"https:\\\/\\\/www.milesi.com\\\/fr\\\/web-series-milesi-talent-seconda-puntata-la-progettazione\\\/\"},\"author\":{\"name\":\"User\",\"@id\":\"https:\\\/\\\/www.milesi.com\\\/fr\\\/#\\\/schema\\\/person\\\/efe9c5f0d5dc8ecccf853a392e5aacdd\"},\"headline\":\"MILESI TALENT &#8211; La progettazione\",\"datePublished\":\"2021-02-10T13:21:42+00:00\",\"dateModified\":\"2025-04-19T10:13:14+00:00\",\"mainEntityOfPage\":{\"@id\":\"https:\\\/\\\/www.milesi.com\\\/fr\\\/web-series-milesi-talent-seconda-puntata-la-progettazione\\\/\"},\"wordCount\":155,\"commentCount\":0,\"publisher\":{\"@id\":\"https:\\\/\\\/www.milesi.com\\\/fr\\\/#organization\"},\"image\":{\"@id\":\"https:\\\/\\\/www.milesi.com\\\/fr\\\/web-series-milesi-talent-seconda-puntata-la-progettazione\\\/#primaryimage\"},\"thumbnailUrl\":\"https:\\\/\\\/www.milesi.com\\\/wp-content\\\/uploads\\\/2021\\\/02\\\/Milesi-Talent-4-2.jpg\",\"keywords\":[\"Milesi talent\",\"Polo formativo LegnoArredo\",\"Web series\",\"Web series Milesi talent\"],\"articleSection\":[\"Nouvelles\"],\"inLanguage\":\"fr-FR\",\"potentialAction\":[{\"@type\":\"CommentAction\",\"name\":\"Comment\",\"target\":[\"https:\\\/\\\/www.milesi.com\\\/fr\\\/web-series-milesi-talent-seconda-puntata-la-progettazione\\\/#respond\"]}]},{\"@type\":\"WebPage\",\"@id\":\"https:\\\/\\\/www.milesi.com\\\/fr\\\/web-series-milesi-talent-seconda-puntata-la-progettazione\\\/\",\"url\":\"https:\\\/\\\/www.milesi.com\\\/fr\\\/web-series-milesi-talent-seconda-puntata-la-progettazione\\\/\",\"name\":\"MILESI TALENT - La progettazione - Milesi\",\"isPartOf\":{\"@id\":\"https:\\\/\\\/www.milesi.com\\\/fr\\\/#website\"},\"primaryImageOfPage\":{\"@id\":\"https:\\\/\\\/www.milesi.com\\\/fr\\\/web-series-milesi-talent-seconda-puntata-la-progettazione\\\/#primaryimage\"},\"image\":{\"@id\":\"https:\\\/\\\/www.milesi.com\\\/fr\\\/web-series-milesi-talent-seconda-puntata-la-progettazione\\\/#primaryimage\"},\"thumbnailUrl\":\"https:\\\/\\\/www.milesi.com\\\/wp-content\\\/uploads\\\/2021\\\/02\\\/Milesi-Talent-4-2.jpg\",\"datePublished\":\"2021-02-10T13:21:42+00:00\",\"dateModified\":\"2025-04-19T10:13:14+00:00\",\"breadcrumb\":{\"@id\":\"https:\\\/\\\/www.milesi.com\\\/fr\\\/web-series-milesi-talent-seconda-puntata-la-progettazione\\\/#breadcrumb\"},\"inLanguage\":\"fr-FR\",\"potentialAction\":[{\"@type\":\"ReadAction\",\"target\":[\"https:\\\/\\\/www.milesi.com\\\/fr\\\/web-series-milesi-talent-seconda-puntata-la-progettazione\\\/\"]}]},{\"@type\":\"ImageObject\",\"inLanguage\":\"fr-FR\",\"@id\":\"https:\\\/\\\/www.milesi.com\\\/fr\\\/web-series-milesi-talent-seconda-puntata-la-progettazione\\\/#primaryimage\",\"url\":\"https:\\\/\\\/www.milesi.com\\\/wp-content\\\/uploads\\\/2021\\\/02\\\/Milesi-Talent-4-2.jpg\",\"contentUrl\":\"https:\\\/\\\/www.milesi.com\\\/wp-content\\\/uploads\\\/2021\\\/02\\\/Milesi-Talent-4-2.jpg\",\"width\":600,\"height\":600},{\"@type\":\"BreadcrumbList\",\"@id\":\"https:\\\/\\\/www.milesi.com\\\/fr\\\/web-series-milesi-talent-seconda-puntata-la-progettazione\\\/#breadcrumb\",\"itemListElement\":[{\"@type\":\"ListItem\",\"position\":1,\"name\":\"Milesi - Vernis pour bois\",\"item\":\"https:\\\/\\\/www.milesi.com\\\/fr\\\/\"},{\"@type\":\"ListItem\",\"position\":2,\"name\":\"MILESI TALENT &#8211; La progettazione\"}]},{\"@type\":\"WebSite\",\"@id\":\"https:\\\/\\\/www.milesi.com\\\/fr\\\/#website\",\"url\":\"https:\\\/\\\/www.milesi.com\\\/fr\\\/\",\"name\":\"Milesi Vernici per il legno\",\"description\":\"Vernis pour bois\",\"publisher\":{\"@id\":\"https:\\\/\\\/www.milesi.com\\\/fr\\\/#organization\"},\"alternateName\":\"Milesi\",\"potentialAction\":[{\"@type\":\"SearchAction\",\"target\":{\"@type\":\"EntryPoint\",\"urlTemplate\":\"https:\\\/\\\/www.milesi.com\\\/fr\\\/?s={search_term_string}\"},\"query-input\":{\"@type\":\"PropertyValueSpecification\",\"valueRequired\":true,\"valueName\":\"search_term_string\"}}],\"inLanguage\":\"fr-FR\"},{\"@type\":\"Organization\",\"@id\":\"https:\\\/\\\/www.milesi.com\\\/fr\\\/#organization\",\"name\":\"Milesi Vernici\",\"alternateName\":\"Milesi\",\"url\":\"https:\\\/\\\/www.milesi.com\\\/fr\\\/\",\"logo\":{\"@type\":\"ImageObject\",\"inLanguage\":\"fr-FR\",\"@id\":\"https:\\\/\\\/www.milesi.com\\\/fr\\\/#\\\/schema\\\/logo\\\/image\\\/\",\"url\":\"https:\\\/\\\/www.milesi.com\\\/wp-content\\\/uploads\\\/2022\\\/12\\\/milesi-web.png\",\"contentUrl\":\"https:\\\/\\\/www.milesi.com\\\/wp-content\\\/uploads\\\/2022\\\/12\\\/milesi-web.png\",\"width\":100,\"height\":101,\"caption\":\"Milesi Vernici\"},\"image\":{\"@id\":\"https:\\\/\\\/www.milesi.com\\\/fr\\\/#\\\/schema\\\/logo\\\/image\\\/\"},\"sameAs\":[\"https:\\\/\\\/www.facebook.com\\\/MilesiVernici\",\"https:\\\/\\\/www.youtube.com\\\/channel\\\/UCgULN6yzPgE9usmMi3CP5hQ\",\"https:\\\/\\\/www.instagram.com\\\/milesiverniciperlegno\\\/\",\"https:\\\/\\\/vimeo.com\\\/user117001108\",\"https:\\\/\\\/www.linkedin.com\\\/company\\\/milesiwoodcoatings\\\/\"]},{\"@type\":\"Person\",\"@id\":\"https:\\\/\\\/www.milesi.com\\\/fr\\\/#\\\/schema\\\/person\\\/efe9c5f0d5dc8ecccf853a392e5aacdd\",\"name\":\"User\"}]}<\/script>\n<!-- \/ Yoast SEO plugin. -->","yoast_head_json":{"title":"MILESI TALENT - La progettazione - Milesi","robots":{"index":"noindex","follow":"follow"},"og_locale":"fr_FR","og_type":"article","og_title":"MILESI TALENT - La progettazione - Milesi","og_description":"Per gli studenti del Polo Formativo LegnoArredo che partecipano al contest ideato da Milesi, \u00e8 giunto il momento della progettazione delle loro idee creative. Entusiasmo, passione e gioco di squadra sono alla base del successo di questo Talent, e i ragazzi sono concentratissimi verso l\u2019obiettivo. La seconda puntata della web series li vede impegnati nella [&hellip;]","og_url":"https:\/\/www.milesi.com\/fr\/web-series-milesi-talent-seconda-puntata-la-progettazione\/","og_site_name":"Milesi","article_publisher":"https:\/\/www.facebook.com\/MilesiVernici","article_published_time":"2021-02-10T13:21:42+00:00","article_modified_time":"2025-04-19T10:13:14+00:00","og_image":[{"width":600,"height":600,"url":"https:\/\/www.milesi.com\/wp-content\/uploads\/2021\/02\/Milesi-Talent-4-2.jpg","type":"image\/jpeg"}],"author":"User","twitter_card":"summary_large_image","twitter_misc":{"\u00c9crit par":"User","Dur\u00e9e de lecture estim\u00e9e":"1 minute"},"schema":{"@context":"https:\/\/schema.org","@graph":[{"@type":"Article","@id":"https:\/\/www.milesi.com\/fr\/web-series-milesi-talent-seconda-puntata-la-progettazione\/#article","isPartOf":{"@id":"https:\/\/www.milesi.com\/fr\/web-series-milesi-talent-seconda-puntata-la-progettazione\/"},"author":{"name":"User","@id":"https:\/\/www.milesi.com\/fr\/#\/schema\/person\/efe9c5f0d5dc8ecccf853a392e5aacdd"},"headline":"MILESI TALENT &#8211; La progettazione","datePublished":"2021-02-10T13:21:42+00:00","dateModified":"2025-04-19T10:13:14+00:00","mainEntityOfPage":{"@id":"https:\/\/www.milesi.com\/fr\/web-series-milesi-talent-seconda-puntata-la-progettazione\/"},"wordCount":155,"commentCount":0,"publisher":{"@id":"https:\/\/www.milesi.com\/fr\/#organization"},"image":{"@id":"https:\/\/www.milesi.com\/fr\/web-series-milesi-talent-seconda-puntata-la-progettazione\/#primaryimage"},"thumbnailUrl":"https:\/\/www.milesi.com\/wp-content\/uploads\/2021\/02\/Milesi-Talent-4-2.jpg","keywords":["Milesi talent","Polo formativo LegnoArredo","Web series","Web series Milesi talent"],"articleSection":["Nouvelles"],"inLanguage":"fr-FR","potentialAction":[{"@type":"CommentAction","name":"Comment","target":["https:\/\/www.milesi.com\/fr\/web-series-milesi-talent-seconda-puntata-la-progettazione\/#respond"]}]},{"@type":"WebPage","@id":"https:\/\/www.milesi.com\/fr\/web-series-milesi-talent-seconda-puntata-la-progettazione\/","url":"https:\/\/www.milesi.com\/fr\/web-series-milesi-talent-seconda-puntata-la-progettazione\/","name":"MILESI TALENT - La progettazione - Milesi","isPartOf":{"@id":"https:\/\/www.milesi.com\/fr\/#website"},"primaryImageOfPage":{"@id":"https:\/\/www.milesi.com\/fr\/web-series-milesi-talent-seconda-puntata-la-progettazione\/#primaryimage"},"image":{"@id":"https:\/\/www.milesi.com\/fr\/web-series-milesi-talent-seconda-puntata-la-progettazione\/#primaryimage"},"thumbnailUrl":"https:\/\/www.milesi.com\/wp-content\/uploads\/2021\/02\/Milesi-Talent-4-2.jpg","datePublished":"2021-02-10T13:21:42+00:00","dateModified":"2025-04-19T10:13:14+00:00","breadcrumb":{"@id":"https:\/\/www.milesi.com\/fr\/web-series-milesi-talent-seconda-puntata-la-progettazione\/#breadcrumb"},"inLanguage":"fr-FR","potentialAction":[{"@type":"ReadAction","target":["https:\/\/www.milesi.com\/fr\/web-series-milesi-talent-seconda-puntata-la-progettazione\/"]}]},{"@type":"ImageObject","inLanguage":"fr-FR","@id":"https:\/\/www.milesi.com\/fr\/web-series-milesi-talent-seconda-puntata-la-progettazione\/#primaryimage","url":"https:\/\/www.milesi.com\/wp-content\/uploads\/2021\/02\/Milesi-Talent-4-2.jpg","contentUrl":"https:\/\/www.milesi.com\/wp-content\/uploads\/2021\/02\/Milesi-Talent-4-2.jpg","width":600,"height":600},{"@type":"BreadcrumbList","@id":"https:\/\/www.milesi.com\/fr\/web-series-milesi-talent-seconda-puntata-la-progettazione\/#breadcrumb","itemListElement":[{"@type":"ListItem","position":1,"name":"Milesi - Vernis pour bois","item":"https:\/\/www.milesi.com\/fr\/"},{"@type":"ListItem","position":2,"name":"MILESI TALENT &#8211; La progettazione"}]},{"@type":"WebSite","@id":"https:\/\/www.milesi.com\/fr\/#website","url":"https:\/\/www.milesi.com\/fr\/","name":"Milesi Vernici per il legno","description":"Vernis pour bois","publisher":{"@id":"https:\/\/www.milesi.com\/fr\/#organization"},"alternateName":"Milesi","potentialAction":[{"@type":"SearchAction","target":{"@type":"EntryPoint","urlTemplate":"https:\/\/www.milesi.com\/fr\/?s={search_term_string}"},"query-input":{"@type":"PropertyValueSpecification","valueRequired":true,"valueName":"search_term_string"}}],"inLanguage":"fr-FR"},{"@type":"Organization","@id":"https:\/\/www.milesi.com\/fr\/#organization","name":"Milesi Vernici","alternateName":"Milesi","url":"https:\/\/www.milesi.com\/fr\/","logo":{"@type":"ImageObject","inLanguage":"fr-FR","@id":"https:\/\/www.milesi.com\/fr\/#\/schema\/logo\/image\/","url":"https:\/\/www.milesi.com\/wp-content\/uploads\/2022\/12\/milesi-web.png","contentUrl":"https:\/\/www.milesi.com\/wp-content\/uploads\/2022\/12\/milesi-web.png","width":100,"height":101,"caption":"Milesi Vernici"},"image":{"@id":"https:\/\/www.milesi.com\/fr\/#\/schema\/logo\/image\/"},"sameAs":["https:\/\/www.facebook.com\/MilesiVernici","https:\/\/www.youtube.com\/channel\/UCgULN6yzPgE9usmMi3CP5hQ","https:\/\/www.instagram.com\/milesiverniciperlegno\/","https:\/\/vimeo.com\/user117001108","https:\/\/www.linkedin.com\/company\/milesiwoodcoatings\/"]},{"@type":"Person","@id":"https:\/\/www.milesi.com\/fr\/#\/schema\/person\/efe9c5f0d5dc8ecccf853a392e5aacdd","name":"User"}]}},"_links":{"self":[{"href":"https:\/\/www.milesi.com\/fr\/wp-json\/wp\/v2\/posts\/13124","targetHints":{"allow":["GET"]}}],"collection":[{"href":"https:\/\/www.milesi.com\/fr\/wp-json\/wp\/v2\/posts"}],"about":[{"href":"https:\/\/www.milesi.com\/fr\/wp-json\/wp\/v2\/types\/post"}],"author":[{"embeddable":true,"href":"https:\/\/www.milesi.com\/fr\/wp-json\/wp\/v2\/users\/5"}],"replies":[{"embeddable":true,"href":"https:\/\/www.milesi.com\/fr\/wp-json\/wp\/v2\/comments?post=13124"}],"version-history":[{"count":1,"href":"https:\/\/www.milesi.com\/fr\/wp-json\/wp\/v2\/posts\/13124\/revisions"}],"predecessor-version":[{"id":26902,"href":"https:\/\/www.milesi.com\/fr\/wp-json\/wp\/v2\/posts\/13124\/revisions\/26902"}],"wp:featuredmedia":[{"embeddable":true,"href":"https:\/\/www.milesi.com\/fr\/wp-json\/wp\/v2\/media\/12921"}],"wp:attachment":[{"href":"https:\/\/www.milesi.com\/fr\/wp-json\/wp\/v2\/media?parent=13124"}],"wp:term":[{"taxonomy":"category","embeddable":true,"href":"https:\/\/www.milesi.com\/fr\/wp-json\/wp\/v2\/categories?post=13124"},{"taxonomy":"post_tag","embeddable":true,"href":"https:\/\/www.milesi.com\/fr\/wp-json\/wp\/v2\/tags?post=13124"}],"curies":[{"name":"wp","href":"https:\/\/api.w.org\/{rel}","templated":true}]}}