{"id":14633,"date":"2021-03-19T16:24:57","date_gmt":"2021-03-19T15:24:57","guid":{"rendered":"https:\/\/www.milesi.com\/?p=14633"},"modified":"2025-04-19T13:01:47","modified_gmt":"2025-04-19T11:01:47","slug":"milesi-talent-la-verifica-tecnica-dei-progetti","status":"publish","type":"post","link":"https:\/\/www.milesi.com\/fr\/milesi-talent-la-verifica-tecnica-dei-progetti\/","title":{"rendered":"MILESI TALENT &#8211; La verifica tecnica dei progetti"},"content":{"rendered":"<div class=\"yoast-breadcrumbs\"><span><span><a href=\"https:\/\/www.milesi.com\/fr\/\">Milesi &#8211; Vernis pour bois<\/a><\/span> \u00bb <span class=\"breadcrumb_last\" aria-current=\"page\">MILESI TALENT &#8211; La verifica tecnica dei progetti<\/span><\/span><\/div>\n\n<p style=\"text-align: center;\">Il momento \u00e8 arrivato: gli studenti del Polo Formativo LegnoArredo presentano alla giuria tecnica i progetti con cui hanno interpretato il tema del contest Milesi, la cucina sostenibile 4.0.<\/p>\n<p style=\"text-align: center;\">Quali otterranno l\u2019approvazione dei giudici e continueranno il percorso per aggiudicarsi il premio del Milesi Talent?<\/p>\n<p style=\"text-align: center;\">\nGuardate il video della terza puntata della web series per scoprirlo:<\/p>\n<p style=\"text-align: center;\">\n<p>&nbsp;<\/p>\n<p style=\"text-align: center;\">\u00a0\u00a0Guarda il video:<\/p>\n<p style=\"text-align: center;\"><span style=\"text-decoration: underline;\"><strong><a href=\"https:\/\/www.youtube.com\/watch?v=g2w_nNsvVRg&amp;feature=youtu.be\" target=\"_blank\" rel=\"noopener\">Milesi Talent &#8211; Terza puntata &#8211; La verifica tecnica dei progetti<\/a><\/strong><\/span><\/p>\n<p>&nbsp;<\/p>\n<p style=\"text-align: center;\"><strong>Alla prossima puntata! \u00a0#staytuned<\/strong><\/p>\n<p>&nbsp;<\/p>\n<p style=\"text-align: center;\"><img loading=\"lazy\" decoding=\"async\" class=\"alignnone wp-image-14639 \" src=\"http:\/\/www.milesi.com\/wp-content\/uploads\/2021\/03\/Talent-III-puntata-1024x768.jpg\" alt=\"\" width=\"332\" height=\"250\" srcset=\"https:\/\/www.milesi.com\/wp-content\/uploads\/2021\/03\/Talent-III-puntata-1024x768.jpg 1024w, https:\/\/www.milesi.com\/wp-content\/uploads\/2021\/03\/Talent-III-puntata-600x450.jpg 600w, https:\/\/www.milesi.com\/wp-content\/uploads\/2021\/03\/Talent-III-puntata-300x225.jpg 300w, https:\/\/www.milesi.com\/wp-content\/uploads\/2021\/03\/Talent-III-puntata-768x576.jpg 768w, https:\/\/www.milesi.com\/wp-content\/uploads\/2021\/03\/Talent-III-puntata-24x18.jpg 24w, https:\/\/www.milesi.com\/wp-content\/uploads\/2021\/03\/Talent-III-puntata-36x27.jpg 36w, https:\/\/www.milesi.com\/wp-content\/uploads\/2021\/03\/Talent-III-puntata-256x192.jpg 256w, https:\/\/www.milesi.com\/wp-content\/uploads\/2021\/03\/Talent-III-puntata.jpg 1200w\" sizes=\"(max-width: 332px) 100vw, 332px\" \/>\u00a0 <img loading=\"lazy\" decoding=\"async\" class=\"alignnone wp-image-14645 \" src=\"http:\/\/www.milesi.com\/wp-content\/uploads\/2021\/03\/2-Talent-III-puntata-1024x768.jpg\" alt=\"\" width=\"332\" height=\"249\" srcset=\"https:\/\/www.milesi.com\/wp-content\/uploads\/2021\/03\/2-Talent-III-puntata-1024x768.jpg 1024w, https:\/\/www.milesi.com\/wp-content\/uploads\/2021\/03\/2-Talent-III-puntata-scaled-600x450.jpg 600w, https:\/\/www.milesi.com\/wp-content\/uploads\/2021\/03\/2-Talent-III-puntata-300x225.jpg 300w, https:\/\/www.milesi.com\/wp-content\/uploads\/2021\/03\/2-Talent-III-puntata-768x576.jpg 768w, https:\/\/www.milesi.com\/wp-content\/uploads\/2021\/03\/2-Talent-III-puntata-1536x1152.jpg 1536w, https:\/\/www.milesi.com\/wp-content\/uploads\/2021\/03\/2-Talent-III-puntata-2048x1536.jpg 2048w, https:\/\/www.milesi.com\/wp-content\/uploads\/2021\/03\/2-Talent-III-puntata-24x18.jpg 24w, https:\/\/www.milesi.com\/wp-content\/uploads\/2021\/03\/2-Talent-III-puntata-36x27.jpg 36w, https:\/\/www.milesi.com\/wp-content\/uploads\/2021\/03\/2-Talent-III-puntata-256x192.jpg 256w\" sizes=\"(max-width: 332px) 100vw, 332px\" \/><\/p>\n<p>&nbsp;<\/p>\n<p style=\"text-align: center;\"><em><strong>Milesi e Polo Formativo LegnoArredo: una collaborazione vincente\u00a0<\/strong><\/em><\/p>\n<p>&nbsp;<\/p>\n<p><span style=\"font-size: 10pt;\"><strong>Milesi<\/strong> vuole valorizzare e consolidare la sinergia con il Polo Formativo LegnoArredo, con cui collabora da alcuni anni partecipando attivamente al piano formativo della scuola con \u00a0corsi specifici sulla verniciatura del legno. Dal 2013 il Polo Formativo LegnoArredo rappresenta la Scuola formativa di eccellenza che forma gli Operatori del Legno per uno dei pi\u00f9 importanti sistemi produttivi territoriali italiani, la Brianza.<\/span><\/p>\n<p><span style=\"font-size: 10pt;\">Marzo 2021<\/span><\/p>","protected":false},"excerpt":{"rendered":"<p>Il momento \u00e8 arrivato: gli studenti del Polo Formativo LegnoArredo presentano alla giuria tecnica i progetti con cui hanno interpretato il tema del contest Milesi, la cucina sostenibile 4.0. Quali otterranno l\u2019approvazione dei giudici e continueranno il percorso per aggiudicarsi il premio del Milesi Talent? Guardate il video della terza puntata della web series per [&hellip;]<\/p>\n","protected":false},"author":5,"featured_media":14655,"comment_status":"open","ping_status":"closed","sticky":false,"template":"","format":"standard","meta":{"_et_pb_use_builder":"","_et_pb_old_content":"","_et_gb_content_width":"","footnotes":""},"categories":[79],"tags":[998,999,1001,1000],"class_list":["post-14633","post","type-post","status-publish","format-standard","has-post-thumbnail","hentry","category-notizie","tag-milesi-talent","tag-polo-formativo-legnoarredo","tag-web-series","tag-web-series-milesi-talent"],"yoast_head":"<!-- This site is optimized with the Yoast SEO plugin v27.3 - https:\/\/yoast.com\/product\/yoast-seo-wordpress\/ -->\n<title>MILESI TALENT - La verifica tecnica dei progetti - Milesi<\/title>\n<meta name=\"robots\" content=\"index, follow, max-snippet:-1, max-image-preview:large, max-video-preview:-1\" \/>\n<link rel=\"canonical\" href=\"https:\/\/www.milesi.com\/fr\/milesi-talent-la-verifica-tecnica-dei-progetti\/\" \/>\n<meta property=\"og:locale\" content=\"fr_FR\" \/>\n<meta property=\"og:type\" content=\"article\" \/>\n<meta property=\"og:title\" content=\"MILESI TALENT - La verifica tecnica dei progetti - Milesi\" \/>\n<meta property=\"og:description\" content=\"Il momento \u00e8 arrivato: gli studenti del Polo Formativo LegnoArredo presentano alla giuria tecnica i progetti con cui hanno interpretato il tema del contest Milesi, la cucina sostenibile 4.0. Quali otterranno l\u2019approvazione dei giudici e continueranno il percorso per aggiudicarsi il premio del Milesi Talent? Guardate il video della terza puntata della web series per [&hellip;]\" \/>\n<meta property=\"og:url\" content=\"https:\/\/www.milesi.com\/fr\/milesi-talent-la-verifica-tecnica-dei-progetti\/\" \/>\n<meta property=\"og:site_name\" content=\"Milesi\" \/>\n<meta property=\"article:publisher\" content=\"https:\/\/www.facebook.com\/MilesiVernici\" \/>\n<meta property=\"article:published_time\" content=\"2021-03-19T15:24:57+00:00\" \/>\n<meta property=\"article:modified_time\" content=\"2025-04-19T11:01:47+00:00\" \/>\n<meta property=\"og:image\" content=\"https:\/\/www.milesi.com\/wp-content\/uploads\/2021\/03\/milesitalent_3.jpg\" \/>\n\t<meta property=\"og:image:width\" content=\"1229\" \/>\n\t<meta property=\"og:image:height\" content=\"1200\" \/>\n\t<meta property=\"og:image:type\" content=\"image\/jpeg\" \/>\n<meta name=\"author\" content=\"User\" \/>\n<meta name=\"twitter:card\" content=\"summary_large_image\" \/>\n<meta name=\"twitter:label1\" content=\"\u00c9crit par\" \/>\n\t<meta name=\"twitter:data1\" content=\"User\" \/>\n\t<meta name=\"twitter:label2\" content=\"Dur\u00e9e de lecture estim\u00e9e\" \/>\n\t<meta name=\"twitter:data2\" content=\"2 minutes\" \/>\n<script type=\"application\/ld+json\" class=\"yoast-schema-graph\">{\"@context\":\"https:\\\/\\\/schema.org\",\"@graph\":[{\"@type\":\"Article\",\"@id\":\"https:\\\/\\\/www.milesi.com\\\/fr\\\/milesi-talent-la-verifica-tecnica-dei-progetti\\\/#article\",\"isPartOf\":{\"@id\":\"https:\\\/\\\/www.milesi.com\\\/fr\\\/milesi-talent-la-verifica-tecnica-dei-progetti\\\/\"},\"author\":{\"name\":\"User\",\"@id\":\"https:\\\/\\\/www.milesi.com\\\/fr\\\/#\\\/schema\\\/person\\\/efe9c5f0d5dc8ecccf853a392e5aacdd\"},\"headline\":\"MILESI TALENT &#8211; La verifica tecnica dei progetti\",\"datePublished\":\"2021-03-19T15:24:57+00:00\",\"dateModified\":\"2025-04-19T11:01:47+00:00\",\"mainEntityOfPage\":{\"@id\":\"https:\\\/\\\/www.milesi.com\\\/fr\\\/milesi-talent-la-verifica-tecnica-dei-progetti\\\/\"},\"wordCount\":155,\"commentCount\":0,\"publisher\":{\"@id\":\"https:\\\/\\\/www.milesi.com\\\/fr\\\/#organization\"},\"image\":{\"@id\":\"https:\\\/\\\/www.milesi.com\\\/fr\\\/milesi-talent-la-verifica-tecnica-dei-progetti\\\/#primaryimage\"},\"thumbnailUrl\":\"https:\\\/\\\/www.milesi.com\\\/wp-content\\\/uploads\\\/2021\\\/03\\\/milesitalent_3.jpg\",\"keywords\":[\"Milesi talent\",\"Polo formativo LegnoArredo\",\"Web series\",\"Web series Milesi talent\"],\"articleSection\":[\"News\"],\"inLanguage\":\"fr-FR\",\"potentialAction\":[{\"@type\":\"CommentAction\",\"name\":\"Comment\",\"target\":[\"https:\\\/\\\/www.milesi.com\\\/fr\\\/milesi-talent-la-verifica-tecnica-dei-progetti\\\/#respond\"]}]},{\"@type\":\"WebPage\",\"@id\":\"https:\\\/\\\/www.milesi.com\\\/fr\\\/milesi-talent-la-verifica-tecnica-dei-progetti\\\/\",\"url\":\"https:\\\/\\\/www.milesi.com\\\/fr\\\/milesi-talent-la-verifica-tecnica-dei-progetti\\\/\",\"name\":\"MILESI TALENT - La verifica tecnica dei progetti - Milesi\",\"isPartOf\":{\"@id\":\"https:\\\/\\\/www.milesi.com\\\/fr\\\/#website\"},\"primaryImageOfPage\":{\"@id\":\"https:\\\/\\\/www.milesi.com\\\/fr\\\/milesi-talent-la-verifica-tecnica-dei-progetti\\\/#primaryimage\"},\"image\":{\"@id\":\"https:\\\/\\\/www.milesi.com\\\/fr\\\/milesi-talent-la-verifica-tecnica-dei-progetti\\\/#primaryimage\"},\"thumbnailUrl\":\"https:\\\/\\\/www.milesi.com\\\/wp-content\\\/uploads\\\/2021\\\/03\\\/milesitalent_3.jpg\",\"datePublished\":\"2021-03-19T15:24:57+00:00\",\"dateModified\":\"2025-04-19T11:01:47+00:00\",\"breadcrumb\":{\"@id\":\"https:\\\/\\\/www.milesi.com\\\/fr\\\/milesi-talent-la-verifica-tecnica-dei-progetti\\\/#breadcrumb\"},\"inLanguage\":\"fr-FR\",\"potentialAction\":[{\"@type\":\"ReadAction\",\"target\":[\"https:\\\/\\\/www.milesi.com\\\/fr\\\/milesi-talent-la-verifica-tecnica-dei-progetti\\\/\"]}]},{\"@type\":\"ImageObject\",\"inLanguage\":\"fr-FR\",\"@id\":\"https:\\\/\\\/www.milesi.com\\\/fr\\\/milesi-talent-la-verifica-tecnica-dei-progetti\\\/#primaryimage\",\"url\":\"https:\\\/\\\/www.milesi.com\\\/wp-content\\\/uploads\\\/2021\\\/03\\\/milesitalent_3.jpg\",\"contentUrl\":\"https:\\\/\\\/www.milesi.com\\\/wp-content\\\/uploads\\\/2021\\\/03\\\/milesitalent_3.jpg\",\"width\":1229,\"height\":1200},{\"@type\":\"BreadcrumbList\",\"@id\":\"https:\\\/\\\/www.milesi.com\\\/fr\\\/milesi-talent-la-verifica-tecnica-dei-progetti\\\/#breadcrumb\",\"itemListElement\":[{\"@type\":\"ListItem\",\"position\":1,\"name\":\"Milesi - Vernis pour bois\",\"item\":\"https:\\\/\\\/www.milesi.com\\\/fr\\\/\"},{\"@type\":\"ListItem\",\"position\":2,\"name\":\"MILESI TALENT &#8211; La verifica tecnica dei progetti\"}]},{\"@type\":\"WebSite\",\"@id\":\"https:\\\/\\\/www.milesi.com\\\/fr\\\/#website\",\"url\":\"https:\\\/\\\/www.milesi.com\\\/fr\\\/\",\"name\":\"Milesi Vernici per il legno\",\"description\":\"Vernis pour bois\",\"publisher\":{\"@id\":\"https:\\\/\\\/www.milesi.com\\\/fr\\\/#organization\"},\"alternateName\":\"Milesi\",\"potentialAction\":[{\"@type\":\"SearchAction\",\"target\":{\"@type\":\"EntryPoint\",\"urlTemplate\":\"https:\\\/\\\/www.milesi.com\\\/fr\\\/?s={search_term_string}\"},\"query-input\":{\"@type\":\"PropertyValueSpecification\",\"valueRequired\":true,\"valueName\":\"search_term_string\"}}],\"inLanguage\":\"fr-FR\"},{\"@type\":\"Organization\",\"@id\":\"https:\\\/\\\/www.milesi.com\\\/fr\\\/#organization\",\"name\":\"Milesi Vernici\",\"alternateName\":\"Milesi\",\"url\":\"https:\\\/\\\/www.milesi.com\\\/fr\\\/\",\"logo\":{\"@type\":\"ImageObject\",\"inLanguage\":\"fr-FR\",\"@id\":\"https:\\\/\\\/www.milesi.com\\\/fr\\\/#\\\/schema\\\/logo\\\/image\\\/\",\"url\":\"https:\\\/\\\/www.milesi.com\\\/wp-content\\\/uploads\\\/2022\\\/12\\\/milesi-web.png\",\"contentUrl\":\"https:\\\/\\\/www.milesi.com\\\/wp-content\\\/uploads\\\/2022\\\/12\\\/milesi-web.png\",\"width\":100,\"height\":101,\"caption\":\"Milesi Vernici\"},\"image\":{\"@id\":\"https:\\\/\\\/www.milesi.com\\\/fr\\\/#\\\/schema\\\/logo\\\/image\\\/\"},\"sameAs\":[\"https:\\\/\\\/www.facebook.com\\\/MilesiVernici\",\"https:\\\/\\\/www.youtube.com\\\/channel\\\/UCgULN6yzPgE9usmMi3CP5hQ\",\"https:\\\/\\\/www.instagram.com\\\/milesiverniciperlegno\\\/\",\"https:\\\/\\\/vimeo.com\\\/user117001108\",\"https:\\\/\\\/www.linkedin.com\\\/company\\\/milesiwoodcoatings\\\/\"]},{\"@type\":\"Person\",\"@id\":\"https:\\\/\\\/www.milesi.com\\\/fr\\\/#\\\/schema\\\/person\\\/efe9c5f0d5dc8ecccf853a392e5aacdd\",\"name\":\"User\"}]}<\/script>\n<!-- \/ Yoast SEO plugin. -->","yoast_head_json":{"title":"MILESI TALENT - La verifica tecnica dei progetti - Milesi","robots":{"index":"index","follow":"follow","max-snippet":"max-snippet:-1","max-image-preview":"max-image-preview:large","max-video-preview":"max-video-preview:-1"},"canonical":"https:\/\/www.milesi.com\/fr\/milesi-talent-la-verifica-tecnica-dei-progetti\/","og_locale":"fr_FR","og_type":"article","og_title":"MILESI TALENT - La verifica tecnica dei progetti - Milesi","og_description":"Il momento \u00e8 arrivato: gli studenti del Polo Formativo LegnoArredo presentano alla giuria tecnica i progetti con cui hanno interpretato il tema del contest Milesi, la cucina sostenibile 4.0. Quali otterranno l\u2019approvazione dei giudici e continueranno il percorso per aggiudicarsi il premio del Milesi Talent? Guardate il video della terza puntata della web series per [&hellip;]","og_url":"https:\/\/www.milesi.com\/fr\/milesi-talent-la-verifica-tecnica-dei-progetti\/","og_site_name":"Milesi","article_publisher":"https:\/\/www.facebook.com\/MilesiVernici","article_published_time":"2021-03-19T15:24:57+00:00","article_modified_time":"2025-04-19T11:01:47+00:00","og_image":[{"width":1229,"height":1200,"url":"https:\/\/www.milesi.com\/wp-content\/uploads\/2021\/03\/milesitalent_3.jpg","type":"image\/jpeg"}],"author":"User","twitter_card":"summary_large_image","twitter_misc":{"\u00c9crit par":"User","Dur\u00e9e de lecture estim\u00e9e":"2 minutes"},"schema":{"@context":"https:\/\/schema.org","@graph":[{"@type":"Article","@id":"https:\/\/www.milesi.com\/fr\/milesi-talent-la-verifica-tecnica-dei-progetti\/#article","isPartOf":{"@id":"https:\/\/www.milesi.com\/fr\/milesi-talent-la-verifica-tecnica-dei-progetti\/"},"author":{"name":"User","@id":"https:\/\/www.milesi.com\/fr\/#\/schema\/person\/efe9c5f0d5dc8ecccf853a392e5aacdd"},"headline":"MILESI TALENT &#8211; La verifica tecnica dei progetti","datePublished":"2021-03-19T15:24:57+00:00","dateModified":"2025-04-19T11:01:47+00:00","mainEntityOfPage":{"@id":"https:\/\/www.milesi.com\/fr\/milesi-talent-la-verifica-tecnica-dei-progetti\/"},"wordCount":155,"commentCount":0,"publisher":{"@id":"https:\/\/www.milesi.com\/fr\/#organization"},"image":{"@id":"https:\/\/www.milesi.com\/fr\/milesi-talent-la-verifica-tecnica-dei-progetti\/#primaryimage"},"thumbnailUrl":"https:\/\/www.milesi.com\/wp-content\/uploads\/2021\/03\/milesitalent_3.jpg","keywords":["Milesi talent","Polo formativo LegnoArredo","Web series","Web series Milesi talent"],"articleSection":["News"],"inLanguage":"fr-FR","potentialAction":[{"@type":"CommentAction","name":"Comment","target":["https:\/\/www.milesi.com\/fr\/milesi-talent-la-verifica-tecnica-dei-progetti\/#respond"]}]},{"@type":"WebPage","@id":"https:\/\/www.milesi.com\/fr\/milesi-talent-la-verifica-tecnica-dei-progetti\/","url":"https:\/\/www.milesi.com\/fr\/milesi-talent-la-verifica-tecnica-dei-progetti\/","name":"MILESI TALENT - La verifica tecnica dei progetti - Milesi","isPartOf":{"@id":"https:\/\/www.milesi.com\/fr\/#website"},"primaryImageOfPage":{"@id":"https:\/\/www.milesi.com\/fr\/milesi-talent-la-verifica-tecnica-dei-progetti\/#primaryimage"},"image":{"@id":"https:\/\/www.milesi.com\/fr\/milesi-talent-la-verifica-tecnica-dei-progetti\/#primaryimage"},"thumbnailUrl":"https:\/\/www.milesi.com\/wp-content\/uploads\/2021\/03\/milesitalent_3.jpg","datePublished":"2021-03-19T15:24:57+00:00","dateModified":"2025-04-19T11:01:47+00:00","breadcrumb":{"@id":"https:\/\/www.milesi.com\/fr\/milesi-talent-la-verifica-tecnica-dei-progetti\/#breadcrumb"},"inLanguage":"fr-FR","potentialAction":[{"@type":"ReadAction","target":["https:\/\/www.milesi.com\/fr\/milesi-talent-la-verifica-tecnica-dei-progetti\/"]}]},{"@type":"ImageObject","inLanguage":"fr-FR","@id":"https:\/\/www.milesi.com\/fr\/milesi-talent-la-verifica-tecnica-dei-progetti\/#primaryimage","url":"https:\/\/www.milesi.com\/wp-content\/uploads\/2021\/03\/milesitalent_3.jpg","contentUrl":"https:\/\/www.milesi.com\/wp-content\/uploads\/2021\/03\/milesitalent_3.jpg","width":1229,"height":1200},{"@type":"BreadcrumbList","@id":"https:\/\/www.milesi.com\/fr\/milesi-talent-la-verifica-tecnica-dei-progetti\/#breadcrumb","itemListElement":[{"@type":"ListItem","position":1,"name":"Milesi - Vernis pour bois","item":"https:\/\/www.milesi.com\/fr\/"},{"@type":"ListItem","position":2,"name":"MILESI TALENT &#8211; La verifica tecnica dei progetti"}]},{"@type":"WebSite","@id":"https:\/\/www.milesi.com\/fr\/#website","url":"https:\/\/www.milesi.com\/fr\/","name":"Milesi Vernici per il legno","description":"Vernis pour bois","publisher":{"@id":"https:\/\/www.milesi.com\/fr\/#organization"},"alternateName":"Milesi","potentialAction":[{"@type":"SearchAction","target":{"@type":"EntryPoint","urlTemplate":"https:\/\/www.milesi.com\/fr\/?s={search_term_string}"},"query-input":{"@type":"PropertyValueSpecification","valueRequired":true,"valueName":"search_term_string"}}],"inLanguage":"fr-FR"},{"@type":"Organization","@id":"https:\/\/www.milesi.com\/fr\/#organization","name":"Milesi Vernici","alternateName":"Milesi","url":"https:\/\/www.milesi.com\/fr\/","logo":{"@type":"ImageObject","inLanguage":"fr-FR","@id":"https:\/\/www.milesi.com\/fr\/#\/schema\/logo\/image\/","url":"https:\/\/www.milesi.com\/wp-content\/uploads\/2022\/12\/milesi-web.png","contentUrl":"https:\/\/www.milesi.com\/wp-content\/uploads\/2022\/12\/milesi-web.png","width":100,"height":101,"caption":"Milesi Vernici"},"image":{"@id":"https:\/\/www.milesi.com\/fr\/#\/schema\/logo\/image\/"},"sameAs":["https:\/\/www.facebook.com\/MilesiVernici","https:\/\/www.youtube.com\/channel\/UCgULN6yzPgE9usmMi3CP5hQ","https:\/\/www.instagram.com\/milesiverniciperlegno\/","https:\/\/vimeo.com\/user117001108","https:\/\/www.linkedin.com\/company\/milesiwoodcoatings\/"]},{"@type":"Person","@id":"https:\/\/www.milesi.com\/fr\/#\/schema\/person\/efe9c5f0d5dc8ecccf853a392e5aacdd","name":"User"}]}},"_links":{"self":[{"href":"https:\/\/www.milesi.com\/fr\/wp-json\/wp\/v2\/posts\/14633","targetHints":{"allow":["GET"]}}],"collection":[{"href":"https:\/\/www.milesi.com\/fr\/wp-json\/wp\/v2\/posts"}],"about":[{"href":"https:\/\/www.milesi.com\/fr\/wp-json\/wp\/v2\/types\/post"}],"author":[{"embeddable":true,"href":"https:\/\/www.milesi.com\/fr\/wp-json\/wp\/v2\/users\/5"}],"replies":[{"embeddable":true,"href":"https:\/\/www.milesi.com\/fr\/wp-json\/wp\/v2\/comments?post=14633"}],"version-history":[{"count":1,"href":"https:\/\/www.milesi.com\/fr\/wp-json\/wp\/v2\/posts\/14633\/revisions"}],"predecessor-version":[{"id":26950,"href":"https:\/\/www.milesi.com\/fr\/wp-json\/wp\/v2\/posts\/14633\/revisions\/26950"}],"wp:featuredmedia":[{"embeddable":true,"href":"https:\/\/www.milesi.com\/fr\/wp-json\/wp\/v2\/media\/14655"}],"wp:attachment":[{"href":"https:\/\/www.milesi.com\/fr\/wp-json\/wp\/v2\/media?parent=14633"}],"wp:term":[{"taxonomy":"category","embeddable":true,"href":"https:\/\/www.milesi.com\/fr\/wp-json\/wp\/v2\/categories?post=14633"},{"taxonomy":"post_tag","embeddable":true,"href":"https:\/\/www.milesi.com\/fr\/wp-json\/wp\/v2\/tags?post=14633"}],"curies":[{"name":"wp","href":"https:\/\/api.w.org\/{rel}","templated":true}]}}