{"id":15520,"date":"2021-05-04T14:32:28","date_gmt":"2021-05-04T12:32:28","guid":{"rendered":"https:\/\/www.milesi.com\/?p=15520"},"modified":"2021-05-04T14:32:28","modified_gmt":"2021-05-04T12:32:28","slug":"affidato-a-milesi-il-restauro-del-sottomarino-ictineo-i","status":"publish","type":"post","link":"https:\/\/www.milesi.com\/fr\/affidato-a-milesi-il-restauro-del-sottomarino-ictineo-i\/","title":{"rendered":"AFFIDATO A MILESI IL RESTAURO DEL SOTTOMARINO ICT\u00cdNEO I\u00b0"},"content":{"rendered":"<p style=\"text-align: center;\"><strong>IN ESPOSIZIONE AL MUSEO MARITTIMO DI BARCELLONA<\/strong><\/p>\n<p>&nbsp;<\/p>\n<p><img loading=\"lazy\" decoding=\"async\" class=\"alignnone wp-image-15502 aligncenter\" src=\"https:\/\/www.milesi.com\/wp-content\/uploads\/2021\/05\/Sottomarino-NL.jpg\" alt=\"\" width=\"572\" height=\"429\" srcset=\"https:\/\/www.milesi.com\/wp-content\/uploads\/2021\/05\/Sottomarino-NL.jpg 800w, https:\/\/www.milesi.com\/wp-content\/uploads\/2021\/05\/Sottomarino-NL-600x450.jpg 600w, https:\/\/www.milesi.com\/wp-content\/uploads\/2021\/05\/Sottomarino-NL-300x225.jpg 300w, https:\/\/www.milesi.com\/wp-content\/uploads\/2021\/05\/Sottomarino-NL-768x576.jpg 768w, https:\/\/www.milesi.com\/wp-content\/uploads\/2021\/05\/Sottomarino-NL-24x18.jpg 24w, https:\/\/www.milesi.com\/wp-content\/uploads\/2021\/05\/Sottomarino-NL-36x27.jpg 36w, https:\/\/www.milesi.com\/wp-content\/uploads\/2021\/05\/Sottomarino-NL-256x192.jpg 256w\" sizes=\"(max-width: 572px) 100vw, 572px\" \/><\/p>\n<p>&nbsp;<\/p>\n<p>Nel giardino di accesso al <strong>Museo Marittimo di Barcellona<\/strong> \u00e8 stata installata una replica a grandezza naturale di <strong>Ict\u00edneo I\u00b0<\/strong>, considerato il primo sottomarino al mondo progettato e costruito da Narc\u00eds Monturiol.<\/p>\n<p>La tecnologia e le performance delle vernici Milesi sono state scelte per il restauro dell\u2019opera a grandezza naturale.<\/p>\n<p><strong>Per il recupero di Ict\u00edneo I\u00b0 \u00e8 stata utilizzata la finitura all&rsquo;acqua per esterni \u201cEffetto Naturale\u201d XGC6077<\/strong> della LINEA MILESI COLLECTION, che protegge il legno dagli agenti esterni senza modificarne le caratteristiche estetiche e rispettandone la naturale bellezza.<\/p>\n<p><strong>Ict\u00edneo I\u00b0<\/strong> \u00e8 realizzato principalmente in legno e costituito da due scafi. L\u2019utilizzo della <strong>finitura \u201cEffetto Naturale\u201d<\/strong> ha permesso il suo pieno recupero grazie alle performance eccellenti: finitura microporosa che lascia respirare il legno verniciato, effetto estetico naturale a poro aperto, buona idrorepellenza, maggiore durata e manutenzione facilitata.<\/p>\n<p>&nbsp;<\/p>\n<p><span style=\"font-size: 10pt;\"><strong><em>Ict\u00edneo I\u00b0\u00a0<\/em><\/strong><em><br \/>\nRealizzato principalmente in legno, \u00e8 costituito da due scafi differenziati: lo scafo interno pressurizzato sferico con una capacit\u00e0 di 7 m\u00b3, mentre lo scafo esterno aveva la forma di un pesce con una sezione ellittica ispirata al Wilhelm Bauer prototipo che navigava gi\u00e0 nel 1851.<br \/>\nLa nave poteva ospitare fino da quattro uomini dell&rsquo;equipaggio. L&rsquo;immersione \u00e8 stata ottenuta per mezzo di un&rsquo;elica orizzontale che poteva ruotare in entrambe le direzioni, e un sistema di contenimento aria in modo da garantire la stabilit\u00e0 e il galleggiamento del dispositivo. La nave \u00e8 stata dotata di una serie di strumenti specifici per la pesca del corallo, in quanto questo era l&rsquo;obiettivo principale del progetto.<\/em><\/span><\/p>\n<p><span style=\"font-size: 10pt;\"><strong><em>Museo Marittimo di Barcellona\u00a0<\/em><\/strong><em><br \/>\nOspitato all\u2019interno dell\u2019enorme complesso dell\u2019Arsenale Reale, \u00e8 stato riaperto dopo un lungo restauro degli edifici dell\u2019Arsenale nel 2013. Oggi \u00e8 disponibile per mostrare al visitatore una vasta collezione di oggetti e manufatti relazionati al mare, incluso alcune navi storiche.<\/em><\/span><\/p>\n<p>&nbsp;<\/p>\n<p><strong>Sintesis Arquitectura, rivista specializzata in architettura ed arte, ha pubblicato venerd\u00ec 16 scorso un articolo sul restauro:<\/strong><\/p>\n<p><a href=\"http:\/\/www.sintesisarquitectura.com\/sintesisarquitectura-online\/ivm-milesi-restaura-el-ict%C3%ADneo-del-museo-mar%C3%ADtimo-de-barcelona\" target=\"_blank\" rel=\"noopener\"><span style=\"text-decoration: underline;\"><strong>Leggi l&rsquo;articolo<\/strong><\/span><\/a><\/p>\n<p>&nbsp;<\/p>\n<p><span style=\"font-size: 10pt;\">Aprile 2021<\/span><\/p>\n","protected":false},"excerpt":{"rendered":"<p>IN ESPOSIZIONE AL MUSEO MARITTIMO DI BARCELLONA &nbsp; &nbsp; Nel giardino di accesso al Museo Marittimo di Barcellona \u00e8 stata installata una replica a grandezza naturale di Ict\u00edneo I\u00b0, considerato il primo sottomarino al mondo progettato e costruito da Narc\u00eds Monturiol. La tecnologia e le performance delle vernici Milesi sono state scelte per il restauro [&hellip;]<\/p>\n","protected":false},"author":5,"featured_media":15511,"comment_status":"closed","ping_status":"closed","sticky":false,"template":"","format":"standard","meta":{"_et_pb_use_builder":"","_et_pb_old_content":"","_et_gb_content_width":"","footnotes":""},"categories":[819],"tags":[1084],"class_list":["post-15520","post","type-post","status-publish","format-standard","has-post-thumbnail","hentry","category-nouvelles","tag-milesi-vernici-per-legno-fr"],"yoast_head":"<!-- This site is optimized with the Yoast SEO plugin v27.3 - https:\/\/yoast.com\/product\/yoast-seo-wordpress\/ -->\n<title>AFFIDATO A MILESI IL RESTAURO DEL SOTTOMARINO ICT\u00cdNEO I\u00b0 - Milesi<\/title>\n<meta name=\"robots\" content=\"index, follow, max-snippet:-1, max-image-preview:large, max-video-preview:-1\" \/>\n<link rel=\"canonical\" href=\"https:\/\/www.milesi.com\/fr\/affidato-a-milesi-il-restauro-del-sottomarino-ictineo-i\/\" \/>\n<meta property=\"og:locale\" content=\"fr_FR\" \/>\n<meta property=\"og:type\" content=\"article\" \/>\n<meta property=\"og:title\" content=\"AFFIDATO A MILESI IL RESTAURO DEL SOTTOMARINO ICT\u00cdNEO I\u00b0 - Milesi\" \/>\n<meta property=\"og:description\" content=\"IN ESPOSIZIONE AL MUSEO MARITTIMO DI BARCELLONA &nbsp; &nbsp; Nel giardino di accesso al Museo Marittimo di Barcellona \u00e8 stata installata una replica a grandezza naturale di Ict\u00edneo I\u00b0, considerato il primo sottomarino al mondo progettato e costruito da Narc\u00eds Monturiol. La tecnologia e le performance delle vernici Milesi sono state scelte per il restauro [&hellip;]\" \/>\n<meta property=\"og:url\" content=\"https:\/\/www.milesi.com\/fr\/affidato-a-milesi-il-restauro-del-sottomarino-ictineo-i\/\" \/>\n<meta property=\"og:site_name\" content=\"Milesi\" \/>\n<meta property=\"article:publisher\" content=\"https:\/\/www.facebook.com\/MilesiVernici\" \/>\n<meta property=\"article:published_time\" content=\"2021-05-04T12:32:28+00:00\" \/>\n<meta property=\"og:image\" content=\"https:\/\/www.milesi.com\/wp-content\/uploads\/2021\/05\/sottomarino.jpg\" \/>\n\t<meta property=\"og:image:width\" content=\"598\" \/>\n\t<meta property=\"og:image:height\" content=\"598\" \/>\n\t<meta property=\"og:image:type\" content=\"image\/jpeg\" \/>\n<meta name=\"author\" content=\"User\" \/>\n<meta name=\"twitter:card\" content=\"summary_large_image\" \/>\n<meta name=\"twitter:label1\" content=\"\u00c9crit par\" \/>\n\t<meta name=\"twitter:data1\" content=\"User\" \/>\n\t<meta name=\"twitter:label2\" content=\"Dur\u00e9e de lecture estim\u00e9e\" \/>\n\t<meta name=\"twitter:data2\" content=\"2 minutes\" \/>\n<script type=\"application\/ld+json\" class=\"yoast-schema-graph\">{\"@context\":\"https:\\\/\\\/schema.org\",\"@graph\":[{\"@type\":\"Article\",\"@id\":\"https:\\\/\\\/www.milesi.com\\\/fr\\\/affidato-a-milesi-il-restauro-del-sottomarino-ictineo-i\\\/#article\",\"isPartOf\":{\"@id\":\"https:\\\/\\\/www.milesi.com\\\/fr\\\/affidato-a-milesi-il-restauro-del-sottomarino-ictineo-i\\\/\"},\"author\":{\"name\":\"User\",\"@id\":\"https:\\\/\\\/www.milesi.com\\\/fr\\\/#\\\/schema\\\/person\\\/efe9c5f0d5dc8ecccf853a392e5aacdd\"},\"headline\":\"AFFIDATO A MILESI IL RESTAURO DEL SOTTOMARINO ICT\u00cdNEO I\u00b0\",\"datePublished\":\"2021-05-04T12:32:28+00:00\",\"mainEntityOfPage\":{\"@id\":\"https:\\\/\\\/www.milesi.com\\\/fr\\\/affidato-a-milesi-il-restauro-del-sottomarino-ictineo-i\\\/\"},\"wordCount\":339,\"publisher\":{\"@id\":\"https:\\\/\\\/www.milesi.com\\\/fr\\\/#organization\"},\"image\":{\"@id\":\"https:\\\/\\\/www.milesi.com\\\/fr\\\/affidato-a-milesi-il-restauro-del-sottomarino-ictineo-i\\\/#primaryimage\"},\"thumbnailUrl\":\"https:\\\/\\\/www.milesi.com\\\/wp-content\\\/uploads\\\/2021\\\/05\\\/sottomarino.jpg\",\"keywords\":[\"milesi vernici per legno\"],\"articleSection\":[\"Nouvelles\"],\"inLanguage\":\"fr-FR\"},{\"@type\":\"WebPage\",\"@id\":\"https:\\\/\\\/www.milesi.com\\\/fr\\\/affidato-a-milesi-il-restauro-del-sottomarino-ictineo-i\\\/\",\"url\":\"https:\\\/\\\/www.milesi.com\\\/fr\\\/affidato-a-milesi-il-restauro-del-sottomarino-ictineo-i\\\/\",\"name\":\"AFFIDATO A MILESI IL RESTAURO DEL SOTTOMARINO ICT\u00cdNEO I\u00b0 - Milesi\",\"isPartOf\":{\"@id\":\"https:\\\/\\\/www.milesi.com\\\/fr\\\/#website\"},\"primaryImageOfPage\":{\"@id\":\"https:\\\/\\\/www.milesi.com\\\/fr\\\/affidato-a-milesi-il-restauro-del-sottomarino-ictineo-i\\\/#primaryimage\"},\"image\":{\"@id\":\"https:\\\/\\\/www.milesi.com\\\/fr\\\/affidato-a-milesi-il-restauro-del-sottomarino-ictineo-i\\\/#primaryimage\"},\"thumbnailUrl\":\"https:\\\/\\\/www.milesi.com\\\/wp-content\\\/uploads\\\/2021\\\/05\\\/sottomarino.jpg\",\"datePublished\":\"2021-05-04T12:32:28+00:00\",\"breadcrumb\":{\"@id\":\"https:\\\/\\\/www.milesi.com\\\/fr\\\/affidato-a-milesi-il-restauro-del-sottomarino-ictineo-i\\\/#breadcrumb\"},\"inLanguage\":\"fr-FR\",\"potentialAction\":[{\"@type\":\"ReadAction\",\"target\":[\"https:\\\/\\\/www.milesi.com\\\/fr\\\/affidato-a-milesi-il-restauro-del-sottomarino-ictineo-i\\\/\"]}]},{\"@type\":\"ImageObject\",\"inLanguage\":\"fr-FR\",\"@id\":\"https:\\\/\\\/www.milesi.com\\\/fr\\\/affidato-a-milesi-il-restauro-del-sottomarino-ictineo-i\\\/#primaryimage\",\"url\":\"https:\\\/\\\/www.milesi.com\\\/wp-content\\\/uploads\\\/2021\\\/05\\\/sottomarino.jpg\",\"contentUrl\":\"https:\\\/\\\/www.milesi.com\\\/wp-content\\\/uploads\\\/2021\\\/05\\\/sottomarino.jpg\",\"width\":598,\"height\":598},{\"@type\":\"BreadcrumbList\",\"@id\":\"https:\\\/\\\/www.milesi.com\\\/fr\\\/affidato-a-milesi-il-restauro-del-sottomarino-ictineo-i\\\/#breadcrumb\",\"itemListElement\":[{\"@type\":\"ListItem\",\"position\":1,\"name\":\"Milesi - Vernis pour bois\",\"item\":\"https:\\\/\\\/www.milesi.com\\\/fr\\\/\"},{\"@type\":\"ListItem\",\"position\":2,\"name\":\"AFFIDATO A MILESI IL RESTAURO DEL SOTTOMARINO ICT\u00cdNEO I\u00b0\"}]},{\"@type\":\"WebSite\",\"@id\":\"https:\\\/\\\/www.milesi.com\\\/fr\\\/#website\",\"url\":\"https:\\\/\\\/www.milesi.com\\\/fr\\\/\",\"name\":\"Milesi Vernici per il legno\",\"description\":\"Vernis pour bois\",\"publisher\":{\"@id\":\"https:\\\/\\\/www.milesi.com\\\/fr\\\/#organization\"},\"alternateName\":\"Milesi\",\"potentialAction\":[{\"@type\":\"SearchAction\",\"target\":{\"@type\":\"EntryPoint\",\"urlTemplate\":\"https:\\\/\\\/www.milesi.com\\\/fr\\\/?s={search_term_string}\"},\"query-input\":{\"@type\":\"PropertyValueSpecification\",\"valueRequired\":true,\"valueName\":\"search_term_string\"}}],\"inLanguage\":\"fr-FR\"},{\"@type\":\"Organization\",\"@id\":\"https:\\\/\\\/www.milesi.com\\\/fr\\\/#organization\",\"name\":\"Milesi Vernici\",\"alternateName\":\"Milesi\",\"url\":\"https:\\\/\\\/www.milesi.com\\\/fr\\\/\",\"logo\":{\"@type\":\"ImageObject\",\"inLanguage\":\"fr-FR\",\"@id\":\"https:\\\/\\\/www.milesi.com\\\/fr\\\/#\\\/schema\\\/logo\\\/image\\\/\",\"url\":\"https:\\\/\\\/www.milesi.com\\\/wp-content\\\/uploads\\\/2022\\\/12\\\/milesi-web.png\",\"contentUrl\":\"https:\\\/\\\/www.milesi.com\\\/wp-content\\\/uploads\\\/2022\\\/12\\\/milesi-web.png\",\"width\":100,\"height\":101,\"caption\":\"Milesi Vernici\"},\"image\":{\"@id\":\"https:\\\/\\\/www.milesi.com\\\/fr\\\/#\\\/schema\\\/logo\\\/image\\\/\"},\"sameAs\":[\"https:\\\/\\\/www.facebook.com\\\/MilesiVernici\",\"https:\\\/\\\/www.youtube.com\\\/channel\\\/UCgULN6yzPgE9usmMi3CP5hQ\",\"https:\\\/\\\/www.instagram.com\\\/milesiverniciperlegno\\\/\",\"https:\\\/\\\/vimeo.com\\\/user117001108\",\"https:\\\/\\\/www.linkedin.com\\\/company\\\/milesiwoodcoatings\\\/\"]},{\"@type\":\"Person\",\"@id\":\"https:\\\/\\\/www.milesi.com\\\/fr\\\/#\\\/schema\\\/person\\\/efe9c5f0d5dc8ecccf853a392e5aacdd\",\"name\":\"User\"}]}<\/script>\n<!-- \/ Yoast SEO plugin. -->","yoast_head_json":{"title":"AFFIDATO A MILESI IL RESTAURO DEL SOTTOMARINO ICT\u00cdNEO I\u00b0 - Milesi","robots":{"index":"index","follow":"follow","max-snippet":"max-snippet:-1","max-image-preview":"max-image-preview:large","max-video-preview":"max-video-preview:-1"},"canonical":"https:\/\/www.milesi.com\/fr\/affidato-a-milesi-il-restauro-del-sottomarino-ictineo-i\/","og_locale":"fr_FR","og_type":"article","og_title":"AFFIDATO A MILESI IL RESTAURO DEL SOTTOMARINO ICT\u00cdNEO I\u00b0 - Milesi","og_description":"IN ESPOSIZIONE AL MUSEO MARITTIMO DI BARCELLONA &nbsp; &nbsp; Nel giardino di accesso al Museo Marittimo di Barcellona \u00e8 stata installata una replica a grandezza naturale di Ict\u00edneo I\u00b0, considerato il primo sottomarino al mondo progettato e costruito da Narc\u00eds Monturiol. La tecnologia e le performance delle vernici Milesi sono state scelte per il restauro [&hellip;]","og_url":"https:\/\/www.milesi.com\/fr\/affidato-a-milesi-il-restauro-del-sottomarino-ictineo-i\/","og_site_name":"Milesi","article_publisher":"https:\/\/www.facebook.com\/MilesiVernici","article_published_time":"2021-05-04T12:32:28+00:00","og_image":[{"width":598,"height":598,"url":"https:\/\/www.milesi.com\/wp-content\/uploads\/2021\/05\/sottomarino.jpg","type":"image\/jpeg"}],"author":"User","twitter_card":"summary_large_image","twitter_misc":{"\u00c9crit par":"User","Dur\u00e9e de lecture estim\u00e9e":"2 minutes"},"schema":{"@context":"https:\/\/schema.org","@graph":[{"@type":"Article","@id":"https:\/\/www.milesi.com\/fr\/affidato-a-milesi-il-restauro-del-sottomarino-ictineo-i\/#article","isPartOf":{"@id":"https:\/\/www.milesi.com\/fr\/affidato-a-milesi-il-restauro-del-sottomarino-ictineo-i\/"},"author":{"name":"User","@id":"https:\/\/www.milesi.com\/fr\/#\/schema\/person\/efe9c5f0d5dc8ecccf853a392e5aacdd"},"headline":"AFFIDATO A MILESI IL RESTAURO DEL SOTTOMARINO ICT\u00cdNEO I\u00b0","datePublished":"2021-05-04T12:32:28+00:00","mainEntityOfPage":{"@id":"https:\/\/www.milesi.com\/fr\/affidato-a-milesi-il-restauro-del-sottomarino-ictineo-i\/"},"wordCount":339,"publisher":{"@id":"https:\/\/www.milesi.com\/fr\/#organization"},"image":{"@id":"https:\/\/www.milesi.com\/fr\/affidato-a-milesi-il-restauro-del-sottomarino-ictineo-i\/#primaryimage"},"thumbnailUrl":"https:\/\/www.milesi.com\/wp-content\/uploads\/2021\/05\/sottomarino.jpg","keywords":["milesi vernici per legno"],"articleSection":["Nouvelles"],"inLanguage":"fr-FR"},{"@type":"WebPage","@id":"https:\/\/www.milesi.com\/fr\/affidato-a-milesi-il-restauro-del-sottomarino-ictineo-i\/","url":"https:\/\/www.milesi.com\/fr\/affidato-a-milesi-il-restauro-del-sottomarino-ictineo-i\/","name":"AFFIDATO A MILESI IL RESTAURO DEL SOTTOMARINO ICT\u00cdNEO I\u00b0 - Milesi","isPartOf":{"@id":"https:\/\/www.milesi.com\/fr\/#website"},"primaryImageOfPage":{"@id":"https:\/\/www.milesi.com\/fr\/affidato-a-milesi-il-restauro-del-sottomarino-ictineo-i\/#primaryimage"},"image":{"@id":"https:\/\/www.milesi.com\/fr\/affidato-a-milesi-il-restauro-del-sottomarino-ictineo-i\/#primaryimage"},"thumbnailUrl":"https:\/\/www.milesi.com\/wp-content\/uploads\/2021\/05\/sottomarino.jpg","datePublished":"2021-05-04T12:32:28+00:00","breadcrumb":{"@id":"https:\/\/www.milesi.com\/fr\/affidato-a-milesi-il-restauro-del-sottomarino-ictineo-i\/#breadcrumb"},"inLanguage":"fr-FR","potentialAction":[{"@type":"ReadAction","target":["https:\/\/www.milesi.com\/fr\/affidato-a-milesi-il-restauro-del-sottomarino-ictineo-i\/"]}]},{"@type":"ImageObject","inLanguage":"fr-FR","@id":"https:\/\/www.milesi.com\/fr\/affidato-a-milesi-il-restauro-del-sottomarino-ictineo-i\/#primaryimage","url":"https:\/\/www.milesi.com\/wp-content\/uploads\/2021\/05\/sottomarino.jpg","contentUrl":"https:\/\/www.milesi.com\/wp-content\/uploads\/2021\/05\/sottomarino.jpg","width":598,"height":598},{"@type":"BreadcrumbList","@id":"https:\/\/www.milesi.com\/fr\/affidato-a-milesi-il-restauro-del-sottomarino-ictineo-i\/#breadcrumb","itemListElement":[{"@type":"ListItem","position":1,"name":"Milesi - Vernis pour bois","item":"https:\/\/www.milesi.com\/fr\/"},{"@type":"ListItem","position":2,"name":"AFFIDATO A MILESI IL RESTAURO DEL SOTTOMARINO ICT\u00cdNEO I\u00b0"}]},{"@type":"WebSite","@id":"https:\/\/www.milesi.com\/fr\/#website","url":"https:\/\/www.milesi.com\/fr\/","name":"Milesi Vernici per il legno","description":"Vernis pour bois","publisher":{"@id":"https:\/\/www.milesi.com\/fr\/#organization"},"alternateName":"Milesi","potentialAction":[{"@type":"SearchAction","target":{"@type":"EntryPoint","urlTemplate":"https:\/\/www.milesi.com\/fr\/?s={search_term_string}"},"query-input":{"@type":"PropertyValueSpecification","valueRequired":true,"valueName":"search_term_string"}}],"inLanguage":"fr-FR"},{"@type":"Organization","@id":"https:\/\/www.milesi.com\/fr\/#organization","name":"Milesi Vernici","alternateName":"Milesi","url":"https:\/\/www.milesi.com\/fr\/","logo":{"@type":"ImageObject","inLanguage":"fr-FR","@id":"https:\/\/www.milesi.com\/fr\/#\/schema\/logo\/image\/","url":"https:\/\/www.milesi.com\/wp-content\/uploads\/2022\/12\/milesi-web.png","contentUrl":"https:\/\/www.milesi.com\/wp-content\/uploads\/2022\/12\/milesi-web.png","width":100,"height":101,"caption":"Milesi Vernici"},"image":{"@id":"https:\/\/www.milesi.com\/fr\/#\/schema\/logo\/image\/"},"sameAs":["https:\/\/www.facebook.com\/MilesiVernici","https:\/\/www.youtube.com\/channel\/UCgULN6yzPgE9usmMi3CP5hQ","https:\/\/www.instagram.com\/milesiverniciperlegno\/","https:\/\/vimeo.com\/user117001108","https:\/\/www.linkedin.com\/company\/milesiwoodcoatings\/"]},{"@type":"Person","@id":"https:\/\/www.milesi.com\/fr\/#\/schema\/person\/efe9c5f0d5dc8ecccf853a392e5aacdd","name":"User"}]}},"_links":{"self":[{"href":"https:\/\/www.milesi.com\/fr\/wp-json\/wp\/v2\/posts\/15520","targetHints":{"allow":["GET"]}}],"collection":[{"href":"https:\/\/www.milesi.com\/fr\/wp-json\/wp\/v2\/posts"}],"about":[{"href":"https:\/\/www.milesi.com\/fr\/wp-json\/wp\/v2\/types\/post"}],"author":[{"embeddable":true,"href":"https:\/\/www.milesi.com\/fr\/wp-json\/wp\/v2\/users\/5"}],"replies":[{"embeddable":true,"href":"https:\/\/www.milesi.com\/fr\/wp-json\/wp\/v2\/comments?post=15520"}],"version-history":[{"count":0,"href":"https:\/\/www.milesi.com\/fr\/wp-json\/wp\/v2\/posts\/15520\/revisions"}],"wp:featuredmedia":[{"embeddable":true,"href":"https:\/\/www.milesi.com\/fr\/wp-json\/wp\/v2\/media\/15511"}],"wp:attachment":[{"href":"https:\/\/www.milesi.com\/fr\/wp-json\/wp\/v2\/media?parent=15520"}],"wp:term":[{"taxonomy":"category","embeddable":true,"href":"https:\/\/www.milesi.com\/fr\/wp-json\/wp\/v2\/categories?post=15520"},{"taxonomy":"post_tag","embeddable":true,"href":"https:\/\/www.milesi.com\/fr\/wp-json\/wp\/v2\/tags?post=15520"}],"curies":[{"name":"wp","href":"https:\/\/api.w.org\/{rel}","templated":true}]}}