{"id":16410,"date":"2021-06-25T14:53:17","date_gmt":"2021-06-25T12:53:17","guid":{"rendered":"https:\/\/www.milesi.com\/non-categorizzato\/milesi-a-fianco-delle-eccellenze-sportive\/"},"modified":"2025-04-23T15:43:57","modified_gmt":"2025-04-23T13:43:57","slug":"milesi-a-fianco-delle-eccellenze-sportive","status":"publish","type":"post","link":"https:\/\/www.milesi.com\/fr\/milesi-a-fianco-delle-eccellenze-sportive\/","title":{"rendered":"MILESI A FIANCO DELLE ECCELLENZE SPORTIVE"},"content":{"rendered":"<div class=\"yoast-breadcrumbs\"><span><span><a href=\"https:\/\/www.milesi.com\/fr\/\">Milesi &#8211; Vernis pour bois<\/a><\/span> \u00bb <span class=\"breadcrumb_last\" aria-current=\"page\">MILESI A FIANCO DELLE ECCELLENZE SPORTIVE<\/span><\/span><\/div>\n\n<p style=\"text-align: center;\"><span style=\"font-size: 24pt;\"><strong><span style=\"font-size: 18pt;\">WALTER MAGNIFICO E ARIO COSTA\u00a0 VISITANO LO STABILIMENTO DI PARONA\u00a0<\/span><\/strong><\/span><\/p>\n<p>&nbsp;<\/p>\n<p style=\"text-align: center;\"><img loading=\"lazy\" decoding=\"async\" class=\"alignnone wp-image-16349\" src=\"https:\/\/www.milesi.com\/wp-content\/uploads\/2021\/06\/IMG-4805-Copia-1024x768.jpg\" alt=\"\" width=\"355\" height=\"266\" srcset=\"https:\/\/www.milesi.com\/wp-content\/uploads\/2021\/06\/IMG-4805-Copia-1024x768.jpg 1024w, https:\/\/www.milesi.com\/wp-content\/uploads\/2021\/06\/IMG-4805-Copia-300x225.jpg 300w, https:\/\/www.milesi.com\/wp-content\/uploads\/2021\/06\/IMG-4805-Copia-768x576.jpg 768w, https:\/\/www.milesi.com\/wp-content\/uploads\/2021\/06\/IMG-4805-Copia-1536x1152.jpg 1536w, https:\/\/www.milesi.com\/wp-content\/uploads\/2021\/06\/IMG-4805-Copia-2048x1536.jpg 2048w, https:\/\/www.milesi.com\/wp-content\/uploads\/2021\/06\/IMG-4805-Copia-24x18.jpg 24w, https:\/\/www.milesi.com\/wp-content\/uploads\/2021\/06\/IMG-4805-Copia-36x27.jpg 36w, https:\/\/www.milesi.com\/wp-content\/uploads\/2021\/06\/IMG-4805-Copia-256x192.jpg 256w, https:\/\/www.milesi.com\/wp-content\/uploads\/2021\/06\/IMG-4805-Copia-600x450.jpg 600w\" sizes=\"(max-width: 355px) 100vw, 355px\" \/>\u00a0 \u00a0 \u00a0 \u00a0 \u00a0 \u00a0 <img loading=\"lazy\" decoding=\"async\" class=\"wp-image-16343\" src=\"https:\/\/www.milesi.com\/wp-content\/uploads\/2021\/06\/IMG-4820-1024x768.jpg\" alt=\"\" width=\"355\" height=\"266\" srcset=\"https:\/\/www.milesi.com\/wp-content\/uploads\/2021\/06\/IMG-4820-1024x768.jpg 1024w, https:\/\/www.milesi.com\/wp-content\/uploads\/2021\/06\/IMG-4820-300x225.jpg 300w, https:\/\/www.milesi.com\/wp-content\/uploads\/2021\/06\/IMG-4820-768x576.jpg 768w, https:\/\/www.milesi.com\/wp-content\/uploads\/2021\/06\/IMG-4820-1536x1152.jpg 1536w, https:\/\/www.milesi.com\/wp-content\/uploads\/2021\/06\/IMG-4820-2048x1536.jpg 2048w, https:\/\/www.milesi.com\/wp-content\/uploads\/2021\/06\/IMG-4820-24x18.jpg 24w, https:\/\/www.milesi.com\/wp-content\/uploads\/2021\/06\/IMG-4820-36x27.jpg 36w, https:\/\/www.milesi.com\/wp-content\/uploads\/2021\/06\/IMG-4820-256x192.jpg 256w, https:\/\/www.milesi.com\/wp-content\/uploads\/2021\/06\/IMG-4820-600x450.jpg 600w\" sizes=\"(max-width: 355px) 100vw, 355px\" \/><\/p>\n<p style=\"text-align: justify;\"><strong>Walter Magnifico<\/strong> e <strong>Ario Costa<\/strong>, bandiere e\u00a0icone del basket italiano e internazionale, hanno visitato\u00a0la\u00a0sede\u00a0<strong>Milesi<\/strong> di Parona (PV) in un tour guidato attraverso le aree principali del sito produttivo.<br \/>\nI due campioni sono oggi parte della dirigenza della <strong>Prosciutto Carpegna Pesaro Basket<\/strong>, societ\u00e0 fondata nel 1946 e storica realt\u00e0 cestistica nazionale, con la quale Milesi ha instaurato ormai da qualche anno una solida collaborazione.<br \/>\nCon l&rsquo;occasione, Magnifico e Costa hanno incontrato gli studenti del <strong>Polo Formativo LegnoArredo<\/strong> che hanno vinto la prima edizione del <strong>contest Milesi<\/strong>: i ragazzi hanno avuto l\u2019opportunit\u00e0 di mostrare l\u2019oggetto vincente ai due campioni e di condividere alcuni momenti con loro.<br \/>\nLa visita di Walter Magnifico e Ario Costa ha rappresentato l\u2019occasione per rafforzare la collaborazione tra due realt\u00e0 d\u2019eccellenza, Milesi nelle vernici per legno e la Prosciutto Carpegna Pesaro Basket in ambito sportivo.<\/p>\n<p>&nbsp;<\/p>\n<p><img loading=\"lazy\" decoding=\"async\" class=\"wp-image-16361 aligncenter\" src=\"https:\/\/www.milesi.com\/wp-content\/uploads\/2021\/06\/IMG_4783-1024x926.jpg\" alt=\"\" width=\"243\" height=\"220\" srcset=\"https:\/\/www.milesi.com\/wp-content\/uploads\/2021\/06\/IMG_4783-1024x926.jpg 1024w, https:\/\/www.milesi.com\/wp-content\/uploads\/2021\/06\/IMG_4783-300x271.jpg 300w, https:\/\/www.milesi.com\/wp-content\/uploads\/2021\/06\/IMG_4783-768x695.jpg 768w, https:\/\/www.milesi.com\/wp-content\/uploads\/2021\/06\/IMG_4783-1536x1389.jpg 1536w, https:\/\/www.milesi.com\/wp-content\/uploads\/2021\/06\/IMG_4783-2048x1852.jpg 2048w, https:\/\/www.milesi.com\/wp-content\/uploads\/2021\/06\/IMG_4783-24x22.jpg 24w, https:\/\/www.milesi.com\/wp-content\/uploads\/2021\/06\/IMG_4783-36x33.jpg 36w, https:\/\/www.milesi.com\/wp-content\/uploads\/2021\/06\/IMG_4783-256x232.jpg 256w, https:\/\/www.milesi.com\/wp-content\/uploads\/2021\/06\/IMG_4783-600x543.jpg 600w\" sizes=\"(max-width: 243px) 100vw, 243px\" \/><\/p>\n<p><span style=\"font-size: 10pt;\">Giugno 2021<\/span><\/p>\n<p style=\"text-align: right;\">","protected":false},"excerpt":{"rendered":"<p>WALTER MAGNIFICO E ARIO COSTA\u00a0 VISITANO LO STABILIMENTO DI PARONA\u00a0 &nbsp; \u00a0 \u00a0 \u00a0 \u00a0 \u00a0 \u00a0 Walter Magnifico e Ario Costa, bandiere e\u00a0icone del basket italiano e internazionale, hanno visitato\u00a0la\u00a0sede\u00a0Milesi di Parona (PV) in un tour guidato attraverso le aree principali del sito produttivo. I due campioni sono oggi parte della dirigenza della Prosciutto [&hellip;]<\/p>\n","protected":false},"author":5,"featured_media":16383,"comment_status":"closed","ping_status":"closed","sticky":false,"template":"","format":"standard","meta":{"_et_pb_use_builder":"","_et_pb_old_content":"","_et_gb_content_width":"","footnotes":""},"categories":[819],"tags":[1084,1035],"class_list":["post-16410","post","type-post","status-publish","format-standard","has-post-thumbnail","hentry","category-nouvelles","tag-milesi-vernici-per-legno-fr","tag-milesi-wood-coatings-fr"],"yoast_head":"<!-- This site is optimized with the Yoast SEO plugin v27.3 - https:\/\/yoast.com\/product\/yoast-seo-wordpress\/ -->\n<title>MILESI A FIANCO DELLE ECCELLENZE SPORTIVE - Milesi<\/title>\n<meta name=\"robots\" content=\"index, follow, max-snippet:-1, max-image-preview:large, max-video-preview:-1\" \/>\n<link rel=\"canonical\" href=\"https:\/\/www.milesi.com\/fr\/milesi-a-fianco-delle-eccellenze-sportive\/\" \/>\n<meta property=\"og:locale\" content=\"fr_FR\" \/>\n<meta property=\"og:type\" content=\"article\" \/>\n<meta property=\"og:title\" content=\"MILESI A FIANCO DELLE ECCELLENZE SPORTIVE - Milesi\" \/>\n<meta property=\"og:description\" content=\"WALTER MAGNIFICO E ARIO COSTA\u00a0 VISITANO LO STABILIMENTO DI PARONA\u00a0 &nbsp; \u00a0 \u00a0 \u00a0 \u00a0 \u00a0 \u00a0 Walter Magnifico e Ario Costa, bandiere e\u00a0icone del basket italiano e internazionale, hanno visitato\u00a0la\u00a0sede\u00a0Milesi di Parona (PV) in un tour guidato attraverso le aree principali del sito produttivo. I due campioni sono oggi parte della dirigenza della Prosciutto [&hellip;]\" \/>\n<meta property=\"og:url\" content=\"https:\/\/www.milesi.com\/fr\/milesi-a-fianco-delle-eccellenze-sportive\/\" \/>\n<meta property=\"og:site_name\" content=\"Milesi\" \/>\n<meta property=\"article:publisher\" content=\"https:\/\/www.facebook.com\/MilesiVernici\" \/>\n<meta property=\"article:published_time\" content=\"2021-06-25T12:53:17+00:00\" \/>\n<meta property=\"article:modified_time\" content=\"2025-04-23T13:43:57+00:00\" \/>\n<meta property=\"og:image\" content=\"https:\/\/www.milesi.com\/wp-content\/uploads\/2021\/06\/pallacanestro3.jpg\" \/>\n\t<meta property=\"og:image:width\" content=\"598\" \/>\n\t<meta property=\"og:image:height\" content=\"598\" \/>\n\t<meta property=\"og:image:type\" content=\"image\/jpeg\" \/>\n<meta name=\"author\" content=\"User\" \/>\n<meta name=\"twitter:card\" content=\"summary_large_image\" \/>\n<meta name=\"twitter:label1\" content=\"\u00c9crit par\" \/>\n\t<meta name=\"twitter:data1\" content=\"User\" \/>\n\t<meta name=\"twitter:label2\" content=\"Dur\u00e9e de lecture estim\u00e9e\" \/>\n\t<meta name=\"twitter:data2\" content=\"2 minutes\" \/>\n<script type=\"application\/ld+json\" class=\"yoast-schema-graph\">{\"@context\":\"https:\\\/\\\/schema.org\",\"@graph\":[{\"@type\":\"Article\",\"@id\":\"https:\\\/\\\/www.milesi.com\\\/fr\\\/milesi-a-fianco-delle-eccellenze-sportive\\\/#article\",\"isPartOf\":{\"@id\":\"https:\\\/\\\/www.milesi.com\\\/fr\\\/milesi-a-fianco-delle-eccellenze-sportive\\\/\"},\"author\":{\"name\":\"User\",\"@id\":\"https:\\\/\\\/www.milesi.com\\\/fr\\\/#\\\/schema\\\/person\\\/efe9c5f0d5dc8ecccf853a392e5aacdd\"},\"headline\":\"MILESI A FIANCO DELLE ECCELLENZE SPORTIVE\",\"datePublished\":\"2021-06-25T12:53:17+00:00\",\"dateModified\":\"2025-04-23T13:43:57+00:00\",\"mainEntityOfPage\":{\"@id\":\"https:\\\/\\\/www.milesi.com\\\/fr\\\/milesi-a-fianco-delle-eccellenze-sportive\\\/\"},\"wordCount\":164,\"publisher\":{\"@id\":\"https:\\\/\\\/www.milesi.com\\\/fr\\\/#organization\"},\"image\":{\"@id\":\"https:\\\/\\\/www.milesi.com\\\/fr\\\/milesi-a-fianco-delle-eccellenze-sportive\\\/#primaryimage\"},\"thumbnailUrl\":\"https:\\\/\\\/www.milesi.com\\\/wp-content\\\/uploads\\\/2021\\\/06\\\/pallacanestro3.jpg\",\"keywords\":[\"milesi vernici per legno\",\"Milesi Wood Coatings\"],\"articleSection\":[\"Nouvelles\"],\"inLanguage\":\"fr-FR\"},{\"@type\":\"WebPage\",\"@id\":\"https:\\\/\\\/www.milesi.com\\\/fr\\\/milesi-a-fianco-delle-eccellenze-sportive\\\/\",\"url\":\"https:\\\/\\\/www.milesi.com\\\/fr\\\/milesi-a-fianco-delle-eccellenze-sportive\\\/\",\"name\":\"MILESI A FIANCO DELLE ECCELLENZE SPORTIVE - Milesi\",\"isPartOf\":{\"@id\":\"https:\\\/\\\/www.milesi.com\\\/fr\\\/#website\"},\"primaryImageOfPage\":{\"@id\":\"https:\\\/\\\/www.milesi.com\\\/fr\\\/milesi-a-fianco-delle-eccellenze-sportive\\\/#primaryimage\"},\"image\":{\"@id\":\"https:\\\/\\\/www.milesi.com\\\/fr\\\/milesi-a-fianco-delle-eccellenze-sportive\\\/#primaryimage\"},\"thumbnailUrl\":\"https:\\\/\\\/www.milesi.com\\\/wp-content\\\/uploads\\\/2021\\\/06\\\/pallacanestro3.jpg\",\"datePublished\":\"2021-06-25T12:53:17+00:00\",\"dateModified\":\"2025-04-23T13:43:57+00:00\",\"breadcrumb\":{\"@id\":\"https:\\\/\\\/www.milesi.com\\\/fr\\\/milesi-a-fianco-delle-eccellenze-sportive\\\/#breadcrumb\"},\"inLanguage\":\"fr-FR\",\"potentialAction\":[{\"@type\":\"ReadAction\",\"target\":[\"https:\\\/\\\/www.milesi.com\\\/fr\\\/milesi-a-fianco-delle-eccellenze-sportive\\\/\"]}]},{\"@type\":\"ImageObject\",\"inLanguage\":\"fr-FR\",\"@id\":\"https:\\\/\\\/www.milesi.com\\\/fr\\\/milesi-a-fianco-delle-eccellenze-sportive\\\/#primaryimage\",\"url\":\"https:\\\/\\\/www.milesi.com\\\/wp-content\\\/uploads\\\/2021\\\/06\\\/pallacanestro3.jpg\",\"contentUrl\":\"https:\\\/\\\/www.milesi.com\\\/wp-content\\\/uploads\\\/2021\\\/06\\\/pallacanestro3.jpg\",\"width\":598,\"height\":598},{\"@type\":\"BreadcrumbList\",\"@id\":\"https:\\\/\\\/www.milesi.com\\\/fr\\\/milesi-a-fianco-delle-eccellenze-sportive\\\/#breadcrumb\",\"itemListElement\":[{\"@type\":\"ListItem\",\"position\":1,\"name\":\"Milesi - Vernis pour bois\",\"item\":\"https:\\\/\\\/www.milesi.com\\\/fr\\\/\"},{\"@type\":\"ListItem\",\"position\":2,\"name\":\"MILESI A FIANCO DELLE ECCELLENZE SPORTIVE\"}]},{\"@type\":\"WebSite\",\"@id\":\"https:\\\/\\\/www.milesi.com\\\/fr\\\/#website\",\"url\":\"https:\\\/\\\/www.milesi.com\\\/fr\\\/\",\"name\":\"Milesi Vernici per il legno\",\"description\":\"Vernis pour bois\",\"publisher\":{\"@id\":\"https:\\\/\\\/www.milesi.com\\\/fr\\\/#organization\"},\"alternateName\":\"Milesi\",\"potentialAction\":[{\"@type\":\"SearchAction\",\"target\":{\"@type\":\"EntryPoint\",\"urlTemplate\":\"https:\\\/\\\/www.milesi.com\\\/fr\\\/?s={search_term_string}\"},\"query-input\":{\"@type\":\"PropertyValueSpecification\",\"valueRequired\":true,\"valueName\":\"search_term_string\"}}],\"inLanguage\":\"fr-FR\"},{\"@type\":\"Organization\",\"@id\":\"https:\\\/\\\/www.milesi.com\\\/fr\\\/#organization\",\"name\":\"Milesi Vernici\",\"alternateName\":\"Milesi\",\"url\":\"https:\\\/\\\/www.milesi.com\\\/fr\\\/\",\"logo\":{\"@type\":\"ImageObject\",\"inLanguage\":\"fr-FR\",\"@id\":\"https:\\\/\\\/www.milesi.com\\\/fr\\\/#\\\/schema\\\/logo\\\/image\\\/\",\"url\":\"https:\\\/\\\/www.milesi.com\\\/wp-content\\\/uploads\\\/2022\\\/12\\\/milesi-web.png\",\"contentUrl\":\"https:\\\/\\\/www.milesi.com\\\/wp-content\\\/uploads\\\/2022\\\/12\\\/milesi-web.png\",\"width\":100,\"height\":101,\"caption\":\"Milesi Vernici\"},\"image\":{\"@id\":\"https:\\\/\\\/www.milesi.com\\\/fr\\\/#\\\/schema\\\/logo\\\/image\\\/\"},\"sameAs\":[\"https:\\\/\\\/www.facebook.com\\\/MilesiVernici\",\"https:\\\/\\\/www.youtube.com\\\/channel\\\/UCgULN6yzPgE9usmMi3CP5hQ\",\"https:\\\/\\\/www.instagram.com\\\/milesiverniciperlegno\\\/\",\"https:\\\/\\\/vimeo.com\\\/user117001108\",\"https:\\\/\\\/www.linkedin.com\\\/company\\\/milesiwoodcoatings\\\/\"]},{\"@type\":\"Person\",\"@id\":\"https:\\\/\\\/www.milesi.com\\\/fr\\\/#\\\/schema\\\/person\\\/efe9c5f0d5dc8ecccf853a392e5aacdd\",\"name\":\"User\"}]}<\/script>\n<!-- \/ Yoast SEO plugin. -->","yoast_head_json":{"title":"MILESI A FIANCO DELLE ECCELLENZE SPORTIVE - Milesi","robots":{"index":"index","follow":"follow","max-snippet":"max-snippet:-1","max-image-preview":"max-image-preview:large","max-video-preview":"max-video-preview:-1"},"canonical":"https:\/\/www.milesi.com\/fr\/milesi-a-fianco-delle-eccellenze-sportive\/","og_locale":"fr_FR","og_type":"article","og_title":"MILESI A FIANCO DELLE ECCELLENZE SPORTIVE - Milesi","og_description":"WALTER MAGNIFICO E ARIO COSTA\u00a0 VISITANO LO STABILIMENTO DI PARONA\u00a0 &nbsp; \u00a0 \u00a0 \u00a0 \u00a0 \u00a0 \u00a0 Walter Magnifico e Ario Costa, bandiere e\u00a0icone del basket italiano e internazionale, hanno visitato\u00a0la\u00a0sede\u00a0Milesi di Parona (PV) in un tour guidato attraverso le aree principali del sito produttivo. I due campioni sono oggi parte della dirigenza della Prosciutto [&hellip;]","og_url":"https:\/\/www.milesi.com\/fr\/milesi-a-fianco-delle-eccellenze-sportive\/","og_site_name":"Milesi","article_publisher":"https:\/\/www.facebook.com\/MilesiVernici","article_published_time":"2021-06-25T12:53:17+00:00","article_modified_time":"2025-04-23T13:43:57+00:00","og_image":[{"width":598,"height":598,"url":"https:\/\/www.milesi.com\/wp-content\/uploads\/2021\/06\/pallacanestro3.jpg","type":"image\/jpeg"}],"author":"User","twitter_card":"summary_large_image","twitter_misc":{"\u00c9crit par":"User","Dur\u00e9e de lecture estim\u00e9e":"2 minutes"},"schema":{"@context":"https:\/\/schema.org","@graph":[{"@type":"Article","@id":"https:\/\/www.milesi.com\/fr\/milesi-a-fianco-delle-eccellenze-sportive\/#article","isPartOf":{"@id":"https:\/\/www.milesi.com\/fr\/milesi-a-fianco-delle-eccellenze-sportive\/"},"author":{"name":"User","@id":"https:\/\/www.milesi.com\/fr\/#\/schema\/person\/efe9c5f0d5dc8ecccf853a392e5aacdd"},"headline":"MILESI A FIANCO DELLE ECCELLENZE SPORTIVE","datePublished":"2021-06-25T12:53:17+00:00","dateModified":"2025-04-23T13:43:57+00:00","mainEntityOfPage":{"@id":"https:\/\/www.milesi.com\/fr\/milesi-a-fianco-delle-eccellenze-sportive\/"},"wordCount":164,"publisher":{"@id":"https:\/\/www.milesi.com\/fr\/#organization"},"image":{"@id":"https:\/\/www.milesi.com\/fr\/milesi-a-fianco-delle-eccellenze-sportive\/#primaryimage"},"thumbnailUrl":"https:\/\/www.milesi.com\/wp-content\/uploads\/2021\/06\/pallacanestro3.jpg","keywords":["milesi vernici per legno","Milesi Wood Coatings"],"articleSection":["Nouvelles"],"inLanguage":"fr-FR"},{"@type":"WebPage","@id":"https:\/\/www.milesi.com\/fr\/milesi-a-fianco-delle-eccellenze-sportive\/","url":"https:\/\/www.milesi.com\/fr\/milesi-a-fianco-delle-eccellenze-sportive\/","name":"MILESI A FIANCO DELLE ECCELLENZE SPORTIVE - Milesi","isPartOf":{"@id":"https:\/\/www.milesi.com\/fr\/#website"},"primaryImageOfPage":{"@id":"https:\/\/www.milesi.com\/fr\/milesi-a-fianco-delle-eccellenze-sportive\/#primaryimage"},"image":{"@id":"https:\/\/www.milesi.com\/fr\/milesi-a-fianco-delle-eccellenze-sportive\/#primaryimage"},"thumbnailUrl":"https:\/\/www.milesi.com\/wp-content\/uploads\/2021\/06\/pallacanestro3.jpg","datePublished":"2021-06-25T12:53:17+00:00","dateModified":"2025-04-23T13:43:57+00:00","breadcrumb":{"@id":"https:\/\/www.milesi.com\/fr\/milesi-a-fianco-delle-eccellenze-sportive\/#breadcrumb"},"inLanguage":"fr-FR","potentialAction":[{"@type":"ReadAction","target":["https:\/\/www.milesi.com\/fr\/milesi-a-fianco-delle-eccellenze-sportive\/"]}]},{"@type":"ImageObject","inLanguage":"fr-FR","@id":"https:\/\/www.milesi.com\/fr\/milesi-a-fianco-delle-eccellenze-sportive\/#primaryimage","url":"https:\/\/www.milesi.com\/wp-content\/uploads\/2021\/06\/pallacanestro3.jpg","contentUrl":"https:\/\/www.milesi.com\/wp-content\/uploads\/2021\/06\/pallacanestro3.jpg","width":598,"height":598},{"@type":"BreadcrumbList","@id":"https:\/\/www.milesi.com\/fr\/milesi-a-fianco-delle-eccellenze-sportive\/#breadcrumb","itemListElement":[{"@type":"ListItem","position":1,"name":"Milesi - Vernis pour bois","item":"https:\/\/www.milesi.com\/fr\/"},{"@type":"ListItem","position":2,"name":"MILESI A FIANCO DELLE ECCELLENZE SPORTIVE"}]},{"@type":"WebSite","@id":"https:\/\/www.milesi.com\/fr\/#website","url":"https:\/\/www.milesi.com\/fr\/","name":"Milesi Vernici per il legno","description":"Vernis pour bois","publisher":{"@id":"https:\/\/www.milesi.com\/fr\/#organization"},"alternateName":"Milesi","potentialAction":[{"@type":"SearchAction","target":{"@type":"EntryPoint","urlTemplate":"https:\/\/www.milesi.com\/fr\/?s={search_term_string}"},"query-input":{"@type":"PropertyValueSpecification","valueRequired":true,"valueName":"search_term_string"}}],"inLanguage":"fr-FR"},{"@type":"Organization","@id":"https:\/\/www.milesi.com\/fr\/#organization","name":"Milesi Vernici","alternateName":"Milesi","url":"https:\/\/www.milesi.com\/fr\/","logo":{"@type":"ImageObject","inLanguage":"fr-FR","@id":"https:\/\/www.milesi.com\/fr\/#\/schema\/logo\/image\/","url":"https:\/\/www.milesi.com\/wp-content\/uploads\/2022\/12\/milesi-web.png","contentUrl":"https:\/\/www.milesi.com\/wp-content\/uploads\/2022\/12\/milesi-web.png","width":100,"height":101,"caption":"Milesi Vernici"},"image":{"@id":"https:\/\/www.milesi.com\/fr\/#\/schema\/logo\/image\/"},"sameAs":["https:\/\/www.facebook.com\/MilesiVernici","https:\/\/www.youtube.com\/channel\/UCgULN6yzPgE9usmMi3CP5hQ","https:\/\/www.instagram.com\/milesiverniciperlegno\/","https:\/\/vimeo.com\/user117001108","https:\/\/www.linkedin.com\/company\/milesiwoodcoatings\/"]},{"@type":"Person","@id":"https:\/\/www.milesi.com\/fr\/#\/schema\/person\/efe9c5f0d5dc8ecccf853a392e5aacdd","name":"User"}]}},"_links":{"self":[{"href":"https:\/\/www.milesi.com\/fr\/wp-json\/wp\/v2\/posts\/16410","targetHints":{"allow":["GET"]}}],"collection":[{"href":"https:\/\/www.milesi.com\/fr\/wp-json\/wp\/v2\/posts"}],"about":[{"href":"https:\/\/www.milesi.com\/fr\/wp-json\/wp\/v2\/types\/post"}],"author":[{"embeddable":true,"href":"https:\/\/www.milesi.com\/fr\/wp-json\/wp\/v2\/users\/5"}],"replies":[{"embeddable":true,"href":"https:\/\/www.milesi.com\/fr\/wp-json\/wp\/v2\/comments?post=16410"}],"version-history":[{"count":1,"href":"https:\/\/www.milesi.com\/fr\/wp-json\/wp\/v2\/posts\/16410\/revisions"}],"predecessor-version":[{"id":27141,"href":"https:\/\/www.milesi.com\/fr\/wp-json\/wp\/v2\/posts\/16410\/revisions\/27141"}],"wp:featuredmedia":[{"embeddable":true,"href":"https:\/\/www.milesi.com\/fr\/wp-json\/wp\/v2\/media\/16383"}],"wp:attachment":[{"href":"https:\/\/www.milesi.com\/fr\/wp-json\/wp\/v2\/media?parent=16410"}],"wp:term":[{"taxonomy":"category","embeddable":true,"href":"https:\/\/www.milesi.com\/fr\/wp-json\/wp\/v2\/categories?post=16410"},{"taxonomy":"post_tag","embeddable":true,"href":"https:\/\/www.milesi.com\/fr\/wp-json\/wp\/v2\/tags?post=16410"}],"curies":[{"name":"wp","href":"https:\/\/api.w.org\/{rel}","templated":true}]}}