{"id":16503,"date":"2021-07-08T15:17:20","date_gmt":"2021-07-08T13:17:20","guid":{"rendered":"https:\/\/www.milesi.com\/?p=16503"},"modified":"2025-04-23T16:06:03","modified_gmt":"2025-04-23T14:06:03","slug":"milesi-al-politecnico-di-milano-2","status":"publish","type":"post","link":"https:\/\/www.milesi.com\/fr\/milesi-al-politecnico-di-milano-2\/","title":{"rendered":"MILESI AL POLITECNICO DI MILANO"},"content":{"rendered":"<div class=\"yoast-breadcrumbs\"><span><span><a href=\"https:\/\/www.milesi.com\/fr\/\">Milesi &#8211; Vernis pour bois<\/a><\/span> \u00bb <span class=\"breadcrumb_last\" aria-current=\"page\">MILESI AL POLITECNICO DI MILANO<\/span><\/span><\/div>\n\n<p style=\"text-align: justify;\">Gli Studenti del <strong>Politecnico di Milano<\/strong>, dipartimento del Corso Wood Design, hanno svolto l\u2019esame finale presentando a Docenti e Giuria le loro creazioni\u00a0per <strong>Ideasxwood<\/strong>, importante Contest nel settore del legno.<br \/>\nGli oggetti in gara sono stati verniciati con le vernici <strong>Milesi, <\/strong>che\u00a0ha collaborato a\u00a0questa iniziativa insieme al Polo Formativo LegnoArredo.<br \/>\nOgni gruppo di studenti ha presentato\u00a0un progetto realizzato partendo dal legno, curando\u00a0ideazione, progettazione, realizzazione, non solo del manufatto ma anche del packaging.<br \/>\n<strong>Milesi<\/strong>, anche in occasione di questa collaborazione con il prestigioso Istituto Universitario, dimostra costante attenzione verso il tema della formazione, che da tempo porta avanti con entusiasmo e professionalit\u00e0, mettendo a disposizione\u00a0 delle nuove generazioni la propria esperienza e i migliori prodotti sul mercato.<\/p>\n<table style=\"border-collapse: collapse; width: 100%;\">\n<tbody>\n<tr>\n<td style=\"width: 50%;\"><img loading=\"lazy\" decoding=\"async\" class=\"wp-image-16471 alignright\" src=\"https:\/\/www.milesi.com\/wp-content\/uploads\/2021\/07\/IMG-20210630-WA0038-e1625746151722.jpg\" alt=\"\" width=\"192\" height=\"256\" \/><\/td>\n<td style=\"width: 50%;\">\u00a0 \u00a0 <img loading=\"lazy\" decoding=\"async\" class=\"alignnone wp-image-16477\" src=\"http:\/\/www.milesi.com\/wp-content\/uploads\/2021\/07\/IMG-20210630-WA0045-e1625750751452.jpg\" alt=\"\" width=\"230\" height=\"254\" srcset=\"https:\/\/www.milesi.com\/wp-content\/uploads\/2021\/07\/IMG-20210630-WA0045-e1625750751452.jpg 1317w, https:\/\/www.milesi.com\/wp-content\/uploads\/2021\/07\/IMG-20210630-WA0045-e1625750751452-272x300.jpg 272w, https:\/\/www.milesi.com\/wp-content\/uploads\/2021\/07\/IMG-20210630-WA0045-e1625750751452-929x1024.jpg 929w, https:\/\/www.milesi.com\/wp-content\/uploads\/2021\/07\/IMG-20210630-WA0045-e1625750751452-768x846.jpg 768w, https:\/\/www.milesi.com\/wp-content\/uploads\/2021\/07\/IMG-20210630-WA0045-e1625750751452-22x24.jpg 22w, https:\/\/www.milesi.com\/wp-content\/uploads\/2021\/07\/IMG-20210630-WA0045-e1625750751452-33x36.jpg 33w, https:\/\/www.milesi.com\/wp-content\/uploads\/2021\/07\/IMG-20210630-WA0045-e1625750751452-232x256.jpg 232w, https:\/\/www.milesi.com\/wp-content\/uploads\/2021\/07\/IMG-20210630-WA0045-e1625750751452-600x661.jpg 600w\" sizes=\"(max-width: 230px) 100vw, 230px\" \/><\/td>\n<\/tr>\n<\/tbody>\n<\/table>\n<p>&nbsp;<\/p>\n<p>&nbsp;<\/p>\n<p>&nbsp;<\/p>\n<p><span style=\"font-size: 10pt;\">Luglio 2021<\/span><\/p>","protected":false},"excerpt":{"rendered":"<p>Gli Studenti del Politecnico di Milano, dipartimento del Corso Wood Design, hanno svolto l\u2019esame finale presentando a Docenti e Giuria le loro creazioni\u00a0per Ideasxwood, importante Contest nel settore del legno. Gli oggetti in gara sono stati verniciati con le vernici Milesi, che\u00a0ha collaborato a\u00a0questa iniziativa insieme al Polo Formativo LegnoArredo. Ogni gruppo di studenti ha [&hellip;]<\/p>\n","protected":false},"author":5,"featured_media":16493,"comment_status":"open","ping_status":"closed","sticky":false,"template":"","format":"standard","meta":{"_et_pb_use_builder":"","_et_pb_old_content":"","_et_gb_content_width":"","footnotes":""},"categories":[819],"tags":[],"class_list":["post-16503","post","type-post","status-publish","format-standard","has-post-thumbnail","hentry","category-nouvelles"],"yoast_head":"<!-- This site is optimized with the Yoast SEO plugin v27.3 - https:\/\/yoast.com\/product\/yoast-seo-wordpress\/ -->\n<title>MILESI AL POLITECNICO DI MILANO - Milesi<\/title>\n<meta name=\"robots\" content=\"index, follow, max-snippet:-1, max-image-preview:large, max-video-preview:-1\" \/>\n<link rel=\"canonical\" href=\"https:\/\/www.milesi.com\/fr\/milesi-al-politecnico-di-milano-2\/\" \/>\n<meta property=\"og:locale\" content=\"fr_FR\" \/>\n<meta property=\"og:type\" content=\"article\" \/>\n<meta property=\"og:title\" content=\"MILESI AL POLITECNICO DI MILANO - Milesi\" \/>\n<meta property=\"og:description\" content=\"Gli Studenti del Politecnico di Milano, dipartimento del Corso Wood Design, hanno svolto l\u2019esame finale presentando a Docenti e Giuria le loro creazioni\u00a0per Ideasxwood, importante Contest nel settore del legno. Gli oggetti in gara sono stati verniciati con le vernici Milesi, che\u00a0ha collaborato a\u00a0questa iniziativa insieme al Polo Formativo LegnoArredo. Ogni gruppo di studenti ha [&hellip;]\" \/>\n<meta property=\"og:url\" content=\"https:\/\/www.milesi.com\/fr\/milesi-al-politecnico-di-milano-2\/\" \/>\n<meta property=\"og:site_name\" content=\"Milesi\" \/>\n<meta property=\"article:publisher\" content=\"https:\/\/www.facebook.com\/MilesiVernici\" \/>\n<meta property=\"article:published_time\" content=\"2021-07-08T13:17:20+00:00\" \/>\n<meta property=\"article:modified_time\" content=\"2025-04-23T14:06:03+00:00\" \/>\n<meta property=\"og:image\" content=\"https:\/\/www.milesi.com\/wp-content\/uploads\/2021\/07\/cubo-legno-poli.jpg\" \/>\n\t<meta property=\"og:image:width\" content=\"598\" \/>\n\t<meta property=\"og:image:height\" content=\"598\" \/>\n\t<meta property=\"og:image:type\" content=\"image\/jpeg\" \/>\n<meta name=\"author\" content=\"User\" \/>\n<meta name=\"twitter:card\" content=\"summary_large_image\" \/>\n<meta name=\"twitter:label1\" content=\"\u00c9crit par\" \/>\n\t<meta name=\"twitter:data1\" content=\"User\" \/>\n\t<meta name=\"twitter:label2\" content=\"Dur\u00e9e de lecture estim\u00e9e\" \/>\n\t<meta name=\"twitter:data2\" content=\"1 minute\" \/>\n<script type=\"application\/ld+json\" class=\"yoast-schema-graph\">{\"@context\":\"https:\\\/\\\/schema.org\",\"@graph\":[{\"@type\":\"Article\",\"@id\":\"https:\\\/\\\/www.milesi.com\\\/fr\\\/milesi-al-politecnico-di-milano-2\\\/#article\",\"isPartOf\":{\"@id\":\"https:\\\/\\\/www.milesi.com\\\/fr\\\/milesi-al-politecnico-di-milano-2\\\/\"},\"author\":{\"name\":\"User\",\"@id\":\"https:\\\/\\\/www.milesi.com\\\/fr\\\/#\\\/schema\\\/person\\\/efe9c5f0d5dc8ecccf853a392e5aacdd\"},\"headline\":\"MILESI AL POLITECNICO DI MILANO\",\"datePublished\":\"2021-07-08T13:17:20+00:00\",\"dateModified\":\"2025-04-23T14:06:03+00:00\",\"mainEntityOfPage\":{\"@id\":\"https:\\\/\\\/www.milesi.com\\\/fr\\\/milesi-al-politecnico-di-milano-2\\\/\"},\"wordCount\":131,\"commentCount\":0,\"publisher\":{\"@id\":\"https:\\\/\\\/www.milesi.com\\\/fr\\\/#organization\"},\"image\":{\"@id\":\"https:\\\/\\\/www.milesi.com\\\/fr\\\/milesi-al-politecnico-di-milano-2\\\/#primaryimage\"},\"thumbnailUrl\":\"https:\\\/\\\/www.milesi.com\\\/wp-content\\\/uploads\\\/2021\\\/07\\\/cubo-legno-poli.jpg\",\"articleSection\":[\"Nouvelles\"],\"inLanguage\":\"fr-FR\",\"potentialAction\":[{\"@type\":\"CommentAction\",\"name\":\"Comment\",\"target\":[\"https:\\\/\\\/www.milesi.com\\\/fr\\\/milesi-al-politecnico-di-milano-2\\\/#respond\"]}]},{\"@type\":\"WebPage\",\"@id\":\"https:\\\/\\\/www.milesi.com\\\/fr\\\/milesi-al-politecnico-di-milano-2\\\/\",\"url\":\"https:\\\/\\\/www.milesi.com\\\/fr\\\/milesi-al-politecnico-di-milano-2\\\/\",\"name\":\"MILESI AL POLITECNICO DI MILANO - Milesi\",\"isPartOf\":{\"@id\":\"https:\\\/\\\/www.milesi.com\\\/fr\\\/#website\"},\"primaryImageOfPage\":{\"@id\":\"https:\\\/\\\/www.milesi.com\\\/fr\\\/milesi-al-politecnico-di-milano-2\\\/#primaryimage\"},\"image\":{\"@id\":\"https:\\\/\\\/www.milesi.com\\\/fr\\\/milesi-al-politecnico-di-milano-2\\\/#primaryimage\"},\"thumbnailUrl\":\"https:\\\/\\\/www.milesi.com\\\/wp-content\\\/uploads\\\/2021\\\/07\\\/cubo-legno-poli.jpg\",\"datePublished\":\"2021-07-08T13:17:20+00:00\",\"dateModified\":\"2025-04-23T14:06:03+00:00\",\"breadcrumb\":{\"@id\":\"https:\\\/\\\/www.milesi.com\\\/fr\\\/milesi-al-politecnico-di-milano-2\\\/#breadcrumb\"},\"inLanguage\":\"fr-FR\",\"potentialAction\":[{\"@type\":\"ReadAction\",\"target\":[\"https:\\\/\\\/www.milesi.com\\\/fr\\\/milesi-al-politecnico-di-milano-2\\\/\"]}]},{\"@type\":\"ImageObject\",\"inLanguage\":\"fr-FR\",\"@id\":\"https:\\\/\\\/www.milesi.com\\\/fr\\\/milesi-al-politecnico-di-milano-2\\\/#primaryimage\",\"url\":\"https:\\\/\\\/www.milesi.com\\\/wp-content\\\/uploads\\\/2021\\\/07\\\/cubo-legno-poli.jpg\",\"contentUrl\":\"https:\\\/\\\/www.milesi.com\\\/wp-content\\\/uploads\\\/2021\\\/07\\\/cubo-legno-poli.jpg\",\"width\":598,\"height\":598},{\"@type\":\"BreadcrumbList\",\"@id\":\"https:\\\/\\\/www.milesi.com\\\/fr\\\/milesi-al-politecnico-di-milano-2\\\/#breadcrumb\",\"itemListElement\":[{\"@type\":\"ListItem\",\"position\":1,\"name\":\"Milesi - Vernis pour bois\",\"item\":\"https:\\\/\\\/www.milesi.com\\\/fr\\\/\"},{\"@type\":\"ListItem\",\"position\":2,\"name\":\"MILESI AL POLITECNICO DI MILANO\"}]},{\"@type\":\"WebSite\",\"@id\":\"https:\\\/\\\/www.milesi.com\\\/fr\\\/#website\",\"url\":\"https:\\\/\\\/www.milesi.com\\\/fr\\\/\",\"name\":\"Milesi Vernici per il legno\",\"description\":\"Vernis pour bois\",\"publisher\":{\"@id\":\"https:\\\/\\\/www.milesi.com\\\/fr\\\/#organization\"},\"alternateName\":\"Milesi\",\"potentialAction\":[{\"@type\":\"SearchAction\",\"target\":{\"@type\":\"EntryPoint\",\"urlTemplate\":\"https:\\\/\\\/www.milesi.com\\\/fr\\\/?s={search_term_string}\"},\"query-input\":{\"@type\":\"PropertyValueSpecification\",\"valueRequired\":true,\"valueName\":\"search_term_string\"}}],\"inLanguage\":\"fr-FR\"},{\"@type\":\"Organization\",\"@id\":\"https:\\\/\\\/www.milesi.com\\\/fr\\\/#organization\",\"name\":\"Milesi Vernici\",\"alternateName\":\"Milesi\",\"url\":\"https:\\\/\\\/www.milesi.com\\\/fr\\\/\",\"logo\":{\"@type\":\"ImageObject\",\"inLanguage\":\"fr-FR\",\"@id\":\"https:\\\/\\\/www.milesi.com\\\/fr\\\/#\\\/schema\\\/logo\\\/image\\\/\",\"url\":\"https:\\\/\\\/www.milesi.com\\\/wp-content\\\/uploads\\\/2022\\\/12\\\/milesi-web.png\",\"contentUrl\":\"https:\\\/\\\/www.milesi.com\\\/wp-content\\\/uploads\\\/2022\\\/12\\\/milesi-web.png\",\"width\":100,\"height\":101,\"caption\":\"Milesi Vernici\"},\"image\":{\"@id\":\"https:\\\/\\\/www.milesi.com\\\/fr\\\/#\\\/schema\\\/logo\\\/image\\\/\"},\"sameAs\":[\"https:\\\/\\\/www.facebook.com\\\/MilesiVernici\",\"https:\\\/\\\/www.youtube.com\\\/channel\\\/UCgULN6yzPgE9usmMi3CP5hQ\",\"https:\\\/\\\/www.instagram.com\\\/milesiverniciperlegno\\\/\",\"https:\\\/\\\/vimeo.com\\\/user117001108\",\"https:\\\/\\\/www.linkedin.com\\\/company\\\/milesiwoodcoatings\\\/\"]},{\"@type\":\"Person\",\"@id\":\"https:\\\/\\\/www.milesi.com\\\/fr\\\/#\\\/schema\\\/person\\\/efe9c5f0d5dc8ecccf853a392e5aacdd\",\"name\":\"User\"}]}<\/script>\n<!-- \/ Yoast SEO plugin. -->","yoast_head_json":{"title":"MILESI AL POLITECNICO DI MILANO - Milesi","robots":{"index":"index","follow":"follow","max-snippet":"max-snippet:-1","max-image-preview":"max-image-preview:large","max-video-preview":"max-video-preview:-1"},"canonical":"https:\/\/www.milesi.com\/fr\/milesi-al-politecnico-di-milano-2\/","og_locale":"fr_FR","og_type":"article","og_title":"MILESI AL POLITECNICO DI MILANO - Milesi","og_description":"Gli Studenti del Politecnico di Milano, dipartimento del Corso Wood Design, hanno svolto l\u2019esame finale presentando a Docenti e Giuria le loro creazioni\u00a0per Ideasxwood, importante Contest nel settore del legno. Gli oggetti in gara sono stati verniciati con le vernici Milesi, che\u00a0ha collaborato a\u00a0questa iniziativa insieme al Polo Formativo LegnoArredo. Ogni gruppo di studenti ha [&hellip;]","og_url":"https:\/\/www.milesi.com\/fr\/milesi-al-politecnico-di-milano-2\/","og_site_name":"Milesi","article_publisher":"https:\/\/www.facebook.com\/MilesiVernici","article_published_time":"2021-07-08T13:17:20+00:00","article_modified_time":"2025-04-23T14:06:03+00:00","og_image":[{"width":598,"height":598,"url":"https:\/\/www.milesi.com\/wp-content\/uploads\/2021\/07\/cubo-legno-poli.jpg","type":"image\/jpeg"}],"author":"User","twitter_card":"summary_large_image","twitter_misc":{"\u00c9crit par":"User","Dur\u00e9e de lecture estim\u00e9e":"1 minute"},"schema":{"@context":"https:\/\/schema.org","@graph":[{"@type":"Article","@id":"https:\/\/www.milesi.com\/fr\/milesi-al-politecnico-di-milano-2\/#article","isPartOf":{"@id":"https:\/\/www.milesi.com\/fr\/milesi-al-politecnico-di-milano-2\/"},"author":{"name":"User","@id":"https:\/\/www.milesi.com\/fr\/#\/schema\/person\/efe9c5f0d5dc8ecccf853a392e5aacdd"},"headline":"MILESI AL POLITECNICO DI MILANO","datePublished":"2021-07-08T13:17:20+00:00","dateModified":"2025-04-23T14:06:03+00:00","mainEntityOfPage":{"@id":"https:\/\/www.milesi.com\/fr\/milesi-al-politecnico-di-milano-2\/"},"wordCount":131,"commentCount":0,"publisher":{"@id":"https:\/\/www.milesi.com\/fr\/#organization"},"image":{"@id":"https:\/\/www.milesi.com\/fr\/milesi-al-politecnico-di-milano-2\/#primaryimage"},"thumbnailUrl":"https:\/\/www.milesi.com\/wp-content\/uploads\/2021\/07\/cubo-legno-poli.jpg","articleSection":["Nouvelles"],"inLanguage":"fr-FR","potentialAction":[{"@type":"CommentAction","name":"Comment","target":["https:\/\/www.milesi.com\/fr\/milesi-al-politecnico-di-milano-2\/#respond"]}]},{"@type":"WebPage","@id":"https:\/\/www.milesi.com\/fr\/milesi-al-politecnico-di-milano-2\/","url":"https:\/\/www.milesi.com\/fr\/milesi-al-politecnico-di-milano-2\/","name":"MILESI AL POLITECNICO DI MILANO - Milesi","isPartOf":{"@id":"https:\/\/www.milesi.com\/fr\/#website"},"primaryImageOfPage":{"@id":"https:\/\/www.milesi.com\/fr\/milesi-al-politecnico-di-milano-2\/#primaryimage"},"image":{"@id":"https:\/\/www.milesi.com\/fr\/milesi-al-politecnico-di-milano-2\/#primaryimage"},"thumbnailUrl":"https:\/\/www.milesi.com\/wp-content\/uploads\/2021\/07\/cubo-legno-poli.jpg","datePublished":"2021-07-08T13:17:20+00:00","dateModified":"2025-04-23T14:06:03+00:00","breadcrumb":{"@id":"https:\/\/www.milesi.com\/fr\/milesi-al-politecnico-di-milano-2\/#breadcrumb"},"inLanguage":"fr-FR","potentialAction":[{"@type":"ReadAction","target":["https:\/\/www.milesi.com\/fr\/milesi-al-politecnico-di-milano-2\/"]}]},{"@type":"ImageObject","inLanguage":"fr-FR","@id":"https:\/\/www.milesi.com\/fr\/milesi-al-politecnico-di-milano-2\/#primaryimage","url":"https:\/\/www.milesi.com\/wp-content\/uploads\/2021\/07\/cubo-legno-poli.jpg","contentUrl":"https:\/\/www.milesi.com\/wp-content\/uploads\/2021\/07\/cubo-legno-poli.jpg","width":598,"height":598},{"@type":"BreadcrumbList","@id":"https:\/\/www.milesi.com\/fr\/milesi-al-politecnico-di-milano-2\/#breadcrumb","itemListElement":[{"@type":"ListItem","position":1,"name":"Milesi - Vernis pour bois","item":"https:\/\/www.milesi.com\/fr\/"},{"@type":"ListItem","position":2,"name":"MILESI AL POLITECNICO DI MILANO"}]},{"@type":"WebSite","@id":"https:\/\/www.milesi.com\/fr\/#website","url":"https:\/\/www.milesi.com\/fr\/","name":"Milesi Vernici per il legno","description":"Vernis pour bois","publisher":{"@id":"https:\/\/www.milesi.com\/fr\/#organization"},"alternateName":"Milesi","potentialAction":[{"@type":"SearchAction","target":{"@type":"EntryPoint","urlTemplate":"https:\/\/www.milesi.com\/fr\/?s={search_term_string}"},"query-input":{"@type":"PropertyValueSpecification","valueRequired":true,"valueName":"search_term_string"}}],"inLanguage":"fr-FR"},{"@type":"Organization","@id":"https:\/\/www.milesi.com\/fr\/#organization","name":"Milesi Vernici","alternateName":"Milesi","url":"https:\/\/www.milesi.com\/fr\/","logo":{"@type":"ImageObject","inLanguage":"fr-FR","@id":"https:\/\/www.milesi.com\/fr\/#\/schema\/logo\/image\/","url":"https:\/\/www.milesi.com\/wp-content\/uploads\/2022\/12\/milesi-web.png","contentUrl":"https:\/\/www.milesi.com\/wp-content\/uploads\/2022\/12\/milesi-web.png","width":100,"height":101,"caption":"Milesi Vernici"},"image":{"@id":"https:\/\/www.milesi.com\/fr\/#\/schema\/logo\/image\/"},"sameAs":["https:\/\/www.facebook.com\/MilesiVernici","https:\/\/www.youtube.com\/channel\/UCgULN6yzPgE9usmMi3CP5hQ","https:\/\/www.instagram.com\/milesiverniciperlegno\/","https:\/\/vimeo.com\/user117001108","https:\/\/www.linkedin.com\/company\/milesiwoodcoatings\/"]},{"@type":"Person","@id":"https:\/\/www.milesi.com\/fr\/#\/schema\/person\/efe9c5f0d5dc8ecccf853a392e5aacdd","name":"User"}]}},"_links":{"self":[{"href":"https:\/\/www.milesi.com\/fr\/wp-json\/wp\/v2\/posts\/16503","targetHints":{"allow":["GET"]}}],"collection":[{"href":"https:\/\/www.milesi.com\/fr\/wp-json\/wp\/v2\/posts"}],"about":[{"href":"https:\/\/www.milesi.com\/fr\/wp-json\/wp\/v2\/types\/post"}],"author":[{"embeddable":true,"href":"https:\/\/www.milesi.com\/fr\/wp-json\/wp\/v2\/users\/5"}],"replies":[{"embeddable":true,"href":"https:\/\/www.milesi.com\/fr\/wp-json\/wp\/v2\/comments?post=16503"}],"version-history":[{"count":1,"href":"https:\/\/www.milesi.com\/fr\/wp-json\/wp\/v2\/posts\/16503\/revisions"}],"predecessor-version":[{"id":27154,"href":"https:\/\/www.milesi.com\/fr\/wp-json\/wp\/v2\/posts\/16503\/revisions\/27154"}],"wp:featuredmedia":[{"embeddable":true,"href":"https:\/\/www.milesi.com\/fr\/wp-json\/wp\/v2\/media\/16493"}],"wp:attachment":[{"href":"https:\/\/www.milesi.com\/fr\/wp-json\/wp\/v2\/media?parent=16503"}],"wp:term":[{"taxonomy":"category","embeddable":true,"href":"https:\/\/www.milesi.com\/fr\/wp-json\/wp\/v2\/categories?post=16503"},{"taxonomy":"post_tag","embeddable":true,"href":"https:\/\/www.milesi.com\/fr\/wp-json\/wp\/v2\/tags?post=16503"}],"curies":[{"name":"wp","href":"https:\/\/api.w.org\/{rel}","templated":true}]}}