{"id":16589,"date":"2021-07-16T14:42:53","date_gmt":"2021-07-16T12:42:53","guid":{"rendered":"https:\/\/www.milesi.com\/?p=16589"},"modified":"2025-04-23T16:11:02","modified_gmt":"2025-04-23T14:11:02","slug":"intervista-al-liutaio-santochirico-chitarre-deccellenza-verniciate-milesi","status":"publish","type":"post","link":"https:\/\/www.milesi.com\/fr\/intervista-al-liutaio-santochirico-chitarre-deccellenza-verniciate-milesi\/","title":{"rendered":"INTERVISTA AL LIUTAIO SANTOCHIRICO, CHITARRE D\u2019ECCELLENZA VERNICIATE MILESI"},"content":{"rendered":"<div class=\"yoast-breadcrumbs\"><span><span><a href=\"https:\/\/www.milesi.com\/fr\/\">Milesi &#8211; Vernis pour bois<\/a><\/span> \u00bb <span class=\"breadcrumb_last\" aria-current=\"page\">INTERVISTA AL LIUTAIO SANTOCHIRICO, CHITARRE D\u2019ECCELLENZA VERNICIATE MILESI<\/span><\/span><\/div>\n\n<p><img loading=\"lazy\" decoding=\"async\" class=\"alignnone size-large wp-image-16565 aligncenter\" src=\"https:\/\/www.milesi.com\/wp-content\/uploads\/2021\/07\/174523547_3930454457047428_6525166485099671619_n-1024x439.jpg\" alt=\"\" width=\"1024\" height=\"439\" srcset=\"https:\/\/www.milesi.com\/wp-content\/uploads\/2021\/07\/174523547_3930454457047428_6525166485099671619_n-1024x439.jpg 1024w, https:\/\/www.milesi.com\/wp-content\/uploads\/2021\/07\/174523547_3930454457047428_6525166485099671619_n-300x128.jpg 300w, https:\/\/www.milesi.com\/wp-content\/uploads\/2021\/07\/174523547_3930454457047428_6525166485099671619_n-768x329.jpg 768w, https:\/\/www.milesi.com\/wp-content\/uploads\/2021\/07\/174523547_3930454457047428_6525166485099671619_n-24x10.jpg 24w, https:\/\/www.milesi.com\/wp-content\/uploads\/2021\/07\/174523547_3930454457047428_6525166485099671619_n-36x15.jpg 36w, https:\/\/www.milesi.com\/wp-content\/uploads\/2021\/07\/174523547_3930454457047428_6525166485099671619_n-256x110.jpg 256w, https:\/\/www.milesi.com\/wp-content\/uploads\/2021\/07\/174523547_3930454457047428_6525166485099671619_n-600x257.jpg 600w, https:\/\/www.milesi.com\/wp-content\/uploads\/2021\/07\/174523547_3930454457047428_6525166485099671619_n.jpg 1261w\" sizes=\"(max-width: 1024px) 100vw, 1024px\" \/><\/p>\n<p>&nbsp;<\/p>\n<p style=\"text-align: justify;\">Un\u2019arte antica rivive oggi grazie alla dedizione di <strong>Vincenzo Santochirico<\/strong>, liutaio prima per passione e poi per mestiere, che costruisce e restaura strumenti musicali per professionisti e appassionati e ha scelto i prodotti <strong>Milesi<\/strong> per verniciare le sue creazioni. Realt\u00e0 che rappresenta in pieno l\u2019eccellenza del saper fare italiano, Vincenzo Santochirico ha collaborato con diversi musicisti ed \u00e8 stimato e conosciuto da alcuni tra i pi\u00f9 grandi liutai italiani e internazionali.<\/p>\n<p>&nbsp;<\/p>\n<p style=\"text-align: justify;\"><em>Come \u00e8 iniziata<\/em><em> la passione per il mondo della liuteria?<\/em><\/p>\n<p style=\"text-align: justify;\">Sono sempre stato appassionato di arte: un giorno ho deciso di restaurare la mia vecchia chitarra e ne sono rimasto affascinato, cos\u00ec ho provato a costruirne una uguale. Da questo momento, mi sono avvicinato al mondo della liuteria, prima come passione e poi come un vero e proprio lavoro. Sono poi entrato a far parte nello staff di Vintage Authority con la quale, da oltre 10 anni, organizziamo Vintage Expo, una delle manifestazioni culturali legate al mondo del vintage tra le pi\u00f9 importanti di Europa.<\/p>\n<p>&nbsp;<\/p>\n<p style=\"text-align: justify;\"><em>Come mai ha scelto di usare le vernici Milesi sugli strumenti che costruisce?<\/em><\/p>\n<p style=\"text-align: justify;\">L&rsquo;aspetto della verniciatura \u00e8 fondamentale nel mio lavoro perch\u00e9 influisce non solo sull&rsquo;estetica ma anche sul suono delle chitarre che costruisco. Ho trovato le vernici Milesi per la prima volta in una ferramenta in provincia di Mantova, ho iniziato a usarle e ho visto subito che davano ottimi risultati. Una volta trasferito al sud, mi sono messo in contatto con l&rsquo;azienda che mi ha illustrato le nuove tecnologie e ha trovato per me la vernice ideale. I prodotti Milesi si diluiscono molto bene, un aspetto fondamentale per me, che lavoro applicando molti strati ma tutti sottilissimi. E poi, essiccando, non si formano crepe, cosa che succede molto spesso con i prodotti tradizionali; non devo aspettare i tradizionali 40 giorni per lucidarla, ma lo posso fare molto prima, e se si graffia uno strumento posso intervenire e ripararlo, cosa che con altri prodotti non \u00e8 possibile. Grazie a questo, riesco ad ottenere un risultato simile alla tradizionale gommalacca e tutti i miei clienti ne sono estremamente soddisfatti.<\/p>\n<p>&nbsp;<\/p>\n<p style=\"text-align: justify;\"><em>Come nasce uno strumento musicale?<\/em><\/p>\n<p style=\"text-align: justify;\">Non ho mai fatto una scuola di liutai, perci\u00f2 creo modelli del tutto miei. Come prima cosa, la chitarra deve ovviamente suonare bene, poi viene l\u2019estetica. La chitarra deve entrare in sintonia con il musicista: deve essere elegante, sinuosa, attraente a livello cromatico. E poi, deve anche essere comoda, e in questo \u00e8 fondamentale la lavorazione del manico: quando costruisco chitarre su misura, lavoro a questa parte direttamente con il cliente presente, in modo che calzi a perfezione, come un vestito su misura.<\/p>\n<p>&nbsp;<\/p>\n<p style=\"text-align: justify;\"><em>\u00a0<\/em><em>Quali sono le collaborazioni che pi\u00f9 la hanno arricchita dal punto di vista professionale?<\/em><\/p>\n<p style=\"text-align: justify;\">Negli anni ho conosciuto diversi artisti di spessore e con alcuni sono nate importanti collaborazioni; per citarne alcuni, <strong>Cristiano Maramotti<\/strong>, chitarrista del cantante <strong>Piero Pel\u00f9<\/strong>, oppure il grande <strong>Andrea Braido<\/strong> a cui ho costruito una chitarra nylon doppia spalla mancante che porta il suo nome &#8211; \u201cLa Braida\u201d.<\/p>\n<p style=\"text-align: justify;\">Tra gli altri, mi piace ricordare le chitarre costruite per <strong>Rocco Papaleo<\/strong> e per <strong>Giulio Nenna<\/strong>, produttore artistico, autore di canzoni di <strong>Irama<\/strong> e direttore d\u2019orchestra del festival di San Remo. Ci sono anche tanti artisti stranieri, tra cui come <strong>Simon Pires<\/strong> e <strong>Josue Carballo<\/strong>.<\/p>\n<p>&nbsp;<\/p>\n<p><span style=\"font-size: 10pt;\">Luglio 2021<\/span><\/p>","protected":false},"excerpt":{"rendered":"<p>&nbsp; Un\u2019arte antica rivive oggi grazie alla dedizione di Vincenzo Santochirico, liutaio prima per passione e poi per mestiere, che costruisce e restaura strumenti musicali per professionisti e appassionati e ha scelto i prodotti Milesi per verniciare le sue creazioni. Realt\u00e0 che rappresenta in pieno l\u2019eccellenza del saper fare italiano, Vincenzo Santochirico ha collaborato con [&hellip;]<\/p>\n","protected":false},"author":5,"featured_media":16580,"comment_status":"open","ping_status":"closed","sticky":false,"template":"","format":"standard","meta":{"_et_pb_use_builder":"","_et_pb_old_content":"","_et_gb_content_width":"","footnotes":""},"categories":[819],"tags":[1084,1118,1169],"class_list":["post-16589","post","type-post","status-publish","format-standard","has-post-thumbnail","hentry","category-nouvelles","tag-milesi-vernici-per-legno-fr","tag-milesi-vernis-pour-bois","tag-santochirico-guitars-fr"],"yoast_head":"<!-- This site is optimized with the Yoast SEO plugin v27.3 - https:\/\/yoast.com\/product\/yoast-seo-wordpress\/ -->\n<title>INTERVISTA AL LIUTAIO SANTOCHIRICO, CHITARRE D\u2019ECCELLENZA VERNICIATE MILESI - Milesi<\/title>\n<meta name=\"robots\" content=\"index, follow, max-snippet:-1, max-image-preview:large, max-video-preview:-1\" \/>\n<link rel=\"canonical\" href=\"https:\/\/www.milesi.com\/fr\/intervista-al-liutaio-santochirico-chitarre-deccellenza-verniciate-milesi\/\" \/>\n<meta property=\"og:locale\" content=\"fr_FR\" \/>\n<meta property=\"og:type\" content=\"article\" \/>\n<meta property=\"og:title\" content=\"INTERVISTA AL LIUTAIO SANTOCHIRICO, CHITARRE D\u2019ECCELLENZA VERNICIATE MILESI - Milesi\" \/>\n<meta property=\"og:description\" content=\"&nbsp; Un\u2019arte antica rivive oggi grazie alla dedizione di Vincenzo Santochirico, liutaio prima per passione e poi per mestiere, che costruisce e restaura strumenti musicali per professionisti e appassionati e ha scelto i prodotti Milesi per verniciare le sue creazioni. Realt\u00e0 che rappresenta in pieno l\u2019eccellenza del saper fare italiano, Vincenzo Santochirico ha collaborato con [&hellip;]\" \/>\n<meta property=\"og:url\" content=\"https:\/\/www.milesi.com\/fr\/intervista-al-liutaio-santochirico-chitarre-deccellenza-verniciate-milesi\/\" \/>\n<meta property=\"og:site_name\" content=\"Milesi\" \/>\n<meta property=\"article:publisher\" content=\"https:\/\/www.facebook.com\/MilesiVernici\" \/>\n<meta property=\"article:published_time\" content=\"2021-07-16T12:42:53+00:00\" \/>\n<meta property=\"article:modified_time\" content=\"2025-04-23T14:11:02+00:00\" \/>\n<meta property=\"og:image\" content=\"https:\/\/www.milesi.com\/wp-content\/uploads\/2021\/07\/guitars.jpg\" \/>\n\t<meta property=\"og:image:width\" content=\"598\" \/>\n\t<meta property=\"og:image:height\" content=\"598\" \/>\n\t<meta property=\"og:image:type\" content=\"image\/jpeg\" \/>\n<meta name=\"author\" content=\"User\" \/>\n<meta name=\"twitter:card\" content=\"summary_large_image\" \/>\n<meta name=\"twitter:label1\" content=\"\u00c9crit par\" \/>\n\t<meta name=\"twitter:data1\" content=\"User\" \/>\n\t<meta name=\"twitter:label2\" content=\"Dur\u00e9e de lecture estim\u00e9e\" \/>\n\t<meta name=\"twitter:data2\" content=\"3 minutes\" \/>\n<script type=\"application\/ld+json\" class=\"yoast-schema-graph\">{\"@context\":\"https:\\\/\\\/schema.org\",\"@graph\":[{\"@type\":\"Article\",\"@id\":\"https:\\\/\\\/www.milesi.com\\\/fr\\\/intervista-al-liutaio-santochirico-chitarre-deccellenza-verniciate-milesi\\\/#article\",\"isPartOf\":{\"@id\":\"https:\\\/\\\/www.milesi.com\\\/fr\\\/intervista-al-liutaio-santochirico-chitarre-deccellenza-verniciate-milesi\\\/\"},\"author\":{\"name\":\"User\",\"@id\":\"https:\\\/\\\/www.milesi.com\\\/fr\\\/#\\\/schema\\\/person\\\/efe9c5f0d5dc8ecccf853a392e5aacdd\"},\"headline\":\"INTERVISTA AL LIUTAIO SANTOCHIRICO, CHITARRE D\u2019ECCELLENZA VERNICIATE MILESI\",\"datePublished\":\"2021-07-16T12:42:53+00:00\",\"dateModified\":\"2025-04-23T14:11:02+00:00\",\"mainEntityOfPage\":{\"@id\":\"https:\\\/\\\/www.milesi.com\\\/fr\\\/intervista-al-liutaio-santochirico-chitarre-deccellenza-verniciate-milesi\\\/\"},\"wordCount\":556,\"commentCount\":0,\"publisher\":{\"@id\":\"https:\\\/\\\/www.milesi.com\\\/fr\\\/#organization\"},\"image\":{\"@id\":\"https:\\\/\\\/www.milesi.com\\\/fr\\\/intervista-al-liutaio-santochirico-chitarre-deccellenza-verniciate-milesi\\\/#primaryimage\"},\"thumbnailUrl\":\"https:\\\/\\\/www.milesi.com\\\/wp-content\\\/uploads\\\/2021\\\/07\\\/guitars.jpg\",\"keywords\":[\"milesi vernici per legno\",\"milesi vernis pour bois\",\"santochirico guitars\"],\"articleSection\":[\"Nouvelles\"],\"inLanguage\":\"fr-FR\",\"potentialAction\":[{\"@type\":\"CommentAction\",\"name\":\"Comment\",\"target\":[\"https:\\\/\\\/www.milesi.com\\\/fr\\\/intervista-al-liutaio-santochirico-chitarre-deccellenza-verniciate-milesi\\\/#respond\"]}]},{\"@type\":\"WebPage\",\"@id\":\"https:\\\/\\\/www.milesi.com\\\/fr\\\/intervista-al-liutaio-santochirico-chitarre-deccellenza-verniciate-milesi\\\/\",\"url\":\"https:\\\/\\\/www.milesi.com\\\/fr\\\/intervista-al-liutaio-santochirico-chitarre-deccellenza-verniciate-milesi\\\/\",\"name\":\"INTERVISTA AL LIUTAIO SANTOCHIRICO, CHITARRE D\u2019ECCELLENZA VERNICIATE MILESI - Milesi\",\"isPartOf\":{\"@id\":\"https:\\\/\\\/www.milesi.com\\\/fr\\\/#website\"},\"primaryImageOfPage\":{\"@id\":\"https:\\\/\\\/www.milesi.com\\\/fr\\\/intervista-al-liutaio-santochirico-chitarre-deccellenza-verniciate-milesi\\\/#primaryimage\"},\"image\":{\"@id\":\"https:\\\/\\\/www.milesi.com\\\/fr\\\/intervista-al-liutaio-santochirico-chitarre-deccellenza-verniciate-milesi\\\/#primaryimage\"},\"thumbnailUrl\":\"https:\\\/\\\/www.milesi.com\\\/wp-content\\\/uploads\\\/2021\\\/07\\\/guitars.jpg\",\"datePublished\":\"2021-07-16T12:42:53+00:00\",\"dateModified\":\"2025-04-23T14:11:02+00:00\",\"breadcrumb\":{\"@id\":\"https:\\\/\\\/www.milesi.com\\\/fr\\\/intervista-al-liutaio-santochirico-chitarre-deccellenza-verniciate-milesi\\\/#breadcrumb\"},\"inLanguage\":\"fr-FR\",\"potentialAction\":[{\"@type\":\"ReadAction\",\"target\":[\"https:\\\/\\\/www.milesi.com\\\/fr\\\/intervista-al-liutaio-santochirico-chitarre-deccellenza-verniciate-milesi\\\/\"]}]},{\"@type\":\"ImageObject\",\"inLanguage\":\"fr-FR\",\"@id\":\"https:\\\/\\\/www.milesi.com\\\/fr\\\/intervista-al-liutaio-santochirico-chitarre-deccellenza-verniciate-milesi\\\/#primaryimage\",\"url\":\"https:\\\/\\\/www.milesi.com\\\/wp-content\\\/uploads\\\/2021\\\/07\\\/guitars.jpg\",\"contentUrl\":\"https:\\\/\\\/www.milesi.com\\\/wp-content\\\/uploads\\\/2021\\\/07\\\/guitars.jpg\",\"width\":598,\"height\":598},{\"@type\":\"BreadcrumbList\",\"@id\":\"https:\\\/\\\/www.milesi.com\\\/fr\\\/intervista-al-liutaio-santochirico-chitarre-deccellenza-verniciate-milesi\\\/#breadcrumb\",\"itemListElement\":[{\"@type\":\"ListItem\",\"position\":1,\"name\":\"Milesi - Vernis pour bois\",\"item\":\"https:\\\/\\\/www.milesi.com\\\/fr\\\/\"},{\"@type\":\"ListItem\",\"position\":2,\"name\":\"INTERVISTA AL LIUTAIO SANTOCHIRICO, CHITARRE D\u2019ECCELLENZA VERNICIATE MILESI\"}]},{\"@type\":\"WebSite\",\"@id\":\"https:\\\/\\\/www.milesi.com\\\/fr\\\/#website\",\"url\":\"https:\\\/\\\/www.milesi.com\\\/fr\\\/\",\"name\":\"Milesi Vernici per il legno\",\"description\":\"Vernis pour bois\",\"publisher\":{\"@id\":\"https:\\\/\\\/www.milesi.com\\\/fr\\\/#organization\"},\"alternateName\":\"Milesi\",\"potentialAction\":[{\"@type\":\"SearchAction\",\"target\":{\"@type\":\"EntryPoint\",\"urlTemplate\":\"https:\\\/\\\/www.milesi.com\\\/fr\\\/?s={search_term_string}\"},\"query-input\":{\"@type\":\"PropertyValueSpecification\",\"valueRequired\":true,\"valueName\":\"search_term_string\"}}],\"inLanguage\":\"fr-FR\"},{\"@type\":\"Organization\",\"@id\":\"https:\\\/\\\/www.milesi.com\\\/fr\\\/#organization\",\"name\":\"Milesi Vernici\",\"alternateName\":\"Milesi\",\"url\":\"https:\\\/\\\/www.milesi.com\\\/fr\\\/\",\"logo\":{\"@type\":\"ImageObject\",\"inLanguage\":\"fr-FR\",\"@id\":\"https:\\\/\\\/www.milesi.com\\\/fr\\\/#\\\/schema\\\/logo\\\/image\\\/\",\"url\":\"https:\\\/\\\/www.milesi.com\\\/wp-content\\\/uploads\\\/2022\\\/12\\\/milesi-web.png\",\"contentUrl\":\"https:\\\/\\\/www.milesi.com\\\/wp-content\\\/uploads\\\/2022\\\/12\\\/milesi-web.png\",\"width\":100,\"height\":101,\"caption\":\"Milesi Vernici\"},\"image\":{\"@id\":\"https:\\\/\\\/www.milesi.com\\\/fr\\\/#\\\/schema\\\/logo\\\/image\\\/\"},\"sameAs\":[\"https:\\\/\\\/www.facebook.com\\\/MilesiVernici\",\"https:\\\/\\\/www.youtube.com\\\/channel\\\/UCgULN6yzPgE9usmMi3CP5hQ\",\"https:\\\/\\\/www.instagram.com\\\/milesiverniciperlegno\\\/\",\"https:\\\/\\\/vimeo.com\\\/user117001108\",\"https:\\\/\\\/www.linkedin.com\\\/company\\\/milesiwoodcoatings\\\/\"]},{\"@type\":\"Person\",\"@id\":\"https:\\\/\\\/www.milesi.com\\\/fr\\\/#\\\/schema\\\/person\\\/efe9c5f0d5dc8ecccf853a392e5aacdd\",\"name\":\"User\"}]}<\/script>\n<!-- \/ Yoast SEO plugin. -->","yoast_head_json":{"title":"INTERVISTA AL LIUTAIO SANTOCHIRICO, CHITARRE D\u2019ECCELLENZA VERNICIATE MILESI - Milesi","robots":{"index":"index","follow":"follow","max-snippet":"max-snippet:-1","max-image-preview":"max-image-preview:large","max-video-preview":"max-video-preview:-1"},"canonical":"https:\/\/www.milesi.com\/fr\/intervista-al-liutaio-santochirico-chitarre-deccellenza-verniciate-milesi\/","og_locale":"fr_FR","og_type":"article","og_title":"INTERVISTA AL LIUTAIO SANTOCHIRICO, CHITARRE D\u2019ECCELLENZA VERNICIATE MILESI - Milesi","og_description":"&nbsp; Un\u2019arte antica rivive oggi grazie alla dedizione di Vincenzo Santochirico, liutaio prima per passione e poi per mestiere, che costruisce e restaura strumenti musicali per professionisti e appassionati e ha scelto i prodotti Milesi per verniciare le sue creazioni. Realt\u00e0 che rappresenta in pieno l\u2019eccellenza del saper fare italiano, Vincenzo Santochirico ha collaborato con [&hellip;]","og_url":"https:\/\/www.milesi.com\/fr\/intervista-al-liutaio-santochirico-chitarre-deccellenza-verniciate-milesi\/","og_site_name":"Milesi","article_publisher":"https:\/\/www.facebook.com\/MilesiVernici","article_published_time":"2021-07-16T12:42:53+00:00","article_modified_time":"2025-04-23T14:11:02+00:00","og_image":[{"width":598,"height":598,"url":"https:\/\/www.milesi.com\/wp-content\/uploads\/2021\/07\/guitars.jpg","type":"image\/jpeg"}],"author":"User","twitter_card":"summary_large_image","twitter_misc":{"\u00c9crit par":"User","Dur\u00e9e de lecture estim\u00e9e":"3 minutes"},"schema":{"@context":"https:\/\/schema.org","@graph":[{"@type":"Article","@id":"https:\/\/www.milesi.com\/fr\/intervista-al-liutaio-santochirico-chitarre-deccellenza-verniciate-milesi\/#article","isPartOf":{"@id":"https:\/\/www.milesi.com\/fr\/intervista-al-liutaio-santochirico-chitarre-deccellenza-verniciate-milesi\/"},"author":{"name":"User","@id":"https:\/\/www.milesi.com\/fr\/#\/schema\/person\/efe9c5f0d5dc8ecccf853a392e5aacdd"},"headline":"INTERVISTA AL LIUTAIO SANTOCHIRICO, CHITARRE D\u2019ECCELLENZA VERNICIATE MILESI","datePublished":"2021-07-16T12:42:53+00:00","dateModified":"2025-04-23T14:11:02+00:00","mainEntityOfPage":{"@id":"https:\/\/www.milesi.com\/fr\/intervista-al-liutaio-santochirico-chitarre-deccellenza-verniciate-milesi\/"},"wordCount":556,"commentCount":0,"publisher":{"@id":"https:\/\/www.milesi.com\/fr\/#organization"},"image":{"@id":"https:\/\/www.milesi.com\/fr\/intervista-al-liutaio-santochirico-chitarre-deccellenza-verniciate-milesi\/#primaryimage"},"thumbnailUrl":"https:\/\/www.milesi.com\/wp-content\/uploads\/2021\/07\/guitars.jpg","keywords":["milesi vernici per legno","milesi vernis pour bois","santochirico guitars"],"articleSection":["Nouvelles"],"inLanguage":"fr-FR","potentialAction":[{"@type":"CommentAction","name":"Comment","target":["https:\/\/www.milesi.com\/fr\/intervista-al-liutaio-santochirico-chitarre-deccellenza-verniciate-milesi\/#respond"]}]},{"@type":"WebPage","@id":"https:\/\/www.milesi.com\/fr\/intervista-al-liutaio-santochirico-chitarre-deccellenza-verniciate-milesi\/","url":"https:\/\/www.milesi.com\/fr\/intervista-al-liutaio-santochirico-chitarre-deccellenza-verniciate-milesi\/","name":"INTERVISTA AL LIUTAIO SANTOCHIRICO, CHITARRE D\u2019ECCELLENZA VERNICIATE MILESI - Milesi","isPartOf":{"@id":"https:\/\/www.milesi.com\/fr\/#website"},"primaryImageOfPage":{"@id":"https:\/\/www.milesi.com\/fr\/intervista-al-liutaio-santochirico-chitarre-deccellenza-verniciate-milesi\/#primaryimage"},"image":{"@id":"https:\/\/www.milesi.com\/fr\/intervista-al-liutaio-santochirico-chitarre-deccellenza-verniciate-milesi\/#primaryimage"},"thumbnailUrl":"https:\/\/www.milesi.com\/wp-content\/uploads\/2021\/07\/guitars.jpg","datePublished":"2021-07-16T12:42:53+00:00","dateModified":"2025-04-23T14:11:02+00:00","breadcrumb":{"@id":"https:\/\/www.milesi.com\/fr\/intervista-al-liutaio-santochirico-chitarre-deccellenza-verniciate-milesi\/#breadcrumb"},"inLanguage":"fr-FR","potentialAction":[{"@type":"ReadAction","target":["https:\/\/www.milesi.com\/fr\/intervista-al-liutaio-santochirico-chitarre-deccellenza-verniciate-milesi\/"]}]},{"@type":"ImageObject","inLanguage":"fr-FR","@id":"https:\/\/www.milesi.com\/fr\/intervista-al-liutaio-santochirico-chitarre-deccellenza-verniciate-milesi\/#primaryimage","url":"https:\/\/www.milesi.com\/wp-content\/uploads\/2021\/07\/guitars.jpg","contentUrl":"https:\/\/www.milesi.com\/wp-content\/uploads\/2021\/07\/guitars.jpg","width":598,"height":598},{"@type":"BreadcrumbList","@id":"https:\/\/www.milesi.com\/fr\/intervista-al-liutaio-santochirico-chitarre-deccellenza-verniciate-milesi\/#breadcrumb","itemListElement":[{"@type":"ListItem","position":1,"name":"Milesi - Vernis pour bois","item":"https:\/\/www.milesi.com\/fr\/"},{"@type":"ListItem","position":2,"name":"INTERVISTA AL LIUTAIO SANTOCHIRICO, CHITARRE D\u2019ECCELLENZA VERNICIATE MILESI"}]},{"@type":"WebSite","@id":"https:\/\/www.milesi.com\/fr\/#website","url":"https:\/\/www.milesi.com\/fr\/","name":"Milesi Vernici per il legno","description":"Vernis pour bois","publisher":{"@id":"https:\/\/www.milesi.com\/fr\/#organization"},"alternateName":"Milesi","potentialAction":[{"@type":"SearchAction","target":{"@type":"EntryPoint","urlTemplate":"https:\/\/www.milesi.com\/fr\/?s={search_term_string}"},"query-input":{"@type":"PropertyValueSpecification","valueRequired":true,"valueName":"search_term_string"}}],"inLanguage":"fr-FR"},{"@type":"Organization","@id":"https:\/\/www.milesi.com\/fr\/#organization","name":"Milesi Vernici","alternateName":"Milesi","url":"https:\/\/www.milesi.com\/fr\/","logo":{"@type":"ImageObject","inLanguage":"fr-FR","@id":"https:\/\/www.milesi.com\/fr\/#\/schema\/logo\/image\/","url":"https:\/\/www.milesi.com\/wp-content\/uploads\/2022\/12\/milesi-web.png","contentUrl":"https:\/\/www.milesi.com\/wp-content\/uploads\/2022\/12\/milesi-web.png","width":100,"height":101,"caption":"Milesi Vernici"},"image":{"@id":"https:\/\/www.milesi.com\/fr\/#\/schema\/logo\/image\/"},"sameAs":["https:\/\/www.facebook.com\/MilesiVernici","https:\/\/www.youtube.com\/channel\/UCgULN6yzPgE9usmMi3CP5hQ","https:\/\/www.instagram.com\/milesiverniciperlegno\/","https:\/\/vimeo.com\/user117001108","https:\/\/www.linkedin.com\/company\/milesiwoodcoatings\/"]},{"@type":"Person","@id":"https:\/\/www.milesi.com\/fr\/#\/schema\/person\/efe9c5f0d5dc8ecccf853a392e5aacdd","name":"User"}]}},"_links":{"self":[{"href":"https:\/\/www.milesi.com\/fr\/wp-json\/wp\/v2\/posts\/16589","targetHints":{"allow":["GET"]}}],"collection":[{"href":"https:\/\/www.milesi.com\/fr\/wp-json\/wp\/v2\/posts"}],"about":[{"href":"https:\/\/www.milesi.com\/fr\/wp-json\/wp\/v2\/types\/post"}],"author":[{"embeddable":true,"href":"https:\/\/www.milesi.com\/fr\/wp-json\/wp\/v2\/users\/5"}],"replies":[{"embeddable":true,"href":"https:\/\/www.milesi.com\/fr\/wp-json\/wp\/v2\/comments?post=16589"}],"version-history":[{"count":1,"href":"https:\/\/www.milesi.com\/fr\/wp-json\/wp\/v2\/posts\/16589\/revisions"}],"predecessor-version":[{"id":27160,"href":"https:\/\/www.milesi.com\/fr\/wp-json\/wp\/v2\/posts\/16589\/revisions\/27160"}],"wp:featuredmedia":[{"embeddable":true,"href":"https:\/\/www.milesi.com\/fr\/wp-json\/wp\/v2\/media\/16580"}],"wp:attachment":[{"href":"https:\/\/www.milesi.com\/fr\/wp-json\/wp\/v2\/media?parent=16589"}],"wp:term":[{"taxonomy":"category","embeddable":true,"href":"https:\/\/www.milesi.com\/fr\/wp-json\/wp\/v2\/categories?post=16589"},{"taxonomy":"post_tag","embeddable":true,"href":"https:\/\/www.milesi.com\/fr\/wp-json\/wp\/v2\/tags?post=16589"}],"curies":[{"name":"wp","href":"https:\/\/api.w.org\/{rel}","templated":true}]}}