{"id":17514,"date":"2021-11-23T16:56:02","date_gmt":"2021-11-23T15:56:02","guid":{"rendered":"https:\/\/www.milesi.com\/?p=17514"},"modified":"2021-11-23T16:56:02","modified_gmt":"2021-11-23T15:56:02","slug":"milesi-partecipa-a-beopen-al-fianco-di-deslegno","status":"publish","type":"post","link":"https:\/\/www.milesi.com\/fr\/milesi-partecipa-a-beopen-al-fianco-di-deslegno\/","title":{"rendered":"MILESI PARTECIPA A BEOPEN AL FIANCO DI DESLEGNO"},"content":{"rendered":"<p style=\"text-align: center;\"><span style=\"font-size: 18pt; color: #000000;\"><strong>E DIALOGA CON IL MONDO DEL SERRAMENTO<\/strong><\/span><\/p>\n<p>&nbsp;<\/p>\n<p style=\"text-align: center;\"><img loading=\"lazy\" decoding=\"async\" class=\"alignnone wp-image-17528\" src=\"http:\/\/www.milesi.com\/wp-content\/uploads\/2021\/11\/milesi_des_legno2-Copia-e1637675717622.jpg\" alt=\"\" width=\"188\" height=\"187\" srcset=\"https:\/\/www.milesi.com\/wp-content\/uploads\/2021\/11\/milesi_des_legno2-Copia-e1637675717622.jpg 568w, https:\/\/www.milesi.com\/wp-content\/uploads\/2021\/11\/milesi_des_legno2-Copia-e1637675717622-300x300.jpg 300w, https:\/\/www.milesi.com\/wp-content\/uploads\/2021\/11\/milesi_des_legno2-Copia-e1637675717622-150x150.jpg 150w, https:\/\/www.milesi.com\/wp-content\/uploads\/2021\/11\/milesi_des_legno2-Copia-e1637675717622-24x24.jpg 24w, https:\/\/www.milesi.com\/wp-content\/uploads\/2021\/11\/milesi_des_legno2-Copia-e1637675717622-36x36.jpg 36w, https:\/\/www.milesi.com\/wp-content\/uploads\/2021\/11\/milesi_des_legno2-Copia-e1637675717622-256x256.jpg 256w, https:\/\/www.milesi.com\/wp-content\/uploads\/2021\/11\/milesi_des_legno2-Copia-e1637675717622-100x100.jpg 100w\" sizes=\"(max-width: 188px) 100vw, 188px\" \/> <img loading=\"lazy\" decoding=\"async\" class=\"alignnone wp-image-17522\" src=\"http:\/\/www.milesi.com\/wp-content\/uploads\/2021\/11\/BeOpen-e1637675971243.jpg\" alt=\"\" width=\"188\" height=\"188\" srcset=\"https:\/\/www.milesi.com\/wp-content\/uploads\/2021\/11\/BeOpen-e1637675971243.jpg 581w, https:\/\/www.milesi.com\/wp-content\/uploads\/2021\/11\/BeOpen-e1637675971243-300x300.jpg 300w, https:\/\/www.milesi.com\/wp-content\/uploads\/2021\/11\/BeOpen-e1637675971243-150x150.jpg 150w, https:\/\/www.milesi.com\/wp-content\/uploads\/2021\/11\/BeOpen-e1637675971243-24x24.jpg 24w, https:\/\/www.milesi.com\/wp-content\/uploads\/2021\/11\/BeOpen-e1637675971243-36x36.jpg 36w, https:\/\/www.milesi.com\/wp-content\/uploads\/2021\/11\/BeOpen-e1637675971243-256x256.jpg 256w, https:\/\/www.milesi.com\/wp-content\/uploads\/2021\/11\/BeOpen-e1637675971243-100x100.jpg 100w\" sizes=\"(max-width: 188px) 100vw, 188px\" \/><\/p>\n<p>&nbsp;<\/p>\n<p style=\"text-align: justify;\">Le soluzioni di verniciatura <strong>Milesi<\/strong> sono protagoniste di <strong>BeOpen<\/strong>, uno degli appuntamenti di riferimento in Italia per il mondo dei serramenti: l\u2019azienda ha partecipato alla tappa casertana dell\u2019evento insieme a <strong>Des Legno<\/strong>, realt\u00e0 con oltre 60 anni di esperienza specializzata nella produzione di infissi per esterni.<br \/>\nMilesi ha cos\u00ec condiviso il proprio know how con il pubblico di serramentisti, imprese edili, progettisti, fornitori della filiera e operatori del settore, non solo attraverso materiale informativo ma anche con la presenza di un tecnico specializzato a disposizione per approfondire i dettagli dei cicli di verniciatura.<br \/>\nUn\u2019occasione di incontro, scambio e networking che ha permesso a Milesi di rafforzare il dialogo con i professionisti del comparto serramenti e di consolidare la partnership con Des Legno, con cui sono stati realizzati diversi progetti di prestigio<\/p>\n<p>&nbsp;<\/p>\n<p><span style=\"font-size: 10pt;\">Novembre 2021<\/span><\/p>\n<p>&nbsp;<\/p>\n","protected":false},"excerpt":{"rendered":"<p>E DIALOGA CON IL MONDO DEL SERRAMENTO &nbsp; &nbsp; Le soluzioni di verniciatura Milesi sono protagoniste di BeOpen, uno degli appuntamenti di riferimento in Italia per il mondo dei serramenti: l\u2019azienda ha partecipato alla tappa casertana dell\u2019evento insieme a Des Legno, realt\u00e0 con oltre 60 anni di esperienza specializzata nella produzione di infissi per esterni. [&hellip;]<\/p>\n","protected":false},"author":5,"featured_media":17549,"comment_status":"open","ping_status":"closed","sticky":false,"template":"","format":"standard","meta":{"_et_pb_use_builder":"","_et_pb_old_content":"","_et_gb_content_width":"","footnotes":""},"categories":[79],"tags":[],"class_list":["post-17514","post","type-post","status-publish","format-standard","has-post-thumbnail","hentry","category-notizie"],"yoast_head":"<!-- This site is optimized with the Yoast SEO plugin v27.3 - https:\/\/yoast.com\/product\/yoast-seo-wordpress\/ -->\n<title>MILESI PARTECIPA A BEOPEN AL FIANCO DI DESLEGNO - Milesi<\/title>\n<meta name=\"robots\" content=\"index, follow, max-snippet:-1, max-image-preview:large, max-video-preview:-1\" \/>\n<link rel=\"canonical\" href=\"https:\/\/www.milesi.com\/fr\/milesi-partecipa-a-beopen-al-fianco-di-deslegno\/\" \/>\n<meta property=\"og:locale\" content=\"fr_FR\" \/>\n<meta property=\"og:type\" content=\"article\" \/>\n<meta property=\"og:title\" content=\"MILESI PARTECIPA A BEOPEN AL FIANCO DI DESLEGNO - Milesi\" \/>\n<meta property=\"og:description\" content=\"E DIALOGA CON IL MONDO DEL SERRAMENTO &nbsp; &nbsp; Le soluzioni di verniciatura Milesi sono protagoniste di BeOpen, uno degli appuntamenti di riferimento in Italia per il mondo dei serramenti: l\u2019azienda ha partecipato alla tappa casertana dell\u2019evento insieme a Des Legno, realt\u00e0 con oltre 60 anni di esperienza specializzata nella produzione di infissi per esterni. [&hellip;]\" \/>\n<meta property=\"og:url\" content=\"https:\/\/www.milesi.com\/fr\/milesi-partecipa-a-beopen-al-fianco-di-deslegno\/\" \/>\n<meta property=\"og:site_name\" content=\"Milesi\" \/>\n<meta property=\"article:publisher\" content=\"https:\/\/www.facebook.com\/MilesiVernici\" \/>\n<meta property=\"article:published_time\" content=\"2021-11-23T15:56:02+00:00\" \/>\n<meta property=\"og:image\" content=\"https:\/\/www.milesi.com\/wp-content\/uploads\/2021\/11\/legno-legno.jpg\" \/>\n\t<meta property=\"og:image:width\" content=\"598\" \/>\n\t<meta property=\"og:image:height\" content=\"598\" \/>\n\t<meta property=\"og:image:type\" content=\"image\/jpeg\" \/>\n<meta name=\"author\" content=\"User\" \/>\n<meta name=\"twitter:card\" content=\"summary_large_image\" \/>\n<meta name=\"twitter:label1\" content=\"\u00c9crit par\" \/>\n\t<meta name=\"twitter:data1\" content=\"User\" \/>\n\t<meta name=\"twitter:label2\" content=\"Dur\u00e9e de lecture estim\u00e9e\" \/>\n\t<meta name=\"twitter:data2\" content=\"2 minutes\" \/>\n<script type=\"application\/ld+json\" class=\"yoast-schema-graph\">{\"@context\":\"https:\\\/\\\/schema.org\",\"@graph\":[{\"@type\":\"Article\",\"@id\":\"https:\\\/\\\/www.milesi.com\\\/fr\\\/milesi-partecipa-a-beopen-al-fianco-di-deslegno\\\/#article\",\"isPartOf\":{\"@id\":\"https:\\\/\\\/www.milesi.com\\\/fr\\\/milesi-partecipa-a-beopen-al-fianco-di-deslegno\\\/\"},\"author\":{\"name\":\"User\",\"@id\":\"https:\\\/\\\/www.milesi.com\\\/fr\\\/#\\\/schema\\\/person\\\/efe9c5f0d5dc8ecccf853a392e5aacdd\"},\"headline\":\"MILESI PARTECIPA A BEOPEN AL FIANCO DI DESLEGNO\",\"datePublished\":\"2021-11-23T15:56:02+00:00\",\"mainEntityOfPage\":{\"@id\":\"https:\\\/\\\/www.milesi.com\\\/fr\\\/milesi-partecipa-a-beopen-al-fianco-di-deslegno\\\/\"},\"wordCount\":153,\"commentCount\":0,\"publisher\":{\"@id\":\"https:\\\/\\\/www.milesi.com\\\/fr\\\/#organization\"},\"image\":{\"@id\":\"https:\\\/\\\/www.milesi.com\\\/fr\\\/milesi-partecipa-a-beopen-al-fianco-di-deslegno\\\/#primaryimage\"},\"thumbnailUrl\":\"https:\\\/\\\/www.milesi.com\\\/wp-content\\\/uploads\\\/2021\\\/11\\\/legno-legno.jpg\",\"articleSection\":[\"News\"],\"inLanguage\":\"fr-FR\",\"potentialAction\":[{\"@type\":\"CommentAction\",\"name\":\"Comment\",\"target\":[\"https:\\\/\\\/www.milesi.com\\\/fr\\\/milesi-partecipa-a-beopen-al-fianco-di-deslegno\\\/#respond\"]}]},{\"@type\":\"WebPage\",\"@id\":\"https:\\\/\\\/www.milesi.com\\\/fr\\\/milesi-partecipa-a-beopen-al-fianco-di-deslegno\\\/\",\"url\":\"https:\\\/\\\/www.milesi.com\\\/fr\\\/milesi-partecipa-a-beopen-al-fianco-di-deslegno\\\/\",\"name\":\"MILESI PARTECIPA A BEOPEN AL FIANCO DI DESLEGNO - Milesi\",\"isPartOf\":{\"@id\":\"https:\\\/\\\/www.milesi.com\\\/fr\\\/#website\"},\"primaryImageOfPage\":{\"@id\":\"https:\\\/\\\/www.milesi.com\\\/fr\\\/milesi-partecipa-a-beopen-al-fianco-di-deslegno\\\/#primaryimage\"},\"image\":{\"@id\":\"https:\\\/\\\/www.milesi.com\\\/fr\\\/milesi-partecipa-a-beopen-al-fianco-di-deslegno\\\/#primaryimage\"},\"thumbnailUrl\":\"https:\\\/\\\/www.milesi.com\\\/wp-content\\\/uploads\\\/2021\\\/11\\\/legno-legno.jpg\",\"datePublished\":\"2021-11-23T15:56:02+00:00\",\"breadcrumb\":{\"@id\":\"https:\\\/\\\/www.milesi.com\\\/fr\\\/milesi-partecipa-a-beopen-al-fianco-di-deslegno\\\/#breadcrumb\"},\"inLanguage\":\"fr-FR\",\"potentialAction\":[{\"@type\":\"ReadAction\",\"target\":[\"https:\\\/\\\/www.milesi.com\\\/fr\\\/milesi-partecipa-a-beopen-al-fianco-di-deslegno\\\/\"]}]},{\"@type\":\"ImageObject\",\"inLanguage\":\"fr-FR\",\"@id\":\"https:\\\/\\\/www.milesi.com\\\/fr\\\/milesi-partecipa-a-beopen-al-fianco-di-deslegno\\\/#primaryimage\",\"url\":\"https:\\\/\\\/www.milesi.com\\\/wp-content\\\/uploads\\\/2021\\\/11\\\/legno-legno.jpg\",\"contentUrl\":\"https:\\\/\\\/www.milesi.com\\\/wp-content\\\/uploads\\\/2021\\\/11\\\/legno-legno.jpg\",\"width\":598,\"height\":598},{\"@type\":\"BreadcrumbList\",\"@id\":\"https:\\\/\\\/www.milesi.com\\\/fr\\\/milesi-partecipa-a-beopen-al-fianco-di-deslegno\\\/#breadcrumb\",\"itemListElement\":[{\"@type\":\"ListItem\",\"position\":1,\"name\":\"Milesi - Vernis pour bois\",\"item\":\"https:\\\/\\\/www.milesi.com\\\/fr\\\/\"},{\"@type\":\"ListItem\",\"position\":2,\"name\":\"MILESI PARTECIPA A BEOPEN AL FIANCO DI DESLEGNO\"}]},{\"@type\":\"WebSite\",\"@id\":\"https:\\\/\\\/www.milesi.com\\\/fr\\\/#website\",\"url\":\"https:\\\/\\\/www.milesi.com\\\/fr\\\/\",\"name\":\"Milesi Vernici per il legno\",\"description\":\"Vernis pour bois\",\"publisher\":{\"@id\":\"https:\\\/\\\/www.milesi.com\\\/fr\\\/#organization\"},\"alternateName\":\"Milesi\",\"potentialAction\":[{\"@type\":\"SearchAction\",\"target\":{\"@type\":\"EntryPoint\",\"urlTemplate\":\"https:\\\/\\\/www.milesi.com\\\/fr\\\/?s={search_term_string}\"},\"query-input\":{\"@type\":\"PropertyValueSpecification\",\"valueRequired\":true,\"valueName\":\"search_term_string\"}}],\"inLanguage\":\"fr-FR\"},{\"@type\":\"Organization\",\"@id\":\"https:\\\/\\\/www.milesi.com\\\/fr\\\/#organization\",\"name\":\"Milesi Vernici\",\"alternateName\":\"Milesi\",\"url\":\"https:\\\/\\\/www.milesi.com\\\/fr\\\/\",\"logo\":{\"@type\":\"ImageObject\",\"inLanguage\":\"fr-FR\",\"@id\":\"https:\\\/\\\/www.milesi.com\\\/fr\\\/#\\\/schema\\\/logo\\\/image\\\/\",\"url\":\"https:\\\/\\\/www.milesi.com\\\/wp-content\\\/uploads\\\/2022\\\/12\\\/milesi-web.png\",\"contentUrl\":\"https:\\\/\\\/www.milesi.com\\\/wp-content\\\/uploads\\\/2022\\\/12\\\/milesi-web.png\",\"width\":100,\"height\":101,\"caption\":\"Milesi Vernici\"},\"image\":{\"@id\":\"https:\\\/\\\/www.milesi.com\\\/fr\\\/#\\\/schema\\\/logo\\\/image\\\/\"},\"sameAs\":[\"https:\\\/\\\/www.facebook.com\\\/MilesiVernici\",\"https:\\\/\\\/www.youtube.com\\\/channel\\\/UCgULN6yzPgE9usmMi3CP5hQ\",\"https:\\\/\\\/www.instagram.com\\\/milesiverniciperlegno\\\/\",\"https:\\\/\\\/vimeo.com\\\/user117001108\",\"https:\\\/\\\/www.linkedin.com\\\/company\\\/milesiwoodcoatings\\\/\"]},{\"@type\":\"Person\",\"@id\":\"https:\\\/\\\/www.milesi.com\\\/fr\\\/#\\\/schema\\\/person\\\/efe9c5f0d5dc8ecccf853a392e5aacdd\",\"name\":\"User\"}]}<\/script>\n<!-- \/ Yoast SEO plugin. -->","yoast_head_json":{"title":"MILESI PARTECIPA A BEOPEN AL FIANCO DI DESLEGNO - Milesi","robots":{"index":"index","follow":"follow","max-snippet":"max-snippet:-1","max-image-preview":"max-image-preview:large","max-video-preview":"max-video-preview:-1"},"canonical":"https:\/\/www.milesi.com\/fr\/milesi-partecipa-a-beopen-al-fianco-di-deslegno\/","og_locale":"fr_FR","og_type":"article","og_title":"MILESI PARTECIPA A BEOPEN AL FIANCO DI DESLEGNO - Milesi","og_description":"E DIALOGA CON IL MONDO DEL SERRAMENTO &nbsp; &nbsp; Le soluzioni di verniciatura Milesi sono protagoniste di BeOpen, uno degli appuntamenti di riferimento in Italia per il mondo dei serramenti: l\u2019azienda ha partecipato alla tappa casertana dell\u2019evento insieme a Des Legno, realt\u00e0 con oltre 60 anni di esperienza specializzata nella produzione di infissi per esterni. [&hellip;]","og_url":"https:\/\/www.milesi.com\/fr\/milesi-partecipa-a-beopen-al-fianco-di-deslegno\/","og_site_name":"Milesi","article_publisher":"https:\/\/www.facebook.com\/MilesiVernici","article_published_time":"2021-11-23T15:56:02+00:00","og_image":[{"width":598,"height":598,"url":"https:\/\/www.milesi.com\/wp-content\/uploads\/2021\/11\/legno-legno.jpg","type":"image\/jpeg"}],"author":"User","twitter_card":"summary_large_image","twitter_misc":{"\u00c9crit par":"User","Dur\u00e9e de lecture estim\u00e9e":"2 minutes"},"schema":{"@context":"https:\/\/schema.org","@graph":[{"@type":"Article","@id":"https:\/\/www.milesi.com\/fr\/milesi-partecipa-a-beopen-al-fianco-di-deslegno\/#article","isPartOf":{"@id":"https:\/\/www.milesi.com\/fr\/milesi-partecipa-a-beopen-al-fianco-di-deslegno\/"},"author":{"name":"User","@id":"https:\/\/www.milesi.com\/fr\/#\/schema\/person\/efe9c5f0d5dc8ecccf853a392e5aacdd"},"headline":"MILESI PARTECIPA A BEOPEN AL FIANCO DI DESLEGNO","datePublished":"2021-11-23T15:56:02+00:00","mainEntityOfPage":{"@id":"https:\/\/www.milesi.com\/fr\/milesi-partecipa-a-beopen-al-fianco-di-deslegno\/"},"wordCount":153,"commentCount":0,"publisher":{"@id":"https:\/\/www.milesi.com\/fr\/#organization"},"image":{"@id":"https:\/\/www.milesi.com\/fr\/milesi-partecipa-a-beopen-al-fianco-di-deslegno\/#primaryimage"},"thumbnailUrl":"https:\/\/www.milesi.com\/wp-content\/uploads\/2021\/11\/legno-legno.jpg","articleSection":["News"],"inLanguage":"fr-FR","potentialAction":[{"@type":"CommentAction","name":"Comment","target":["https:\/\/www.milesi.com\/fr\/milesi-partecipa-a-beopen-al-fianco-di-deslegno\/#respond"]}]},{"@type":"WebPage","@id":"https:\/\/www.milesi.com\/fr\/milesi-partecipa-a-beopen-al-fianco-di-deslegno\/","url":"https:\/\/www.milesi.com\/fr\/milesi-partecipa-a-beopen-al-fianco-di-deslegno\/","name":"MILESI PARTECIPA A BEOPEN AL FIANCO DI DESLEGNO - Milesi","isPartOf":{"@id":"https:\/\/www.milesi.com\/fr\/#website"},"primaryImageOfPage":{"@id":"https:\/\/www.milesi.com\/fr\/milesi-partecipa-a-beopen-al-fianco-di-deslegno\/#primaryimage"},"image":{"@id":"https:\/\/www.milesi.com\/fr\/milesi-partecipa-a-beopen-al-fianco-di-deslegno\/#primaryimage"},"thumbnailUrl":"https:\/\/www.milesi.com\/wp-content\/uploads\/2021\/11\/legno-legno.jpg","datePublished":"2021-11-23T15:56:02+00:00","breadcrumb":{"@id":"https:\/\/www.milesi.com\/fr\/milesi-partecipa-a-beopen-al-fianco-di-deslegno\/#breadcrumb"},"inLanguage":"fr-FR","potentialAction":[{"@type":"ReadAction","target":["https:\/\/www.milesi.com\/fr\/milesi-partecipa-a-beopen-al-fianco-di-deslegno\/"]}]},{"@type":"ImageObject","inLanguage":"fr-FR","@id":"https:\/\/www.milesi.com\/fr\/milesi-partecipa-a-beopen-al-fianco-di-deslegno\/#primaryimage","url":"https:\/\/www.milesi.com\/wp-content\/uploads\/2021\/11\/legno-legno.jpg","contentUrl":"https:\/\/www.milesi.com\/wp-content\/uploads\/2021\/11\/legno-legno.jpg","width":598,"height":598},{"@type":"BreadcrumbList","@id":"https:\/\/www.milesi.com\/fr\/milesi-partecipa-a-beopen-al-fianco-di-deslegno\/#breadcrumb","itemListElement":[{"@type":"ListItem","position":1,"name":"Milesi - Vernis pour bois","item":"https:\/\/www.milesi.com\/fr\/"},{"@type":"ListItem","position":2,"name":"MILESI PARTECIPA A BEOPEN AL FIANCO DI DESLEGNO"}]},{"@type":"WebSite","@id":"https:\/\/www.milesi.com\/fr\/#website","url":"https:\/\/www.milesi.com\/fr\/","name":"Milesi Vernici per il legno","description":"Vernis pour bois","publisher":{"@id":"https:\/\/www.milesi.com\/fr\/#organization"},"alternateName":"Milesi","potentialAction":[{"@type":"SearchAction","target":{"@type":"EntryPoint","urlTemplate":"https:\/\/www.milesi.com\/fr\/?s={search_term_string}"},"query-input":{"@type":"PropertyValueSpecification","valueRequired":true,"valueName":"search_term_string"}}],"inLanguage":"fr-FR"},{"@type":"Organization","@id":"https:\/\/www.milesi.com\/fr\/#organization","name":"Milesi Vernici","alternateName":"Milesi","url":"https:\/\/www.milesi.com\/fr\/","logo":{"@type":"ImageObject","inLanguage":"fr-FR","@id":"https:\/\/www.milesi.com\/fr\/#\/schema\/logo\/image\/","url":"https:\/\/www.milesi.com\/wp-content\/uploads\/2022\/12\/milesi-web.png","contentUrl":"https:\/\/www.milesi.com\/wp-content\/uploads\/2022\/12\/milesi-web.png","width":100,"height":101,"caption":"Milesi Vernici"},"image":{"@id":"https:\/\/www.milesi.com\/fr\/#\/schema\/logo\/image\/"},"sameAs":["https:\/\/www.facebook.com\/MilesiVernici","https:\/\/www.youtube.com\/channel\/UCgULN6yzPgE9usmMi3CP5hQ","https:\/\/www.instagram.com\/milesiverniciperlegno\/","https:\/\/vimeo.com\/user117001108","https:\/\/www.linkedin.com\/company\/milesiwoodcoatings\/"]},{"@type":"Person","@id":"https:\/\/www.milesi.com\/fr\/#\/schema\/person\/efe9c5f0d5dc8ecccf853a392e5aacdd","name":"User"}]}},"_links":{"self":[{"href":"https:\/\/www.milesi.com\/fr\/wp-json\/wp\/v2\/posts\/17514","targetHints":{"allow":["GET"]}}],"collection":[{"href":"https:\/\/www.milesi.com\/fr\/wp-json\/wp\/v2\/posts"}],"about":[{"href":"https:\/\/www.milesi.com\/fr\/wp-json\/wp\/v2\/types\/post"}],"author":[{"embeddable":true,"href":"https:\/\/www.milesi.com\/fr\/wp-json\/wp\/v2\/users\/5"}],"replies":[{"embeddable":true,"href":"https:\/\/www.milesi.com\/fr\/wp-json\/wp\/v2\/comments?post=17514"}],"version-history":[{"count":0,"href":"https:\/\/www.milesi.com\/fr\/wp-json\/wp\/v2\/posts\/17514\/revisions"}],"wp:featuredmedia":[{"embeddable":true,"href":"https:\/\/www.milesi.com\/fr\/wp-json\/wp\/v2\/media\/17549"}],"wp:attachment":[{"href":"https:\/\/www.milesi.com\/fr\/wp-json\/wp\/v2\/media?parent=17514"}],"wp:term":[{"taxonomy":"category","embeddable":true,"href":"https:\/\/www.milesi.com\/fr\/wp-json\/wp\/v2\/categories?post=17514"},{"taxonomy":"post_tag","embeddable":true,"href":"https:\/\/www.milesi.com\/fr\/wp-json\/wp\/v2\/tags?post=17514"}],"curies":[{"name":"wp","href":"https:\/\/api.w.org\/{rel}","templated":true}]}}