{"id":17866,"date":"2021-12-21T16:20:30","date_gmt":"2021-12-21T15:20:30","guid":{"rendered":"https:\/\/www.milesi.com\/?p=17866"},"modified":"2021-12-21T16:20:30","modified_gmt":"2021-12-21T15:20:30","slug":"milesi-intervista-lo-chef-oldani-2","status":"publish","type":"post","link":"https:\/\/www.milesi.com\/fr\/milesi-intervista-lo-chef-oldani-2\/","title":{"rendered":"MILESI INTERVISTA LO CHEF OLDANI"},"content":{"rendered":"<p style=\"text-align: center;\"><span style=\"font-size: 12pt; color: #000000;\"><strong>\u00ab\u00a0UN\u2019ACCOGLIENZA 4.0 POSSIBILE GRAZIE AL DIALOGO CON IL MONDO DEL DESIGN E CON LE AZIENDE COME MILESI\u201d<\/strong><\/span><\/p>\n<p>&nbsp;<\/p>\n<p><img loading=\"lazy\" decoding=\"async\" class=\" wp-image-17891 aligncenter\" src=\"http:\/\/www.milesi.com\/wp-content\/uploads\/2021\/12\/Olda-e-Veress.jpg\" alt=\"\" width=\"604\" height=\"364\" srcset=\"https:\/\/www.milesi.com\/wp-content\/uploads\/2021\/12\/Olda-e-Veress.jpg 896w, https:\/\/www.milesi.com\/wp-content\/uploads\/2021\/12\/Olda-e-Veress-300x181.jpg 300w, https:\/\/www.milesi.com\/wp-content\/uploads\/2021\/12\/Olda-e-Veress-768x463.jpg 768w, https:\/\/www.milesi.com\/wp-content\/uploads\/2021\/12\/Olda-e-Veress-24x14.jpg 24w, https:\/\/www.milesi.com\/wp-content\/uploads\/2021\/12\/Olda-e-Veress-36x22.jpg 36w, https:\/\/www.milesi.com\/wp-content\/uploads\/2021\/12\/Olda-e-Veress-256x154.jpg 256w, https:\/\/www.milesi.com\/wp-content\/uploads\/2021\/12\/Olda-e-Veress-600x362.jpg 600w\" sizes=\"(max-width: 604px) 100vw, 604px\" \/><\/p>\n<p>&nbsp;<\/p>\n<p style=\"text-align: justify;\">Un\u2019intuizione, un\u2019idea creativa che si trasforma in oggetto grazie all\u2019intervento del designer, che ne plasma le forme, e al dialogo continuo con il mondo delle aziende, pronte a mettere a disposizione il loro know how.<\/p>\n<p style=\"text-align: justify;\">Lo <strong>chef Davide Oldani<\/strong> racconta come sono nati gli accessori per la tavola della collezione <strong>WOO\u2019\ua4f7<\/strong> e spiega l\u2019importanza della collaborazione con Milesi, con cui condivide valori ed obiettivi.<br \/>\nLo abbiamo intervistato insieme al <strong>designer Attila Veress<\/strong> a margine della presentazione della sua nuova collezione WOO\u2019\ua4f7, realizzata in collaborazione con Milesi e Polo Formativo LegnoArredo.<\/p>\n<p>&nbsp;<\/p>\n<p style=\"text-align: center;\">Guarda l&rsquo;intervista:<\/p>\n<p><a href=\"https:\/\/youtu.be\/7m2S1p39J_M\" target=\"_blank\" rel=\"noopener\"><img loading=\"lazy\" decoding=\"async\" class=\"alignnone size-full wp-image-12544 aligncenter\" src=\"http:\/\/www.milesi.com\/wp-content\/uploads\/2021\/02\/YT.png\" alt=\"\" width=\"48\" height=\"48\" srcset=\"https:\/\/www.milesi.com\/wp-content\/uploads\/2021\/02\/YT.png 48w, https:\/\/www.milesi.com\/wp-content\/uploads\/2021\/02\/YT-24x24.png 24w, https:\/\/www.milesi.com\/wp-content\/uploads\/2021\/02\/YT-36x36.png 36w\" sizes=\"(max-width: 48px) 100vw, 48px\" \/><\/a><\/p>\n<p>&nbsp;<\/p>\n<p>&nbsp;<\/p>\n<p>&nbsp;<\/p>\n<p>&nbsp;<\/p>\n<p><span style=\"font-size: 10pt;\">Dicembre 2021<\/span><\/p>\n","protected":false},"excerpt":{"rendered":"<p>\u00ab\u00a0UN\u2019ACCOGLIENZA 4.0 POSSIBILE GRAZIE AL DIALOGO CON IL MONDO DEL DESIGN E CON LE AZIENDE COME MILESI\u201d &nbsp; &nbsp; Un\u2019intuizione, un\u2019idea creativa che si trasforma in oggetto grazie all\u2019intervento del designer, che ne plasma le forme, e al dialogo continuo con il mondo delle aziende, pronte a mettere a disposizione il loro know how. Lo [&hellip;]<\/p>\n","protected":false},"author":5,"featured_media":17909,"comment_status":"open","ping_status":"closed","sticky":false,"template":"","format":"standard","meta":{"_et_pb_use_builder":"","_et_pb_old_content":"","_et_gb_content_width":"","footnotes":""},"categories":[79],"tags":[],"class_list":["post-17866","post","type-post","status-publish","format-standard","has-post-thumbnail","hentry","category-notizie"],"yoast_head":"<!-- This site is optimized with the Yoast SEO plugin v27.3 - https:\/\/yoast.com\/product\/yoast-seo-wordpress\/ -->\n<title>MILESI INTERVISTA LO CHEF OLDANI - Milesi<\/title>\n<meta name=\"robots\" content=\"index, follow, max-snippet:-1, max-image-preview:large, max-video-preview:-1\" \/>\n<link rel=\"canonical\" href=\"https:\/\/www.milesi.com\/fr\/milesi-intervista-lo-chef-oldani-2\/\" \/>\n<meta property=\"og:locale\" content=\"fr_FR\" \/>\n<meta property=\"og:type\" content=\"article\" \/>\n<meta property=\"og:title\" content=\"MILESI INTERVISTA LO CHEF OLDANI - Milesi\" \/>\n<meta property=\"og:description\" content=\"\u00ab\u00a0UN\u2019ACCOGLIENZA 4.0 POSSIBILE GRAZIE AL DIALOGO CON IL MONDO DEL DESIGN E CON LE AZIENDE COME MILESI\u201d &nbsp; &nbsp; Un\u2019intuizione, un\u2019idea creativa che si trasforma in oggetto grazie all\u2019intervento del designer, che ne plasma le forme, e al dialogo continuo con il mondo delle aziende, pronte a mettere a disposizione il loro know how. Lo [&hellip;]\" \/>\n<meta property=\"og:url\" content=\"https:\/\/www.milesi.com\/fr\/milesi-intervista-lo-chef-oldani-2\/\" \/>\n<meta property=\"og:site_name\" content=\"Milesi\" \/>\n<meta property=\"article:publisher\" content=\"https:\/\/www.facebook.com\/MilesiVernici\" \/>\n<meta property=\"article:published_time\" content=\"2021-12-21T15:20:30+00:00\" \/>\n<meta property=\"og:image\" content=\"https:\/\/www.milesi.com\/wp-content\/uploads\/2021\/12\/Oldani-quad-scaled.jpg\" \/>\n\t<meta property=\"og:image:width\" content=\"1500\" \/>\n\t<meta property=\"og:image:height\" content=\"1500\" \/>\n\t<meta property=\"og:image:type\" content=\"image\/jpeg\" \/>\n<meta name=\"author\" content=\"User\" \/>\n<meta name=\"twitter:card\" content=\"summary_large_image\" \/>\n<meta name=\"twitter:label1\" content=\"\u00c9crit par\" \/>\n\t<meta name=\"twitter:data1\" content=\"User\" \/>\n\t<meta name=\"twitter:label2\" content=\"Dur\u00e9e de lecture estim\u00e9e\" \/>\n\t<meta name=\"twitter:data2\" content=\"1 minute\" \/>\n<script type=\"application\/ld+json\" class=\"yoast-schema-graph\">{\"@context\":\"https:\\\/\\\/schema.org\",\"@graph\":[{\"@type\":\"Article\",\"@id\":\"https:\\\/\\\/www.milesi.com\\\/fr\\\/milesi-intervista-lo-chef-oldani-2\\\/#article\",\"isPartOf\":{\"@id\":\"https:\\\/\\\/www.milesi.com\\\/fr\\\/milesi-intervista-lo-chef-oldani-2\\\/\"},\"author\":{\"name\":\"User\",\"@id\":\"https:\\\/\\\/www.milesi.com\\\/fr\\\/#\\\/schema\\\/person\\\/efe9c5f0d5dc8ecccf853a392e5aacdd\"},\"headline\":\"MILESI INTERVISTA LO CHEF OLDANI\",\"datePublished\":\"2021-12-21T15:20:30+00:00\",\"mainEntityOfPage\":{\"@id\":\"https:\\\/\\\/www.milesi.com\\\/fr\\\/milesi-intervista-lo-chef-oldani-2\\\/\"},\"wordCount\":127,\"commentCount\":0,\"publisher\":{\"@id\":\"https:\\\/\\\/www.milesi.com\\\/fr\\\/#organization\"},\"image\":{\"@id\":\"https:\\\/\\\/www.milesi.com\\\/fr\\\/milesi-intervista-lo-chef-oldani-2\\\/#primaryimage\"},\"thumbnailUrl\":\"https:\\\/\\\/www.milesi.com\\\/wp-content\\\/uploads\\\/2021\\\/12\\\/Oldani-quad-scaled.jpg\",\"articleSection\":[\"News\"],\"inLanguage\":\"fr-FR\",\"potentialAction\":[{\"@type\":\"CommentAction\",\"name\":\"Comment\",\"target\":[\"https:\\\/\\\/www.milesi.com\\\/fr\\\/milesi-intervista-lo-chef-oldani-2\\\/#respond\"]}]},{\"@type\":\"WebPage\",\"@id\":\"https:\\\/\\\/www.milesi.com\\\/fr\\\/milesi-intervista-lo-chef-oldani-2\\\/\",\"url\":\"https:\\\/\\\/www.milesi.com\\\/fr\\\/milesi-intervista-lo-chef-oldani-2\\\/\",\"name\":\"MILESI INTERVISTA LO CHEF OLDANI - Milesi\",\"isPartOf\":{\"@id\":\"https:\\\/\\\/www.milesi.com\\\/fr\\\/#website\"},\"primaryImageOfPage\":{\"@id\":\"https:\\\/\\\/www.milesi.com\\\/fr\\\/milesi-intervista-lo-chef-oldani-2\\\/#primaryimage\"},\"image\":{\"@id\":\"https:\\\/\\\/www.milesi.com\\\/fr\\\/milesi-intervista-lo-chef-oldani-2\\\/#primaryimage\"},\"thumbnailUrl\":\"https:\\\/\\\/www.milesi.com\\\/wp-content\\\/uploads\\\/2021\\\/12\\\/Oldani-quad-scaled.jpg\",\"datePublished\":\"2021-12-21T15:20:30+00:00\",\"breadcrumb\":{\"@id\":\"https:\\\/\\\/www.milesi.com\\\/fr\\\/milesi-intervista-lo-chef-oldani-2\\\/#breadcrumb\"},\"inLanguage\":\"fr-FR\",\"potentialAction\":[{\"@type\":\"ReadAction\",\"target\":[\"https:\\\/\\\/www.milesi.com\\\/fr\\\/milesi-intervista-lo-chef-oldani-2\\\/\"]}]},{\"@type\":\"ImageObject\",\"inLanguage\":\"fr-FR\",\"@id\":\"https:\\\/\\\/www.milesi.com\\\/fr\\\/milesi-intervista-lo-chef-oldani-2\\\/#primaryimage\",\"url\":\"https:\\\/\\\/www.milesi.com\\\/wp-content\\\/uploads\\\/2021\\\/12\\\/Oldani-quad-scaled.jpg\",\"contentUrl\":\"https:\\\/\\\/www.milesi.com\\\/wp-content\\\/uploads\\\/2021\\\/12\\\/Oldani-quad-scaled.jpg\",\"width\":1500,\"height\":1500},{\"@type\":\"BreadcrumbList\",\"@id\":\"https:\\\/\\\/www.milesi.com\\\/fr\\\/milesi-intervista-lo-chef-oldani-2\\\/#breadcrumb\",\"itemListElement\":[{\"@type\":\"ListItem\",\"position\":1,\"name\":\"Milesi - Vernis pour bois\",\"item\":\"https:\\\/\\\/www.milesi.com\\\/fr\\\/\"},{\"@type\":\"ListItem\",\"position\":2,\"name\":\"MILESI INTERVISTA LO CHEF OLDANI\"}]},{\"@type\":\"WebSite\",\"@id\":\"https:\\\/\\\/www.milesi.com\\\/fr\\\/#website\",\"url\":\"https:\\\/\\\/www.milesi.com\\\/fr\\\/\",\"name\":\"Milesi Vernici per il legno\",\"description\":\"Vernis pour bois\",\"publisher\":{\"@id\":\"https:\\\/\\\/www.milesi.com\\\/fr\\\/#organization\"},\"alternateName\":\"Milesi\",\"potentialAction\":[{\"@type\":\"SearchAction\",\"target\":{\"@type\":\"EntryPoint\",\"urlTemplate\":\"https:\\\/\\\/www.milesi.com\\\/fr\\\/?s={search_term_string}\"},\"query-input\":{\"@type\":\"PropertyValueSpecification\",\"valueRequired\":true,\"valueName\":\"search_term_string\"}}],\"inLanguage\":\"fr-FR\"},{\"@type\":\"Organization\",\"@id\":\"https:\\\/\\\/www.milesi.com\\\/fr\\\/#organization\",\"name\":\"Milesi Vernici\",\"alternateName\":\"Milesi\",\"url\":\"https:\\\/\\\/www.milesi.com\\\/fr\\\/\",\"logo\":{\"@type\":\"ImageObject\",\"inLanguage\":\"fr-FR\",\"@id\":\"https:\\\/\\\/www.milesi.com\\\/fr\\\/#\\\/schema\\\/logo\\\/image\\\/\",\"url\":\"https:\\\/\\\/www.milesi.com\\\/wp-content\\\/uploads\\\/2022\\\/12\\\/milesi-web.png\",\"contentUrl\":\"https:\\\/\\\/www.milesi.com\\\/wp-content\\\/uploads\\\/2022\\\/12\\\/milesi-web.png\",\"width\":100,\"height\":101,\"caption\":\"Milesi Vernici\"},\"image\":{\"@id\":\"https:\\\/\\\/www.milesi.com\\\/fr\\\/#\\\/schema\\\/logo\\\/image\\\/\"},\"sameAs\":[\"https:\\\/\\\/www.facebook.com\\\/MilesiVernici\",\"https:\\\/\\\/www.youtube.com\\\/channel\\\/UCgULN6yzPgE9usmMi3CP5hQ\",\"https:\\\/\\\/www.instagram.com\\\/milesiverniciperlegno\\\/\",\"https:\\\/\\\/vimeo.com\\\/user117001108\",\"https:\\\/\\\/www.linkedin.com\\\/company\\\/milesiwoodcoatings\\\/\"]},{\"@type\":\"Person\",\"@id\":\"https:\\\/\\\/www.milesi.com\\\/fr\\\/#\\\/schema\\\/person\\\/efe9c5f0d5dc8ecccf853a392e5aacdd\",\"name\":\"User\"}]}<\/script>\n<!-- \/ Yoast SEO plugin. -->","yoast_head_json":{"title":"MILESI INTERVISTA LO CHEF OLDANI - Milesi","robots":{"index":"index","follow":"follow","max-snippet":"max-snippet:-1","max-image-preview":"max-image-preview:large","max-video-preview":"max-video-preview:-1"},"canonical":"https:\/\/www.milesi.com\/fr\/milesi-intervista-lo-chef-oldani-2\/","og_locale":"fr_FR","og_type":"article","og_title":"MILESI INTERVISTA LO CHEF OLDANI - Milesi","og_description":"\u00ab\u00a0UN\u2019ACCOGLIENZA 4.0 POSSIBILE GRAZIE AL DIALOGO CON IL MONDO DEL DESIGN E CON LE AZIENDE COME MILESI\u201d &nbsp; &nbsp; Un\u2019intuizione, un\u2019idea creativa che si trasforma in oggetto grazie all\u2019intervento del designer, che ne plasma le forme, e al dialogo continuo con il mondo delle aziende, pronte a mettere a disposizione il loro know how. Lo [&hellip;]","og_url":"https:\/\/www.milesi.com\/fr\/milesi-intervista-lo-chef-oldani-2\/","og_site_name":"Milesi","article_publisher":"https:\/\/www.facebook.com\/MilesiVernici","article_published_time":"2021-12-21T15:20:30+00:00","og_image":[{"width":1500,"height":1500,"url":"https:\/\/www.milesi.com\/wp-content\/uploads\/2021\/12\/Oldani-quad-scaled.jpg","type":"image\/jpeg"}],"author":"User","twitter_card":"summary_large_image","twitter_misc":{"\u00c9crit par":"User","Dur\u00e9e de lecture estim\u00e9e":"1 minute"},"schema":{"@context":"https:\/\/schema.org","@graph":[{"@type":"Article","@id":"https:\/\/www.milesi.com\/fr\/milesi-intervista-lo-chef-oldani-2\/#article","isPartOf":{"@id":"https:\/\/www.milesi.com\/fr\/milesi-intervista-lo-chef-oldani-2\/"},"author":{"name":"User","@id":"https:\/\/www.milesi.com\/fr\/#\/schema\/person\/efe9c5f0d5dc8ecccf853a392e5aacdd"},"headline":"MILESI INTERVISTA LO CHEF OLDANI","datePublished":"2021-12-21T15:20:30+00:00","mainEntityOfPage":{"@id":"https:\/\/www.milesi.com\/fr\/milesi-intervista-lo-chef-oldani-2\/"},"wordCount":127,"commentCount":0,"publisher":{"@id":"https:\/\/www.milesi.com\/fr\/#organization"},"image":{"@id":"https:\/\/www.milesi.com\/fr\/milesi-intervista-lo-chef-oldani-2\/#primaryimage"},"thumbnailUrl":"https:\/\/www.milesi.com\/wp-content\/uploads\/2021\/12\/Oldani-quad-scaled.jpg","articleSection":["News"],"inLanguage":"fr-FR","potentialAction":[{"@type":"CommentAction","name":"Comment","target":["https:\/\/www.milesi.com\/fr\/milesi-intervista-lo-chef-oldani-2\/#respond"]}]},{"@type":"WebPage","@id":"https:\/\/www.milesi.com\/fr\/milesi-intervista-lo-chef-oldani-2\/","url":"https:\/\/www.milesi.com\/fr\/milesi-intervista-lo-chef-oldani-2\/","name":"MILESI INTERVISTA LO CHEF OLDANI - Milesi","isPartOf":{"@id":"https:\/\/www.milesi.com\/fr\/#website"},"primaryImageOfPage":{"@id":"https:\/\/www.milesi.com\/fr\/milesi-intervista-lo-chef-oldani-2\/#primaryimage"},"image":{"@id":"https:\/\/www.milesi.com\/fr\/milesi-intervista-lo-chef-oldani-2\/#primaryimage"},"thumbnailUrl":"https:\/\/www.milesi.com\/wp-content\/uploads\/2021\/12\/Oldani-quad-scaled.jpg","datePublished":"2021-12-21T15:20:30+00:00","breadcrumb":{"@id":"https:\/\/www.milesi.com\/fr\/milesi-intervista-lo-chef-oldani-2\/#breadcrumb"},"inLanguage":"fr-FR","potentialAction":[{"@type":"ReadAction","target":["https:\/\/www.milesi.com\/fr\/milesi-intervista-lo-chef-oldani-2\/"]}]},{"@type":"ImageObject","inLanguage":"fr-FR","@id":"https:\/\/www.milesi.com\/fr\/milesi-intervista-lo-chef-oldani-2\/#primaryimage","url":"https:\/\/www.milesi.com\/wp-content\/uploads\/2021\/12\/Oldani-quad-scaled.jpg","contentUrl":"https:\/\/www.milesi.com\/wp-content\/uploads\/2021\/12\/Oldani-quad-scaled.jpg","width":1500,"height":1500},{"@type":"BreadcrumbList","@id":"https:\/\/www.milesi.com\/fr\/milesi-intervista-lo-chef-oldani-2\/#breadcrumb","itemListElement":[{"@type":"ListItem","position":1,"name":"Milesi - Vernis pour bois","item":"https:\/\/www.milesi.com\/fr\/"},{"@type":"ListItem","position":2,"name":"MILESI INTERVISTA LO CHEF OLDANI"}]},{"@type":"WebSite","@id":"https:\/\/www.milesi.com\/fr\/#website","url":"https:\/\/www.milesi.com\/fr\/","name":"Milesi Vernici per il legno","description":"Vernis pour bois","publisher":{"@id":"https:\/\/www.milesi.com\/fr\/#organization"},"alternateName":"Milesi","potentialAction":[{"@type":"SearchAction","target":{"@type":"EntryPoint","urlTemplate":"https:\/\/www.milesi.com\/fr\/?s={search_term_string}"},"query-input":{"@type":"PropertyValueSpecification","valueRequired":true,"valueName":"search_term_string"}}],"inLanguage":"fr-FR"},{"@type":"Organization","@id":"https:\/\/www.milesi.com\/fr\/#organization","name":"Milesi Vernici","alternateName":"Milesi","url":"https:\/\/www.milesi.com\/fr\/","logo":{"@type":"ImageObject","inLanguage":"fr-FR","@id":"https:\/\/www.milesi.com\/fr\/#\/schema\/logo\/image\/","url":"https:\/\/www.milesi.com\/wp-content\/uploads\/2022\/12\/milesi-web.png","contentUrl":"https:\/\/www.milesi.com\/wp-content\/uploads\/2022\/12\/milesi-web.png","width":100,"height":101,"caption":"Milesi Vernici"},"image":{"@id":"https:\/\/www.milesi.com\/fr\/#\/schema\/logo\/image\/"},"sameAs":["https:\/\/www.facebook.com\/MilesiVernici","https:\/\/www.youtube.com\/channel\/UCgULN6yzPgE9usmMi3CP5hQ","https:\/\/www.instagram.com\/milesiverniciperlegno\/","https:\/\/vimeo.com\/user117001108","https:\/\/www.linkedin.com\/company\/milesiwoodcoatings\/"]},{"@type":"Person","@id":"https:\/\/www.milesi.com\/fr\/#\/schema\/person\/efe9c5f0d5dc8ecccf853a392e5aacdd","name":"User"}]}},"_links":{"self":[{"href":"https:\/\/www.milesi.com\/fr\/wp-json\/wp\/v2\/posts\/17866","targetHints":{"allow":["GET"]}}],"collection":[{"href":"https:\/\/www.milesi.com\/fr\/wp-json\/wp\/v2\/posts"}],"about":[{"href":"https:\/\/www.milesi.com\/fr\/wp-json\/wp\/v2\/types\/post"}],"author":[{"embeddable":true,"href":"https:\/\/www.milesi.com\/fr\/wp-json\/wp\/v2\/users\/5"}],"replies":[{"embeddable":true,"href":"https:\/\/www.milesi.com\/fr\/wp-json\/wp\/v2\/comments?post=17866"}],"version-history":[{"count":0,"href":"https:\/\/www.milesi.com\/fr\/wp-json\/wp\/v2\/posts\/17866\/revisions"}],"wp:featuredmedia":[{"embeddable":true,"href":"https:\/\/www.milesi.com\/fr\/wp-json\/wp\/v2\/media\/17909"}],"wp:attachment":[{"href":"https:\/\/www.milesi.com\/fr\/wp-json\/wp\/v2\/media?parent=17866"}],"wp:term":[{"taxonomy":"category","embeddable":true,"href":"https:\/\/www.milesi.com\/fr\/wp-json\/wp\/v2\/categories?post=17866"},{"taxonomy":"post_tag","embeddable":true,"href":"https:\/\/www.milesi.com\/fr\/wp-json\/wp\/v2\/tags?post=17866"}],"curies":[{"name":"wp","href":"https:\/\/api.w.org\/{rel}","templated":true}]}}