{"id":18189,"date":"2022-02-17T12:03:49","date_gmt":"2022-02-17T11:03:49","guid":{"rendered":"https:\/\/www.milesi.com\/?p=18189"},"modified":"2022-02-17T12:27:38","modified_gmt":"2022-02-17T11:27:38","slug":"limpegno-per-una-formazione-di-alto-livello","status":"publish","type":"post","link":"https:\/\/www.milesi.com\/fr\/limpegno-per-una-formazione-di-alto-livello\/","title":{"rendered":"L&rsquo;IMPEGNO PER UNA FORMAZIONE DI ALTO LIVELLO"},"content":{"rendered":"<p style=\"text-align: center;\"><span style=\"color: #000000; font-size: 18pt;\"><strong>\u00a0<span style=\"font-size: 18pt;\">ORGANIZZATA UNA SESSIONE TECNICA SPECIALIZZATA\u00a0<\/span><\/strong><\/span><\/p>\n<p>&nbsp;<\/p>\n<p><img loading=\"lazy\" decoding=\"async\" class=\" wp-image-18231 aligncenter\" src=\"http:\/\/www.milesi.com\/wp-content\/uploads\/2022\/02\/IMG-20220216-WA0018-Copia-1024x574.jpg\" alt=\"\" width=\"600\" height=\"337\" srcset=\"https:\/\/www.milesi.com\/wp-content\/uploads\/2022\/02\/IMG-20220216-WA0018-Copia-1024x574.jpg 1024w, https:\/\/www.milesi.com\/wp-content\/uploads\/2022\/02\/IMG-20220216-WA0018-Copia-300x168.jpg 300w, https:\/\/www.milesi.com\/wp-content\/uploads\/2022\/02\/IMG-20220216-WA0018-Copia-768x431.jpg 768w, https:\/\/www.milesi.com\/wp-content\/uploads\/2022\/02\/IMG-20220216-WA0018-Copia-24x13.jpg 24w, https:\/\/www.milesi.com\/wp-content\/uploads\/2022\/02\/IMG-20220216-WA0018-Copia-36x20.jpg 36w, https:\/\/www.milesi.com\/wp-content\/uploads\/2022\/02\/IMG-20220216-WA0018-Copia-256x144.jpg 256w, https:\/\/www.milesi.com\/wp-content\/uploads\/2022\/02\/IMG-20220216-WA0018-Copia-600x336.jpg 600w, https:\/\/www.milesi.com\/wp-content\/uploads\/2022\/02\/IMG-20220216-WA0018-Copia.jpg 1502w\" sizes=\"(max-width: 600px) 100vw, 600px\" \/><\/p>\n<p>&nbsp;<\/p>\n<p style=\"text-align: justify;\">Per essere sempre pi\u00f9 vicina ai clienti e alle loro esigenze, <strong>Milesi<\/strong> ha organizzato una sessione di formazione tecnica altamente specializzata dedicata ad importanti partner dell\u2019area Nord Est).<\/p>\n<p style=\"text-align: justify;\">L\u2019incontro si \u00e8 svolto a Padova nella giornata di mercoled\u00ec 16 febbraio: nel programma della giornata, la presentazione delle <strong>vernici a solventi<\/strong> e della <strong>gamma Ignifughi<\/strong>, con un focus sui prodotti ma anche sulle relative <strong>normative e certificazioni<\/strong>. A seguire, una panoramica sulle soluzioni <strong>Green<\/strong> e sulle vernici igienizzanti <strong>HEALTHY.WOOD<\/strong>.<\/p>\n<p style=\"text-align: justify;\">Con iniziative come questa, Milesi offre ai clienti importanti occasioni di aggiornamento e approfondimento tecnico, mettendo a disposizione il proprio know-how, un patrimonio frutto di una consolidata esperienza e di un continuo lavoro di ricerca su tecnologie e materiali.<\/p>\n<p>&nbsp;<\/p>\n<p>&nbsp;<\/p>\n<p><span style=\"font-size: 10pt;\">Febbraio 2022<\/span><\/p>\n","protected":false},"excerpt":{"rendered":"<p>\u00a0ORGANIZZATA UNA SESSIONE TECNICA SPECIALIZZATA\u00a0 &nbsp; &nbsp; Per essere sempre pi\u00f9 vicina ai clienti e alle loro esigenze, Milesi ha organizzato una sessione di formazione tecnica altamente specializzata dedicata ad importanti partner dell\u2019area Nord Est). L\u2019incontro si \u00e8 svolto a Padova nella giornata di mercoled\u00ec 16 febbraio: nel programma della giornata, la presentazione delle vernici [&hellip;]<\/p>\n","protected":false},"author":5,"featured_media":18262,"comment_status":"open","ping_status":"closed","sticky":false,"template":"","format":"standard","meta":{"_et_pb_use_builder":"","_et_pb_old_content":"","_et_gb_content_width":"","footnotes":""},"categories":[79],"tags":[],"class_list":["post-18189","post","type-post","status-publish","format-standard","has-post-thumbnail","hentry","category-notizie"],"yoast_head":"<!-- This site is optimized with the Yoast SEO plugin v27.3 - https:\/\/yoast.com\/product\/yoast-seo-wordpress\/ -->\n<title>L&#039;IMPEGNO PER UNA FORMAZIONE DI ALTO LIVELLO - Milesi<\/title>\n<meta name=\"robots\" content=\"index, follow, max-snippet:-1, max-image-preview:large, max-video-preview:-1\" \/>\n<link rel=\"canonical\" href=\"https:\/\/www.milesi.com\/fr\/limpegno-per-una-formazione-di-alto-livello\/\" \/>\n<meta property=\"og:locale\" content=\"fr_FR\" \/>\n<meta property=\"og:type\" content=\"article\" \/>\n<meta property=\"og:title\" content=\"L&#039;IMPEGNO PER UNA FORMAZIONE DI ALTO LIVELLO - Milesi\" \/>\n<meta property=\"og:description\" content=\"\u00a0ORGANIZZATA UNA SESSIONE TECNICA SPECIALIZZATA\u00a0 &nbsp; &nbsp; Per essere sempre pi\u00f9 vicina ai clienti e alle loro esigenze, Milesi ha organizzato una sessione di formazione tecnica altamente specializzata dedicata ad importanti partner dell\u2019area Nord Est). L\u2019incontro si \u00e8 svolto a Padova nella giornata di mercoled\u00ec 16 febbraio: nel programma della giornata, la presentazione delle vernici [&hellip;]\" \/>\n<meta property=\"og:url\" content=\"https:\/\/www.milesi.com\/fr\/limpegno-per-una-formazione-di-alto-livello\/\" \/>\n<meta property=\"og:site_name\" content=\"Milesi\" \/>\n<meta property=\"article:publisher\" content=\"https:\/\/www.facebook.com\/MilesiVernici\" \/>\n<meta property=\"article:published_time\" content=\"2022-02-17T11:03:49+00:00\" \/>\n<meta property=\"article:modified_time\" content=\"2022-02-17T11:27:38+00:00\" \/>\n<meta property=\"og:image\" content=\"https:\/\/www.milesi.com\/wp-content\/uploads\/2022\/02\/NL-formazione-Padova-2.jpg\" \/>\n\t<meta property=\"og:image:width\" content=\"598\" \/>\n\t<meta property=\"og:image:height\" content=\"598\" \/>\n\t<meta property=\"og:image:type\" content=\"image\/jpeg\" \/>\n<meta name=\"author\" content=\"User\" \/>\n<meta name=\"twitter:card\" content=\"summary_large_image\" \/>\n<meta name=\"twitter:label1\" content=\"\u00c9crit par\" \/>\n\t<meta name=\"twitter:data1\" content=\"User\" \/>\n\t<meta name=\"twitter:label2\" content=\"Dur\u00e9e de lecture estim\u00e9e\" \/>\n\t<meta name=\"twitter:data2\" content=\"1 minute\" \/>\n<script type=\"application\/ld+json\" class=\"yoast-schema-graph\">{\"@context\":\"https:\\\/\\\/schema.org\",\"@graph\":[{\"@type\":\"Article\",\"@id\":\"https:\\\/\\\/www.milesi.com\\\/fr\\\/limpegno-per-una-formazione-di-alto-livello\\\/#article\",\"isPartOf\":{\"@id\":\"https:\\\/\\\/www.milesi.com\\\/fr\\\/limpegno-per-una-formazione-di-alto-livello\\\/\"},\"author\":{\"name\":\"User\",\"@id\":\"https:\\\/\\\/www.milesi.com\\\/fr\\\/#\\\/schema\\\/person\\\/efe9c5f0d5dc8ecccf853a392e5aacdd\"},\"headline\":\"L&rsquo;IMPEGNO PER UNA FORMAZIONE DI ALTO LIVELLO\",\"datePublished\":\"2022-02-17T11:03:49+00:00\",\"dateModified\":\"2022-02-17T11:27:38+00:00\",\"mainEntityOfPage\":{\"@id\":\"https:\\\/\\\/www.milesi.com\\\/fr\\\/limpegno-per-una-formazione-di-alto-livello\\\/\"},\"wordCount\":136,\"commentCount\":0,\"publisher\":{\"@id\":\"https:\\\/\\\/www.milesi.com\\\/fr\\\/#organization\"},\"image\":{\"@id\":\"https:\\\/\\\/www.milesi.com\\\/fr\\\/limpegno-per-una-formazione-di-alto-livello\\\/#primaryimage\"},\"thumbnailUrl\":\"https:\\\/\\\/www.milesi.com\\\/wp-content\\\/uploads\\\/2022\\\/02\\\/NL-formazione-Padova-2.jpg\",\"articleSection\":[\"News\"],\"inLanguage\":\"fr-FR\",\"potentialAction\":[{\"@type\":\"CommentAction\",\"name\":\"Comment\",\"target\":[\"https:\\\/\\\/www.milesi.com\\\/fr\\\/limpegno-per-una-formazione-di-alto-livello\\\/#respond\"]}]},{\"@type\":\"WebPage\",\"@id\":\"https:\\\/\\\/www.milesi.com\\\/fr\\\/limpegno-per-una-formazione-di-alto-livello\\\/\",\"url\":\"https:\\\/\\\/www.milesi.com\\\/fr\\\/limpegno-per-una-formazione-di-alto-livello\\\/\",\"name\":\"L'IMPEGNO PER UNA FORMAZIONE DI ALTO LIVELLO - Milesi\",\"isPartOf\":{\"@id\":\"https:\\\/\\\/www.milesi.com\\\/fr\\\/#website\"},\"primaryImageOfPage\":{\"@id\":\"https:\\\/\\\/www.milesi.com\\\/fr\\\/limpegno-per-una-formazione-di-alto-livello\\\/#primaryimage\"},\"image\":{\"@id\":\"https:\\\/\\\/www.milesi.com\\\/fr\\\/limpegno-per-una-formazione-di-alto-livello\\\/#primaryimage\"},\"thumbnailUrl\":\"https:\\\/\\\/www.milesi.com\\\/wp-content\\\/uploads\\\/2022\\\/02\\\/NL-formazione-Padova-2.jpg\",\"datePublished\":\"2022-02-17T11:03:49+00:00\",\"dateModified\":\"2022-02-17T11:27:38+00:00\",\"breadcrumb\":{\"@id\":\"https:\\\/\\\/www.milesi.com\\\/fr\\\/limpegno-per-una-formazione-di-alto-livello\\\/#breadcrumb\"},\"inLanguage\":\"fr-FR\",\"potentialAction\":[{\"@type\":\"ReadAction\",\"target\":[\"https:\\\/\\\/www.milesi.com\\\/fr\\\/limpegno-per-una-formazione-di-alto-livello\\\/\"]}]},{\"@type\":\"ImageObject\",\"inLanguage\":\"fr-FR\",\"@id\":\"https:\\\/\\\/www.milesi.com\\\/fr\\\/limpegno-per-una-formazione-di-alto-livello\\\/#primaryimage\",\"url\":\"https:\\\/\\\/www.milesi.com\\\/wp-content\\\/uploads\\\/2022\\\/02\\\/NL-formazione-Padova-2.jpg\",\"contentUrl\":\"https:\\\/\\\/www.milesi.com\\\/wp-content\\\/uploads\\\/2022\\\/02\\\/NL-formazione-Padova-2.jpg\",\"width\":598,\"height\":598},{\"@type\":\"BreadcrumbList\",\"@id\":\"https:\\\/\\\/www.milesi.com\\\/fr\\\/limpegno-per-una-formazione-di-alto-livello\\\/#breadcrumb\",\"itemListElement\":[{\"@type\":\"ListItem\",\"position\":1,\"name\":\"Milesi - Vernis pour bois\",\"item\":\"https:\\\/\\\/www.milesi.com\\\/fr\\\/\"},{\"@type\":\"ListItem\",\"position\":2,\"name\":\"L&#8217;IMPEGNO PER UNA FORMAZIONE DI ALTO LIVELLO\"}]},{\"@type\":\"WebSite\",\"@id\":\"https:\\\/\\\/www.milesi.com\\\/fr\\\/#website\",\"url\":\"https:\\\/\\\/www.milesi.com\\\/fr\\\/\",\"name\":\"Milesi Vernici per il legno\",\"description\":\"Vernis pour bois\",\"publisher\":{\"@id\":\"https:\\\/\\\/www.milesi.com\\\/fr\\\/#organization\"},\"alternateName\":\"Milesi\",\"potentialAction\":[{\"@type\":\"SearchAction\",\"target\":{\"@type\":\"EntryPoint\",\"urlTemplate\":\"https:\\\/\\\/www.milesi.com\\\/fr\\\/?s={search_term_string}\"},\"query-input\":{\"@type\":\"PropertyValueSpecification\",\"valueRequired\":true,\"valueName\":\"search_term_string\"}}],\"inLanguage\":\"fr-FR\"},{\"@type\":\"Organization\",\"@id\":\"https:\\\/\\\/www.milesi.com\\\/fr\\\/#organization\",\"name\":\"Milesi Vernici\",\"alternateName\":\"Milesi\",\"url\":\"https:\\\/\\\/www.milesi.com\\\/fr\\\/\",\"logo\":{\"@type\":\"ImageObject\",\"inLanguage\":\"fr-FR\",\"@id\":\"https:\\\/\\\/www.milesi.com\\\/fr\\\/#\\\/schema\\\/logo\\\/image\\\/\",\"url\":\"https:\\\/\\\/www.milesi.com\\\/wp-content\\\/uploads\\\/2022\\\/12\\\/milesi-web.png\",\"contentUrl\":\"https:\\\/\\\/www.milesi.com\\\/wp-content\\\/uploads\\\/2022\\\/12\\\/milesi-web.png\",\"width\":100,\"height\":101,\"caption\":\"Milesi Vernici\"},\"image\":{\"@id\":\"https:\\\/\\\/www.milesi.com\\\/fr\\\/#\\\/schema\\\/logo\\\/image\\\/\"},\"sameAs\":[\"https:\\\/\\\/www.facebook.com\\\/MilesiVernici\",\"https:\\\/\\\/www.youtube.com\\\/channel\\\/UCgULN6yzPgE9usmMi3CP5hQ\",\"https:\\\/\\\/www.instagram.com\\\/milesiverniciperlegno\\\/\",\"https:\\\/\\\/vimeo.com\\\/user117001108\",\"https:\\\/\\\/www.linkedin.com\\\/company\\\/milesiwoodcoatings\\\/\"]},{\"@type\":\"Person\",\"@id\":\"https:\\\/\\\/www.milesi.com\\\/fr\\\/#\\\/schema\\\/person\\\/efe9c5f0d5dc8ecccf853a392e5aacdd\",\"name\":\"User\"}]}<\/script>\n<!-- \/ Yoast SEO plugin. -->","yoast_head_json":{"title":"L'IMPEGNO PER UNA FORMAZIONE DI ALTO LIVELLO - Milesi","robots":{"index":"index","follow":"follow","max-snippet":"max-snippet:-1","max-image-preview":"max-image-preview:large","max-video-preview":"max-video-preview:-1"},"canonical":"https:\/\/www.milesi.com\/fr\/limpegno-per-una-formazione-di-alto-livello\/","og_locale":"fr_FR","og_type":"article","og_title":"L'IMPEGNO PER UNA FORMAZIONE DI ALTO LIVELLO - Milesi","og_description":"\u00a0ORGANIZZATA UNA SESSIONE TECNICA SPECIALIZZATA\u00a0 &nbsp; &nbsp; Per essere sempre pi\u00f9 vicina ai clienti e alle loro esigenze, Milesi ha organizzato una sessione di formazione tecnica altamente specializzata dedicata ad importanti partner dell\u2019area Nord Est). L\u2019incontro si \u00e8 svolto a Padova nella giornata di mercoled\u00ec 16 febbraio: nel programma della giornata, la presentazione delle vernici [&hellip;]","og_url":"https:\/\/www.milesi.com\/fr\/limpegno-per-una-formazione-di-alto-livello\/","og_site_name":"Milesi","article_publisher":"https:\/\/www.facebook.com\/MilesiVernici","article_published_time":"2022-02-17T11:03:49+00:00","article_modified_time":"2022-02-17T11:27:38+00:00","og_image":[{"width":598,"height":598,"url":"https:\/\/www.milesi.com\/wp-content\/uploads\/2022\/02\/NL-formazione-Padova-2.jpg","type":"image\/jpeg"}],"author":"User","twitter_card":"summary_large_image","twitter_misc":{"\u00c9crit par":"User","Dur\u00e9e de lecture estim\u00e9e":"1 minute"},"schema":{"@context":"https:\/\/schema.org","@graph":[{"@type":"Article","@id":"https:\/\/www.milesi.com\/fr\/limpegno-per-una-formazione-di-alto-livello\/#article","isPartOf":{"@id":"https:\/\/www.milesi.com\/fr\/limpegno-per-una-formazione-di-alto-livello\/"},"author":{"name":"User","@id":"https:\/\/www.milesi.com\/fr\/#\/schema\/person\/efe9c5f0d5dc8ecccf853a392e5aacdd"},"headline":"L&rsquo;IMPEGNO PER UNA FORMAZIONE DI ALTO LIVELLO","datePublished":"2022-02-17T11:03:49+00:00","dateModified":"2022-02-17T11:27:38+00:00","mainEntityOfPage":{"@id":"https:\/\/www.milesi.com\/fr\/limpegno-per-una-formazione-di-alto-livello\/"},"wordCount":136,"commentCount":0,"publisher":{"@id":"https:\/\/www.milesi.com\/fr\/#organization"},"image":{"@id":"https:\/\/www.milesi.com\/fr\/limpegno-per-una-formazione-di-alto-livello\/#primaryimage"},"thumbnailUrl":"https:\/\/www.milesi.com\/wp-content\/uploads\/2022\/02\/NL-formazione-Padova-2.jpg","articleSection":["News"],"inLanguage":"fr-FR","potentialAction":[{"@type":"CommentAction","name":"Comment","target":["https:\/\/www.milesi.com\/fr\/limpegno-per-una-formazione-di-alto-livello\/#respond"]}]},{"@type":"WebPage","@id":"https:\/\/www.milesi.com\/fr\/limpegno-per-una-formazione-di-alto-livello\/","url":"https:\/\/www.milesi.com\/fr\/limpegno-per-una-formazione-di-alto-livello\/","name":"L'IMPEGNO PER UNA FORMAZIONE DI ALTO LIVELLO - Milesi","isPartOf":{"@id":"https:\/\/www.milesi.com\/fr\/#website"},"primaryImageOfPage":{"@id":"https:\/\/www.milesi.com\/fr\/limpegno-per-una-formazione-di-alto-livello\/#primaryimage"},"image":{"@id":"https:\/\/www.milesi.com\/fr\/limpegno-per-una-formazione-di-alto-livello\/#primaryimage"},"thumbnailUrl":"https:\/\/www.milesi.com\/wp-content\/uploads\/2022\/02\/NL-formazione-Padova-2.jpg","datePublished":"2022-02-17T11:03:49+00:00","dateModified":"2022-02-17T11:27:38+00:00","breadcrumb":{"@id":"https:\/\/www.milesi.com\/fr\/limpegno-per-una-formazione-di-alto-livello\/#breadcrumb"},"inLanguage":"fr-FR","potentialAction":[{"@type":"ReadAction","target":["https:\/\/www.milesi.com\/fr\/limpegno-per-una-formazione-di-alto-livello\/"]}]},{"@type":"ImageObject","inLanguage":"fr-FR","@id":"https:\/\/www.milesi.com\/fr\/limpegno-per-una-formazione-di-alto-livello\/#primaryimage","url":"https:\/\/www.milesi.com\/wp-content\/uploads\/2022\/02\/NL-formazione-Padova-2.jpg","contentUrl":"https:\/\/www.milesi.com\/wp-content\/uploads\/2022\/02\/NL-formazione-Padova-2.jpg","width":598,"height":598},{"@type":"BreadcrumbList","@id":"https:\/\/www.milesi.com\/fr\/limpegno-per-una-formazione-di-alto-livello\/#breadcrumb","itemListElement":[{"@type":"ListItem","position":1,"name":"Milesi - Vernis pour bois","item":"https:\/\/www.milesi.com\/fr\/"},{"@type":"ListItem","position":2,"name":"L&#8217;IMPEGNO PER UNA FORMAZIONE DI ALTO LIVELLO"}]},{"@type":"WebSite","@id":"https:\/\/www.milesi.com\/fr\/#website","url":"https:\/\/www.milesi.com\/fr\/","name":"Milesi Vernici per il legno","description":"Vernis pour bois","publisher":{"@id":"https:\/\/www.milesi.com\/fr\/#organization"},"alternateName":"Milesi","potentialAction":[{"@type":"SearchAction","target":{"@type":"EntryPoint","urlTemplate":"https:\/\/www.milesi.com\/fr\/?s={search_term_string}"},"query-input":{"@type":"PropertyValueSpecification","valueRequired":true,"valueName":"search_term_string"}}],"inLanguage":"fr-FR"},{"@type":"Organization","@id":"https:\/\/www.milesi.com\/fr\/#organization","name":"Milesi Vernici","alternateName":"Milesi","url":"https:\/\/www.milesi.com\/fr\/","logo":{"@type":"ImageObject","inLanguage":"fr-FR","@id":"https:\/\/www.milesi.com\/fr\/#\/schema\/logo\/image\/","url":"https:\/\/www.milesi.com\/wp-content\/uploads\/2022\/12\/milesi-web.png","contentUrl":"https:\/\/www.milesi.com\/wp-content\/uploads\/2022\/12\/milesi-web.png","width":100,"height":101,"caption":"Milesi Vernici"},"image":{"@id":"https:\/\/www.milesi.com\/fr\/#\/schema\/logo\/image\/"},"sameAs":["https:\/\/www.facebook.com\/MilesiVernici","https:\/\/www.youtube.com\/channel\/UCgULN6yzPgE9usmMi3CP5hQ","https:\/\/www.instagram.com\/milesiverniciperlegno\/","https:\/\/vimeo.com\/user117001108","https:\/\/www.linkedin.com\/company\/milesiwoodcoatings\/"]},{"@type":"Person","@id":"https:\/\/www.milesi.com\/fr\/#\/schema\/person\/efe9c5f0d5dc8ecccf853a392e5aacdd","name":"User"}]}},"_links":{"self":[{"href":"https:\/\/www.milesi.com\/fr\/wp-json\/wp\/v2\/posts\/18189","targetHints":{"allow":["GET"]}}],"collection":[{"href":"https:\/\/www.milesi.com\/fr\/wp-json\/wp\/v2\/posts"}],"about":[{"href":"https:\/\/www.milesi.com\/fr\/wp-json\/wp\/v2\/types\/post"}],"author":[{"embeddable":true,"href":"https:\/\/www.milesi.com\/fr\/wp-json\/wp\/v2\/users\/5"}],"replies":[{"embeddable":true,"href":"https:\/\/www.milesi.com\/fr\/wp-json\/wp\/v2\/comments?post=18189"}],"version-history":[{"count":0,"href":"https:\/\/www.milesi.com\/fr\/wp-json\/wp\/v2\/posts\/18189\/revisions"}],"wp:featuredmedia":[{"embeddable":true,"href":"https:\/\/www.milesi.com\/fr\/wp-json\/wp\/v2\/media\/18262"}],"wp:attachment":[{"href":"https:\/\/www.milesi.com\/fr\/wp-json\/wp\/v2\/media?parent=18189"}],"wp:term":[{"taxonomy":"category","embeddable":true,"href":"https:\/\/www.milesi.com\/fr\/wp-json\/wp\/v2\/categories?post=18189"},{"taxonomy":"post_tag","embeddable":true,"href":"https:\/\/www.milesi.com\/fr\/wp-json\/wp\/v2\/tags?post=18189"}],"curies":[{"name":"wp","href":"https:\/\/api.w.org\/{rel}","templated":true}]}}