{"id":18600,"date":"2022-05-16T14:57:56","date_gmt":"2022-05-16T12:57:56","guid":{"rendered":"https:\/\/www.milesi.com\/?p=18600"},"modified":"2022-05-16T16:06:04","modified_gmt":"2022-05-16T14:06:04","slug":"il-designer-attila-veress-in-visita-allo-stabilimento-milesi-di-bareggio","status":"publish","type":"post","link":"https:\/\/www.milesi.com\/fr\/il-designer-attila-veress-in-visita-allo-stabilimento-milesi-di-bareggio\/","title":{"rendered":"IL DESIGNER ATTILA VERESS IN VISITA ALLO STABILIMENTO MILESI DI BAREGGIO"},"content":{"rendered":"<p style=\"text-align: center;\"><span style=\"font-size: 18pt; color: #000000;\"><strong>\u00a0PER UN APPROFONDIMENTO TECNICO SUL <\/strong><\/span><span style=\"font-size: 18pt; color: #000000;\"><strong>TEMA DEL COLORE<\/strong><\/span><\/p>\n<p>&nbsp;<\/p>\n<p style=\"text-align: center;\"><img loading=\"lazy\" decoding=\"async\" class=\"alignnone wp-image-18603 \" src=\"http:\/\/www.milesi.com\/wp-content\/uploads\/2022\/05\/20220407_164720-1024x577.jpg\" alt=\"\" width=\"448\" height=\"252\" srcset=\"https:\/\/www.milesi.com\/wp-content\/uploads\/2022\/05\/20220407_164720-1024x577.jpg 1024w, https:\/\/www.milesi.com\/wp-content\/uploads\/2022\/05\/20220407_164720-300x169.jpg 300w, https:\/\/www.milesi.com\/wp-content\/uploads\/2022\/05\/20220407_164720-768x432.jpg 768w, https:\/\/www.milesi.com\/wp-content\/uploads\/2022\/05\/20220407_164720-1536x865.jpg 1536w, https:\/\/www.milesi.com\/wp-content\/uploads\/2022\/05\/20220407_164720-2048x1153.jpg 2048w, https:\/\/www.milesi.com\/wp-content\/uploads\/2022\/05\/20220407_164720-24x14.jpg 24w, https:\/\/www.milesi.com\/wp-content\/uploads\/2022\/05\/20220407_164720-36x20.jpg 36w, https:\/\/www.milesi.com\/wp-content\/uploads\/2022\/05\/20220407_164720-256x144.jpg 256w, https:\/\/www.milesi.com\/wp-content\/uploads\/2022\/05\/20220407_164720-600x338.jpg 600w\" sizes=\"(max-width: 448px) 100vw, 448px\" \/> <img loading=\"lazy\" decoding=\"async\" class=\"alignnone wp-image-18609\" src=\"http:\/\/www.milesi.com\/wp-content\/uploads\/2022\/05\/Veress-lab-1024x692.jpg\" alt=\"\" width=\"374\" height=\"253\" srcset=\"https:\/\/www.milesi.com\/wp-content\/uploads\/2022\/05\/Veress-lab-1024x692.jpg 1024w, https:\/\/www.milesi.com\/wp-content\/uploads\/2022\/05\/Veress-lab-300x203.jpg 300w, https:\/\/www.milesi.com\/wp-content\/uploads\/2022\/05\/Veress-lab-768x519.jpg 768w, https:\/\/www.milesi.com\/wp-content\/uploads\/2022\/05\/Veress-lab-24x16.jpg 24w, https:\/\/www.milesi.com\/wp-content\/uploads\/2022\/05\/Veress-lab-36x24.jpg 36w, https:\/\/www.milesi.com\/wp-content\/uploads\/2022\/05\/Veress-lab-256x173.jpg 256w, https:\/\/www.milesi.com\/wp-content\/uploads\/2022\/05\/Veress-lab-600x406.jpg 600w, https:\/\/www.milesi.com\/wp-content\/uploads\/2022\/05\/Veress-lab.jpg 1379w\" sizes=\"(max-width: 374px) 100vw, 374px\" \/><\/p>\n<p>&nbsp;<\/p>\n<p style=\"text-align: justify;\"><strong>Milesi <\/strong>ha organizzato una speciale giornata di approfondimento teorico e pratico sul tema dei colori con il designer <strong>Attila Veress<\/strong>, design consultant per diversi prestigiosi brand e docente di Product Design presso lo <strong>IED di Milano<\/strong>, accompagnato da un gruppo di studenti del Polo Formativo.<br \/>\nDopo una prima parte di teoria e analisi in aula con i tecnici specializzati Milesi, Veress ha visitato il laboratorio, sperimentando prima le diverse modalit\u00e0 di formulazione del colore per poi passare alla parte applicativa per alcune prove tecniche.<br \/>\nLa giornata ha rappresentato il primo step di un progetto che vedr\u00e0 coinvolte le vernici Milesi e il designer Attila Veress, in collaborazione con il Polo Formativo LegnoArredo.<\/p>\n<p>&nbsp;<\/p>\n<p style=\"text-align: center;\"><span style=\"font-size: 10pt;\"><strong>IED &#8211; Istituto Europeo di Design<\/strong><\/span><\/p>\n<p style=\"text-align: justify;\"><span style=\"font-size: 10pt;\"><strong>IED<\/strong>\u00a0nasce nel 1966 grazie alla brillante intuizione del fondatare\u00a0Francesco Morelli ed \u00e8 oggi un\u2019eccellenza internazionale di matrice completamente italiana, che opera nel campo della formazione e della ricerca, nelle discipline del Design, della Moda, delle Arti Visive e della Comunicazione.<\/span><br \/>\n<span style=\"font-size: 10pt;\">Riconosciuto a livello internazionale, IED \u00e8 un network che si sviluppa in 11 sedi, di cui 7 in Italia &#8211; Milano, Cagliari, Como, Firenze, Roma, Torino e Venezia &#8211; 2 in Spagna &#8211; Barcellona e Madrid &#8211; e 2 in Brasile &#8211; Rio de Janeiro e San Paolo.<\/span><\/p>\n<p>&nbsp;<\/p>\n<p><span style=\"font-size: 10pt;\">Maggio 2022<\/span><\/p>\n","protected":false},"excerpt":{"rendered":"<p>\u00a0PER UN APPROFONDIMENTO TECNICO SUL TEMA DEL COLORE &nbsp; &nbsp; Milesi ha organizzato una speciale giornata di approfondimento teorico e pratico sul tema dei colori con il designer Attila Veress, design consultant per diversi prestigiosi brand e docente di Product Design presso lo IED di Milano, accompagnato da un gruppo di studenti del Polo Formativo. [&hellip;]<\/p>\n","protected":false},"author":5,"featured_media":18618,"comment_status":"closed","ping_status":"closed","sticky":false,"template":"","format":"standard","meta":{"_et_pb_use_builder":"","_et_pb_old_content":"","_et_gb_content_width":"","footnotes":""},"categories":[79],"tags":[],"class_list":["post-18600","post","type-post","status-publish","format-standard","has-post-thumbnail","hentry","category-notizie"],"yoast_head":"<!-- This site is optimized with the Yoast SEO plugin v27.3 - https:\/\/yoast.com\/product\/yoast-seo-wordpress\/ -->\n<title>IL DESIGNER ATTILA VERESS IN VISITA ALLO STABILIMENTO MILESI DI BAREGGIO - Milesi<\/title>\n<meta name=\"robots\" content=\"index, follow, max-snippet:-1, max-image-preview:large, max-video-preview:-1\" \/>\n<link rel=\"canonical\" href=\"https:\/\/www.milesi.com\/fr\/il-designer-attila-veress-in-visita-allo-stabilimento-milesi-di-bareggio\/\" \/>\n<meta property=\"og:locale\" content=\"fr_FR\" \/>\n<meta property=\"og:type\" content=\"article\" \/>\n<meta property=\"og:title\" content=\"IL DESIGNER ATTILA VERESS IN VISITA ALLO STABILIMENTO MILESI DI BAREGGIO - Milesi\" \/>\n<meta property=\"og:description\" content=\"\u00a0PER UN APPROFONDIMENTO TECNICO SUL TEMA DEL COLORE &nbsp; &nbsp; Milesi ha organizzato una speciale giornata di approfondimento teorico e pratico sul tema dei colori con il designer Attila Veress, design consultant per diversi prestigiosi brand e docente di Product Design presso lo IED di Milano, accompagnato da un gruppo di studenti del Polo Formativo. [&hellip;]\" \/>\n<meta property=\"og:url\" content=\"https:\/\/www.milesi.com\/fr\/il-designer-attila-veress-in-visita-allo-stabilimento-milesi-di-bareggio\/\" \/>\n<meta property=\"og:site_name\" content=\"Milesi\" \/>\n<meta property=\"article:publisher\" content=\"https:\/\/www.facebook.com\/MilesiVernici\" \/>\n<meta property=\"article:published_time\" content=\"2022-05-16T12:57:56+00:00\" \/>\n<meta property=\"article:modified_time\" content=\"2022-05-16T14:06:04+00:00\" \/>\n<meta property=\"og:image\" content=\"https:\/\/www.milesi.com\/wp-content\/uploads\/2022\/05\/Quadrata-scaled.jpg\" \/>\n\t<meta property=\"og:image:width\" content=\"1500\" \/>\n\t<meta property=\"og:image:height\" content=\"1500\" \/>\n\t<meta property=\"og:image:type\" content=\"image\/jpeg\" \/>\n<meta name=\"author\" content=\"User\" \/>\n<meta name=\"twitter:card\" content=\"summary_large_image\" \/>\n<meta name=\"twitter:label1\" content=\"\u00c9crit par\" \/>\n\t<meta name=\"twitter:data1\" content=\"User\" \/>\n\t<meta name=\"twitter:label2\" content=\"Dur\u00e9e de lecture estim\u00e9e\" \/>\n\t<meta name=\"twitter:data2\" content=\"2 minutes\" \/>\n<script type=\"application\/ld+json\" class=\"yoast-schema-graph\">{\"@context\":\"https:\\\/\\\/schema.org\",\"@graph\":[{\"@type\":\"Article\",\"@id\":\"https:\\\/\\\/www.milesi.com\\\/fr\\\/il-designer-attila-veress-in-visita-allo-stabilimento-milesi-di-bareggio\\\/#article\",\"isPartOf\":{\"@id\":\"https:\\\/\\\/www.milesi.com\\\/fr\\\/il-designer-attila-veress-in-visita-allo-stabilimento-milesi-di-bareggio\\\/\"},\"author\":{\"name\":\"User\",\"@id\":\"https:\\\/\\\/www.milesi.com\\\/fr\\\/#\\\/schema\\\/person\\\/efe9c5f0d5dc8ecccf853a392e5aacdd\"},\"headline\":\"IL DESIGNER ATTILA VERESS IN VISITA ALLO STABILIMENTO MILESI DI BAREGGIO\",\"datePublished\":\"2022-05-16T12:57:56+00:00\",\"dateModified\":\"2022-05-16T14:06:04+00:00\",\"mainEntityOfPage\":{\"@id\":\"https:\\\/\\\/www.milesi.com\\\/fr\\\/il-designer-attila-veress-in-visita-allo-stabilimento-milesi-di-bareggio\\\/\"},\"wordCount\":226,\"publisher\":{\"@id\":\"https:\\\/\\\/www.milesi.com\\\/fr\\\/#organization\"},\"image\":{\"@id\":\"https:\\\/\\\/www.milesi.com\\\/fr\\\/il-designer-attila-veress-in-visita-allo-stabilimento-milesi-di-bareggio\\\/#primaryimage\"},\"thumbnailUrl\":\"https:\\\/\\\/www.milesi.com\\\/wp-content\\\/uploads\\\/2022\\\/05\\\/Quadrata-scaled.jpg\",\"articleSection\":[\"News\"],\"inLanguage\":\"fr-FR\"},{\"@type\":\"WebPage\",\"@id\":\"https:\\\/\\\/www.milesi.com\\\/fr\\\/il-designer-attila-veress-in-visita-allo-stabilimento-milesi-di-bareggio\\\/\",\"url\":\"https:\\\/\\\/www.milesi.com\\\/fr\\\/il-designer-attila-veress-in-visita-allo-stabilimento-milesi-di-bareggio\\\/\",\"name\":\"IL DESIGNER ATTILA VERESS IN VISITA ALLO STABILIMENTO MILESI DI BAREGGIO - Milesi\",\"isPartOf\":{\"@id\":\"https:\\\/\\\/www.milesi.com\\\/fr\\\/#website\"},\"primaryImageOfPage\":{\"@id\":\"https:\\\/\\\/www.milesi.com\\\/fr\\\/il-designer-attila-veress-in-visita-allo-stabilimento-milesi-di-bareggio\\\/#primaryimage\"},\"image\":{\"@id\":\"https:\\\/\\\/www.milesi.com\\\/fr\\\/il-designer-attila-veress-in-visita-allo-stabilimento-milesi-di-bareggio\\\/#primaryimage\"},\"thumbnailUrl\":\"https:\\\/\\\/www.milesi.com\\\/wp-content\\\/uploads\\\/2022\\\/05\\\/Quadrata-scaled.jpg\",\"datePublished\":\"2022-05-16T12:57:56+00:00\",\"dateModified\":\"2022-05-16T14:06:04+00:00\",\"breadcrumb\":{\"@id\":\"https:\\\/\\\/www.milesi.com\\\/fr\\\/il-designer-attila-veress-in-visita-allo-stabilimento-milesi-di-bareggio\\\/#breadcrumb\"},\"inLanguage\":\"fr-FR\",\"potentialAction\":[{\"@type\":\"ReadAction\",\"target\":[\"https:\\\/\\\/www.milesi.com\\\/fr\\\/il-designer-attila-veress-in-visita-allo-stabilimento-milesi-di-bareggio\\\/\"]}]},{\"@type\":\"ImageObject\",\"inLanguage\":\"fr-FR\",\"@id\":\"https:\\\/\\\/www.milesi.com\\\/fr\\\/il-designer-attila-veress-in-visita-allo-stabilimento-milesi-di-bareggio\\\/#primaryimage\",\"url\":\"https:\\\/\\\/www.milesi.com\\\/wp-content\\\/uploads\\\/2022\\\/05\\\/Quadrata-scaled.jpg\",\"contentUrl\":\"https:\\\/\\\/www.milesi.com\\\/wp-content\\\/uploads\\\/2022\\\/05\\\/Quadrata-scaled.jpg\",\"width\":1500,\"height\":1500},{\"@type\":\"BreadcrumbList\",\"@id\":\"https:\\\/\\\/www.milesi.com\\\/fr\\\/il-designer-attila-veress-in-visita-allo-stabilimento-milesi-di-bareggio\\\/#breadcrumb\",\"itemListElement\":[{\"@type\":\"ListItem\",\"position\":1,\"name\":\"Milesi - Vernis pour bois\",\"item\":\"https:\\\/\\\/www.milesi.com\\\/fr\\\/\"},{\"@type\":\"ListItem\",\"position\":2,\"name\":\"IL DESIGNER ATTILA VERESS IN VISITA ALLO STABILIMENTO MILESI DI BAREGGIO\"}]},{\"@type\":\"WebSite\",\"@id\":\"https:\\\/\\\/www.milesi.com\\\/fr\\\/#website\",\"url\":\"https:\\\/\\\/www.milesi.com\\\/fr\\\/\",\"name\":\"Milesi Vernici per il legno\",\"description\":\"Vernis pour bois\",\"publisher\":{\"@id\":\"https:\\\/\\\/www.milesi.com\\\/fr\\\/#organization\"},\"alternateName\":\"Milesi\",\"potentialAction\":[{\"@type\":\"SearchAction\",\"target\":{\"@type\":\"EntryPoint\",\"urlTemplate\":\"https:\\\/\\\/www.milesi.com\\\/fr\\\/?s={search_term_string}\"},\"query-input\":{\"@type\":\"PropertyValueSpecification\",\"valueRequired\":true,\"valueName\":\"search_term_string\"}}],\"inLanguage\":\"fr-FR\"},{\"@type\":\"Organization\",\"@id\":\"https:\\\/\\\/www.milesi.com\\\/fr\\\/#organization\",\"name\":\"Milesi Vernici\",\"alternateName\":\"Milesi\",\"url\":\"https:\\\/\\\/www.milesi.com\\\/fr\\\/\",\"logo\":{\"@type\":\"ImageObject\",\"inLanguage\":\"fr-FR\",\"@id\":\"https:\\\/\\\/www.milesi.com\\\/fr\\\/#\\\/schema\\\/logo\\\/image\\\/\",\"url\":\"https:\\\/\\\/www.milesi.com\\\/wp-content\\\/uploads\\\/2022\\\/12\\\/milesi-web.png\",\"contentUrl\":\"https:\\\/\\\/www.milesi.com\\\/wp-content\\\/uploads\\\/2022\\\/12\\\/milesi-web.png\",\"width\":100,\"height\":101,\"caption\":\"Milesi Vernici\"},\"image\":{\"@id\":\"https:\\\/\\\/www.milesi.com\\\/fr\\\/#\\\/schema\\\/logo\\\/image\\\/\"},\"sameAs\":[\"https:\\\/\\\/www.facebook.com\\\/MilesiVernici\",\"https:\\\/\\\/www.youtube.com\\\/channel\\\/UCgULN6yzPgE9usmMi3CP5hQ\",\"https:\\\/\\\/www.instagram.com\\\/milesiverniciperlegno\\\/\",\"https:\\\/\\\/vimeo.com\\\/user117001108\",\"https:\\\/\\\/www.linkedin.com\\\/company\\\/milesiwoodcoatings\\\/\"]},{\"@type\":\"Person\",\"@id\":\"https:\\\/\\\/www.milesi.com\\\/fr\\\/#\\\/schema\\\/person\\\/efe9c5f0d5dc8ecccf853a392e5aacdd\",\"name\":\"User\"}]}<\/script>\n<!-- \/ Yoast SEO plugin. -->","yoast_head_json":{"title":"IL DESIGNER ATTILA VERESS IN VISITA ALLO STABILIMENTO MILESI DI BAREGGIO - Milesi","robots":{"index":"index","follow":"follow","max-snippet":"max-snippet:-1","max-image-preview":"max-image-preview:large","max-video-preview":"max-video-preview:-1"},"canonical":"https:\/\/www.milesi.com\/fr\/il-designer-attila-veress-in-visita-allo-stabilimento-milesi-di-bareggio\/","og_locale":"fr_FR","og_type":"article","og_title":"IL DESIGNER ATTILA VERESS IN VISITA ALLO STABILIMENTO MILESI DI BAREGGIO - Milesi","og_description":"\u00a0PER UN APPROFONDIMENTO TECNICO SUL TEMA DEL COLORE &nbsp; &nbsp; Milesi ha organizzato una speciale giornata di approfondimento teorico e pratico sul tema dei colori con il designer Attila Veress, design consultant per diversi prestigiosi brand e docente di Product Design presso lo IED di Milano, accompagnato da un gruppo di studenti del Polo Formativo. [&hellip;]","og_url":"https:\/\/www.milesi.com\/fr\/il-designer-attila-veress-in-visita-allo-stabilimento-milesi-di-bareggio\/","og_site_name":"Milesi","article_publisher":"https:\/\/www.facebook.com\/MilesiVernici","article_published_time":"2022-05-16T12:57:56+00:00","article_modified_time":"2022-05-16T14:06:04+00:00","og_image":[{"width":1500,"height":1500,"url":"https:\/\/www.milesi.com\/wp-content\/uploads\/2022\/05\/Quadrata-scaled.jpg","type":"image\/jpeg"}],"author":"User","twitter_card":"summary_large_image","twitter_misc":{"\u00c9crit par":"User","Dur\u00e9e de lecture estim\u00e9e":"2 minutes"},"schema":{"@context":"https:\/\/schema.org","@graph":[{"@type":"Article","@id":"https:\/\/www.milesi.com\/fr\/il-designer-attila-veress-in-visita-allo-stabilimento-milesi-di-bareggio\/#article","isPartOf":{"@id":"https:\/\/www.milesi.com\/fr\/il-designer-attila-veress-in-visita-allo-stabilimento-milesi-di-bareggio\/"},"author":{"name":"User","@id":"https:\/\/www.milesi.com\/fr\/#\/schema\/person\/efe9c5f0d5dc8ecccf853a392e5aacdd"},"headline":"IL DESIGNER ATTILA VERESS IN VISITA ALLO STABILIMENTO MILESI DI BAREGGIO","datePublished":"2022-05-16T12:57:56+00:00","dateModified":"2022-05-16T14:06:04+00:00","mainEntityOfPage":{"@id":"https:\/\/www.milesi.com\/fr\/il-designer-attila-veress-in-visita-allo-stabilimento-milesi-di-bareggio\/"},"wordCount":226,"publisher":{"@id":"https:\/\/www.milesi.com\/fr\/#organization"},"image":{"@id":"https:\/\/www.milesi.com\/fr\/il-designer-attila-veress-in-visita-allo-stabilimento-milesi-di-bareggio\/#primaryimage"},"thumbnailUrl":"https:\/\/www.milesi.com\/wp-content\/uploads\/2022\/05\/Quadrata-scaled.jpg","articleSection":["News"],"inLanguage":"fr-FR"},{"@type":"WebPage","@id":"https:\/\/www.milesi.com\/fr\/il-designer-attila-veress-in-visita-allo-stabilimento-milesi-di-bareggio\/","url":"https:\/\/www.milesi.com\/fr\/il-designer-attila-veress-in-visita-allo-stabilimento-milesi-di-bareggio\/","name":"IL DESIGNER ATTILA VERESS IN VISITA ALLO STABILIMENTO MILESI DI BAREGGIO - Milesi","isPartOf":{"@id":"https:\/\/www.milesi.com\/fr\/#website"},"primaryImageOfPage":{"@id":"https:\/\/www.milesi.com\/fr\/il-designer-attila-veress-in-visita-allo-stabilimento-milesi-di-bareggio\/#primaryimage"},"image":{"@id":"https:\/\/www.milesi.com\/fr\/il-designer-attila-veress-in-visita-allo-stabilimento-milesi-di-bareggio\/#primaryimage"},"thumbnailUrl":"https:\/\/www.milesi.com\/wp-content\/uploads\/2022\/05\/Quadrata-scaled.jpg","datePublished":"2022-05-16T12:57:56+00:00","dateModified":"2022-05-16T14:06:04+00:00","breadcrumb":{"@id":"https:\/\/www.milesi.com\/fr\/il-designer-attila-veress-in-visita-allo-stabilimento-milesi-di-bareggio\/#breadcrumb"},"inLanguage":"fr-FR","potentialAction":[{"@type":"ReadAction","target":["https:\/\/www.milesi.com\/fr\/il-designer-attila-veress-in-visita-allo-stabilimento-milesi-di-bareggio\/"]}]},{"@type":"ImageObject","inLanguage":"fr-FR","@id":"https:\/\/www.milesi.com\/fr\/il-designer-attila-veress-in-visita-allo-stabilimento-milesi-di-bareggio\/#primaryimage","url":"https:\/\/www.milesi.com\/wp-content\/uploads\/2022\/05\/Quadrata-scaled.jpg","contentUrl":"https:\/\/www.milesi.com\/wp-content\/uploads\/2022\/05\/Quadrata-scaled.jpg","width":1500,"height":1500},{"@type":"BreadcrumbList","@id":"https:\/\/www.milesi.com\/fr\/il-designer-attila-veress-in-visita-allo-stabilimento-milesi-di-bareggio\/#breadcrumb","itemListElement":[{"@type":"ListItem","position":1,"name":"Milesi - Vernis pour bois","item":"https:\/\/www.milesi.com\/fr\/"},{"@type":"ListItem","position":2,"name":"IL DESIGNER ATTILA VERESS IN VISITA ALLO STABILIMENTO MILESI DI BAREGGIO"}]},{"@type":"WebSite","@id":"https:\/\/www.milesi.com\/fr\/#website","url":"https:\/\/www.milesi.com\/fr\/","name":"Milesi Vernici per il legno","description":"Vernis pour bois","publisher":{"@id":"https:\/\/www.milesi.com\/fr\/#organization"},"alternateName":"Milesi","potentialAction":[{"@type":"SearchAction","target":{"@type":"EntryPoint","urlTemplate":"https:\/\/www.milesi.com\/fr\/?s={search_term_string}"},"query-input":{"@type":"PropertyValueSpecification","valueRequired":true,"valueName":"search_term_string"}}],"inLanguage":"fr-FR"},{"@type":"Organization","@id":"https:\/\/www.milesi.com\/fr\/#organization","name":"Milesi Vernici","alternateName":"Milesi","url":"https:\/\/www.milesi.com\/fr\/","logo":{"@type":"ImageObject","inLanguage":"fr-FR","@id":"https:\/\/www.milesi.com\/fr\/#\/schema\/logo\/image\/","url":"https:\/\/www.milesi.com\/wp-content\/uploads\/2022\/12\/milesi-web.png","contentUrl":"https:\/\/www.milesi.com\/wp-content\/uploads\/2022\/12\/milesi-web.png","width":100,"height":101,"caption":"Milesi Vernici"},"image":{"@id":"https:\/\/www.milesi.com\/fr\/#\/schema\/logo\/image\/"},"sameAs":["https:\/\/www.facebook.com\/MilesiVernici","https:\/\/www.youtube.com\/channel\/UCgULN6yzPgE9usmMi3CP5hQ","https:\/\/www.instagram.com\/milesiverniciperlegno\/","https:\/\/vimeo.com\/user117001108","https:\/\/www.linkedin.com\/company\/milesiwoodcoatings\/"]},{"@type":"Person","@id":"https:\/\/www.milesi.com\/fr\/#\/schema\/person\/efe9c5f0d5dc8ecccf853a392e5aacdd","name":"User"}]}},"_links":{"self":[{"href":"https:\/\/www.milesi.com\/fr\/wp-json\/wp\/v2\/posts\/18600","targetHints":{"allow":["GET"]}}],"collection":[{"href":"https:\/\/www.milesi.com\/fr\/wp-json\/wp\/v2\/posts"}],"about":[{"href":"https:\/\/www.milesi.com\/fr\/wp-json\/wp\/v2\/types\/post"}],"author":[{"embeddable":true,"href":"https:\/\/www.milesi.com\/fr\/wp-json\/wp\/v2\/users\/5"}],"replies":[{"embeddable":true,"href":"https:\/\/www.milesi.com\/fr\/wp-json\/wp\/v2\/comments?post=18600"}],"version-history":[{"count":0,"href":"https:\/\/www.milesi.com\/fr\/wp-json\/wp\/v2\/posts\/18600\/revisions"}],"wp:featuredmedia":[{"embeddable":true,"href":"https:\/\/www.milesi.com\/fr\/wp-json\/wp\/v2\/media\/18618"}],"wp:attachment":[{"href":"https:\/\/www.milesi.com\/fr\/wp-json\/wp\/v2\/media?parent=18600"}],"wp:term":[{"taxonomy":"category","embeddable":true,"href":"https:\/\/www.milesi.com\/fr\/wp-json\/wp\/v2\/categories?post=18600"},{"taxonomy":"post_tag","embeddable":true,"href":"https:\/\/www.milesi.com\/fr\/wp-json\/wp\/v2\/tags?post=18600"}],"curies":[{"name":"wp","href":"https:\/\/api.w.org\/{rel}","templated":true}]}}