{"id":18743,"date":"2022-05-25T18:08:49","date_gmt":"2022-05-25T16:08:49","guid":{"rendered":"https:\/\/www.milesi.com\/?p=18743"},"modified":"2022-05-25T18:15:31","modified_gmt":"2022-05-25T16:15:31","slug":"milesi-partecipa-al-festival-generativo-della-stazione-rulli-frulli","status":"publish","type":"post","link":"https:\/\/www.milesi.com\/fr\/milesi-partecipa-al-festival-generativo-della-stazione-rulli-frulli\/","title":{"rendered":"MILESI PARTECIPA AL FESTIVAL GENERATIVO DELLA STAZIONE RULLI FRULLI"},"content":{"rendered":"<p style=\"text-align: center;\"><span style=\"font-size: 18pt; color: #000000;\"><strong>\u00a0CON UN LABORATORIO SUL COLORE<\/strong><\/span><\/p>\n<p>&nbsp;<\/p>\n<p><img loading=\"lazy\" decoding=\"async\" class=\"wp-image-18744 alignright\" src=\"http:\/\/www.milesi.com\/wp-content\/uploads\/2022\/05\/Foto-1_b.jpeg\" alt=\"\" width=\"254\" height=\"315\" srcset=\"https:\/\/www.milesi.com\/wp-content\/uploads\/2022\/05\/Foto-1_b.jpeg 763w, https:\/\/www.milesi.com\/wp-content\/uploads\/2022\/05\/Foto-1_b-241x300.jpeg 241w, https:\/\/www.milesi.com\/wp-content\/uploads\/2022\/05\/Foto-1_b-19x24.jpeg 19w, https:\/\/www.milesi.com\/wp-content\/uploads\/2022\/05\/Foto-1_b-29x36.jpeg 29w, https:\/\/www.milesi.com\/wp-content\/uploads\/2022\/05\/Foto-1_b-206x256.jpeg 206w, https:\/\/www.milesi.com\/wp-content\/uploads\/2022\/05\/Foto-1_b-600x745.jpeg 600w\" sizes=\"(max-width: 254px) 100vw, 254px\" \/><\/p>\n<p><img loading=\"lazy\" decoding=\"async\" class=\"wp-image-18750 alignleft\" src=\"http:\/\/www.milesi.com\/wp-content\/uploads\/2022\/05\/Foto-3_b-900x1024.jpeg\" alt=\"\" width=\"272\" height=\"309\" srcset=\"https:\/\/www.milesi.com\/wp-content\/uploads\/2022\/05\/Foto-3_b-900x1024.jpeg 900w, https:\/\/www.milesi.com\/wp-content\/uploads\/2022\/05\/Foto-3_b-264x300.jpeg 264w, https:\/\/www.milesi.com\/wp-content\/uploads\/2022\/05\/Foto-3_b-768x874.jpeg 768w, https:\/\/www.milesi.com\/wp-content\/uploads\/2022\/05\/Foto-3_b-21x24.jpeg 21w, https:\/\/www.milesi.com\/wp-content\/uploads\/2022\/05\/Foto-3_b-32x36.jpeg 32w, https:\/\/www.milesi.com\/wp-content\/uploads\/2022\/05\/Foto-3_b-225x256.jpeg 225w, https:\/\/www.milesi.com\/wp-content\/uploads\/2022\/05\/Foto-3_b-600x683.jpeg 600w, https:\/\/www.milesi.com\/wp-content\/uploads\/2022\/05\/Foto-3_b.jpeg 1200w\" sizes=\"(max-width: 272px) 100vw, 272px\" \/><\/p>\n<p>&nbsp;<\/p>\n<p style=\"text-align: center;\"><strong>Milesi<\/strong> partecipa al Festival Generativo, la serie di eventi in programma dal 21 al 28 maggio a Finale Emilia per l\u2019inaugurazione della <strong>Stazione Rulli Frulli<\/strong>, che a 10 anni dal sisma che ha colpito la regione, segna la rinascita di un intero territorio.<br \/>\nMilesi, che da diverso tempo sostiene AstronaveLab &#8211; il laboratorio socio-occupazionale dedicato al mondo del legno e parte del progetto Rulli Frulli \u2013 ha voluto partecipare attivamente\u00a0alla settimana di celebrazioni, donando le vernici che sono state utilizzate\u00a0per un laboratorio dedicato ai pi\u00f9 piccoli e incentrato sul mondo dei colori.<br \/>\nUn\u2019occasione per testimoniare ancora una volta l\u2019impegno di Milesi in progetti di valore sociale, come quello di AstronaveLab, che attraverso l\u2019amore per il legno si propone di rendere la dignit\u00e0 del lavoro accessibile a tutti.<\/p>\n<p>&nbsp;<\/p>\n<p>&nbsp;<\/p>\n<p>&nbsp;<\/p>\n<p><span style=\"font-size: 10pt;\">Maggio 2022<\/span><\/p>\n<p>&nbsp;<\/p>\n","protected":false},"excerpt":{"rendered":"<p>\u00a0CON UN LABORATORIO SUL COLORE &nbsp; &nbsp; Milesi partecipa al Festival Generativo, la serie di eventi in programma dal 21 al 28 maggio a Finale Emilia per l\u2019inaugurazione della Stazione Rulli Frulli, che a 10 anni dal sisma che ha colpito la regione, segna la rinascita di un intero territorio. Milesi, che da diverso tempo [&hellip;]<\/p>\n","protected":false},"author":5,"featured_media":18818,"comment_status":"closed","ping_status":"closed","sticky":false,"template":"","format":"standard","meta":{"_et_pb_use_builder":"","_et_pb_old_content":"","_et_gb_content_width":"","footnotes":""},"categories":[79],"tags":[],"class_list":["post-18743","post","type-post","status-publish","format-standard","has-post-thumbnail","hentry","category-notizie"],"yoast_head":"<!-- This site is optimized with the Yoast SEO plugin v27.3 - https:\/\/yoast.com\/product\/yoast-seo-wordpress\/ -->\n<title>MILESI PARTECIPA AL FESTIVAL GENERATIVO DELLA STAZIONE RULLI FRULLI - Milesi<\/title>\n<meta name=\"robots\" content=\"index, follow, max-snippet:-1, max-image-preview:large, max-video-preview:-1\" \/>\n<link rel=\"canonical\" href=\"https:\/\/www.milesi.com\/fr\/milesi-partecipa-al-festival-generativo-della-stazione-rulli-frulli\/\" \/>\n<meta property=\"og:locale\" content=\"fr_FR\" \/>\n<meta property=\"og:type\" content=\"article\" \/>\n<meta property=\"og:title\" content=\"MILESI PARTECIPA AL FESTIVAL GENERATIVO DELLA STAZIONE RULLI FRULLI - Milesi\" \/>\n<meta property=\"og:description\" content=\"\u00a0CON UN LABORATORIO SUL COLORE &nbsp; &nbsp; Milesi partecipa al Festival Generativo, la serie di eventi in programma dal 21 al 28 maggio a Finale Emilia per l\u2019inaugurazione della Stazione Rulli Frulli, che a 10 anni dal sisma che ha colpito la regione, segna la rinascita di un intero territorio. Milesi, che da diverso tempo [&hellip;]\" \/>\n<meta property=\"og:url\" content=\"https:\/\/www.milesi.com\/fr\/milesi-partecipa-al-festival-generativo-della-stazione-rulli-frulli\/\" \/>\n<meta property=\"og:site_name\" content=\"Milesi\" \/>\n<meta property=\"article:publisher\" content=\"https:\/\/www.facebook.com\/MilesiVernici\" \/>\n<meta property=\"article:published_time\" content=\"2022-05-25T16:08:49+00:00\" \/>\n<meta property=\"article:modified_time\" content=\"2022-05-25T16:15:31+00:00\" \/>\n<meta property=\"og:image\" content=\"https:\/\/www.milesi.com\/wp-content\/uploads\/2022\/05\/Rulli-con-ombra.jpg\" \/>\n\t<meta property=\"og:image:width\" content=\"596\" \/>\n\t<meta property=\"og:image:height\" content=\"624\" \/>\n\t<meta property=\"og:image:type\" content=\"image\/jpeg\" \/>\n<meta name=\"author\" content=\"User\" \/>\n<meta name=\"twitter:card\" content=\"summary_large_image\" \/>\n<meta name=\"twitter:label1\" content=\"\u00c9crit par\" \/>\n\t<meta name=\"twitter:data1\" content=\"User\" \/>\n\t<meta name=\"twitter:label2\" content=\"Dur\u00e9e de lecture estim\u00e9e\" \/>\n\t<meta name=\"twitter:data2\" content=\"2 minutes\" \/>\n<script type=\"application\/ld+json\" class=\"yoast-schema-graph\">{\"@context\":\"https:\\\/\\\/schema.org\",\"@graph\":[{\"@type\":\"Article\",\"@id\":\"https:\\\/\\\/www.milesi.com\\\/fr\\\/milesi-partecipa-al-festival-generativo-della-stazione-rulli-frulli\\\/#article\",\"isPartOf\":{\"@id\":\"https:\\\/\\\/www.milesi.com\\\/fr\\\/milesi-partecipa-al-festival-generativo-della-stazione-rulli-frulli\\\/\"},\"author\":{\"name\":\"User\",\"@id\":\"https:\\\/\\\/www.milesi.com\\\/fr\\\/#\\\/schema\\\/person\\\/efe9c5f0d5dc8ecccf853a392e5aacdd\"},\"headline\":\"MILESI PARTECIPA AL FESTIVAL GENERATIVO DELLA STAZIONE RULLI FRULLI\",\"datePublished\":\"2022-05-25T16:08:49+00:00\",\"dateModified\":\"2022-05-25T16:15:31+00:00\",\"mainEntityOfPage\":{\"@id\":\"https:\\\/\\\/www.milesi.com\\\/fr\\\/milesi-partecipa-al-festival-generativo-della-stazione-rulli-frulli\\\/\"},\"wordCount\":150,\"publisher\":{\"@id\":\"https:\\\/\\\/www.milesi.com\\\/fr\\\/#organization\"},\"image\":{\"@id\":\"https:\\\/\\\/www.milesi.com\\\/fr\\\/milesi-partecipa-al-festival-generativo-della-stazione-rulli-frulli\\\/#primaryimage\"},\"thumbnailUrl\":\"https:\\\/\\\/www.milesi.com\\\/wp-content\\\/uploads\\\/2022\\\/05\\\/Rulli-con-ombra.jpg\",\"articleSection\":[\"News\"],\"inLanguage\":\"fr-FR\"},{\"@type\":\"WebPage\",\"@id\":\"https:\\\/\\\/www.milesi.com\\\/fr\\\/milesi-partecipa-al-festival-generativo-della-stazione-rulli-frulli\\\/\",\"url\":\"https:\\\/\\\/www.milesi.com\\\/fr\\\/milesi-partecipa-al-festival-generativo-della-stazione-rulli-frulli\\\/\",\"name\":\"MILESI PARTECIPA AL FESTIVAL GENERATIVO DELLA STAZIONE RULLI FRULLI - Milesi\",\"isPartOf\":{\"@id\":\"https:\\\/\\\/www.milesi.com\\\/fr\\\/#website\"},\"primaryImageOfPage\":{\"@id\":\"https:\\\/\\\/www.milesi.com\\\/fr\\\/milesi-partecipa-al-festival-generativo-della-stazione-rulli-frulli\\\/#primaryimage\"},\"image\":{\"@id\":\"https:\\\/\\\/www.milesi.com\\\/fr\\\/milesi-partecipa-al-festival-generativo-della-stazione-rulli-frulli\\\/#primaryimage\"},\"thumbnailUrl\":\"https:\\\/\\\/www.milesi.com\\\/wp-content\\\/uploads\\\/2022\\\/05\\\/Rulli-con-ombra.jpg\",\"datePublished\":\"2022-05-25T16:08:49+00:00\",\"dateModified\":\"2022-05-25T16:15:31+00:00\",\"breadcrumb\":{\"@id\":\"https:\\\/\\\/www.milesi.com\\\/fr\\\/milesi-partecipa-al-festival-generativo-della-stazione-rulli-frulli\\\/#breadcrumb\"},\"inLanguage\":\"fr-FR\",\"potentialAction\":[{\"@type\":\"ReadAction\",\"target\":[\"https:\\\/\\\/www.milesi.com\\\/fr\\\/milesi-partecipa-al-festival-generativo-della-stazione-rulli-frulli\\\/\"]}]},{\"@type\":\"ImageObject\",\"inLanguage\":\"fr-FR\",\"@id\":\"https:\\\/\\\/www.milesi.com\\\/fr\\\/milesi-partecipa-al-festival-generativo-della-stazione-rulli-frulli\\\/#primaryimage\",\"url\":\"https:\\\/\\\/www.milesi.com\\\/wp-content\\\/uploads\\\/2022\\\/05\\\/Rulli-con-ombra.jpg\",\"contentUrl\":\"https:\\\/\\\/www.milesi.com\\\/wp-content\\\/uploads\\\/2022\\\/05\\\/Rulli-con-ombra.jpg\",\"width\":596,\"height\":624},{\"@type\":\"BreadcrumbList\",\"@id\":\"https:\\\/\\\/www.milesi.com\\\/fr\\\/milesi-partecipa-al-festival-generativo-della-stazione-rulli-frulli\\\/#breadcrumb\",\"itemListElement\":[{\"@type\":\"ListItem\",\"position\":1,\"name\":\"Milesi - Vernis pour bois\",\"item\":\"https:\\\/\\\/www.milesi.com\\\/fr\\\/\"},{\"@type\":\"ListItem\",\"position\":2,\"name\":\"MILESI PARTECIPA AL FESTIVAL GENERATIVO DELLA STAZIONE RULLI FRULLI\"}]},{\"@type\":\"WebSite\",\"@id\":\"https:\\\/\\\/www.milesi.com\\\/fr\\\/#website\",\"url\":\"https:\\\/\\\/www.milesi.com\\\/fr\\\/\",\"name\":\"Milesi Vernici per il legno\",\"description\":\"Vernis pour bois\",\"publisher\":{\"@id\":\"https:\\\/\\\/www.milesi.com\\\/fr\\\/#organization\"},\"alternateName\":\"Milesi\",\"potentialAction\":[{\"@type\":\"SearchAction\",\"target\":{\"@type\":\"EntryPoint\",\"urlTemplate\":\"https:\\\/\\\/www.milesi.com\\\/fr\\\/?s={search_term_string}\"},\"query-input\":{\"@type\":\"PropertyValueSpecification\",\"valueRequired\":true,\"valueName\":\"search_term_string\"}}],\"inLanguage\":\"fr-FR\"},{\"@type\":\"Organization\",\"@id\":\"https:\\\/\\\/www.milesi.com\\\/fr\\\/#organization\",\"name\":\"Milesi Vernici\",\"alternateName\":\"Milesi\",\"url\":\"https:\\\/\\\/www.milesi.com\\\/fr\\\/\",\"logo\":{\"@type\":\"ImageObject\",\"inLanguage\":\"fr-FR\",\"@id\":\"https:\\\/\\\/www.milesi.com\\\/fr\\\/#\\\/schema\\\/logo\\\/image\\\/\",\"url\":\"https:\\\/\\\/www.milesi.com\\\/wp-content\\\/uploads\\\/2022\\\/12\\\/milesi-web.png\",\"contentUrl\":\"https:\\\/\\\/www.milesi.com\\\/wp-content\\\/uploads\\\/2022\\\/12\\\/milesi-web.png\",\"width\":100,\"height\":101,\"caption\":\"Milesi Vernici\"},\"image\":{\"@id\":\"https:\\\/\\\/www.milesi.com\\\/fr\\\/#\\\/schema\\\/logo\\\/image\\\/\"},\"sameAs\":[\"https:\\\/\\\/www.facebook.com\\\/MilesiVernici\",\"https:\\\/\\\/www.youtube.com\\\/channel\\\/UCgULN6yzPgE9usmMi3CP5hQ\",\"https:\\\/\\\/www.instagram.com\\\/milesiverniciperlegno\\\/\",\"https:\\\/\\\/vimeo.com\\\/user117001108\",\"https:\\\/\\\/www.linkedin.com\\\/company\\\/milesiwoodcoatings\\\/\"]},{\"@type\":\"Person\",\"@id\":\"https:\\\/\\\/www.milesi.com\\\/fr\\\/#\\\/schema\\\/person\\\/efe9c5f0d5dc8ecccf853a392e5aacdd\",\"name\":\"User\"}]}<\/script>\n<!-- \/ Yoast SEO plugin. -->","yoast_head_json":{"title":"MILESI PARTECIPA AL FESTIVAL GENERATIVO DELLA STAZIONE RULLI FRULLI - Milesi","robots":{"index":"index","follow":"follow","max-snippet":"max-snippet:-1","max-image-preview":"max-image-preview:large","max-video-preview":"max-video-preview:-1"},"canonical":"https:\/\/www.milesi.com\/fr\/milesi-partecipa-al-festival-generativo-della-stazione-rulli-frulli\/","og_locale":"fr_FR","og_type":"article","og_title":"MILESI PARTECIPA AL FESTIVAL GENERATIVO DELLA STAZIONE RULLI FRULLI - Milesi","og_description":"\u00a0CON UN LABORATORIO SUL COLORE &nbsp; &nbsp; Milesi partecipa al Festival Generativo, la serie di eventi in programma dal 21 al 28 maggio a Finale Emilia per l\u2019inaugurazione della Stazione Rulli Frulli, che a 10 anni dal sisma che ha colpito la regione, segna la rinascita di un intero territorio. Milesi, che da diverso tempo [&hellip;]","og_url":"https:\/\/www.milesi.com\/fr\/milesi-partecipa-al-festival-generativo-della-stazione-rulli-frulli\/","og_site_name":"Milesi","article_publisher":"https:\/\/www.facebook.com\/MilesiVernici","article_published_time":"2022-05-25T16:08:49+00:00","article_modified_time":"2022-05-25T16:15:31+00:00","og_image":[{"width":596,"height":624,"url":"https:\/\/www.milesi.com\/wp-content\/uploads\/2022\/05\/Rulli-con-ombra.jpg","type":"image\/jpeg"}],"author":"User","twitter_card":"summary_large_image","twitter_misc":{"\u00c9crit par":"User","Dur\u00e9e de lecture estim\u00e9e":"2 minutes"},"schema":{"@context":"https:\/\/schema.org","@graph":[{"@type":"Article","@id":"https:\/\/www.milesi.com\/fr\/milesi-partecipa-al-festival-generativo-della-stazione-rulli-frulli\/#article","isPartOf":{"@id":"https:\/\/www.milesi.com\/fr\/milesi-partecipa-al-festival-generativo-della-stazione-rulli-frulli\/"},"author":{"name":"User","@id":"https:\/\/www.milesi.com\/fr\/#\/schema\/person\/efe9c5f0d5dc8ecccf853a392e5aacdd"},"headline":"MILESI PARTECIPA AL FESTIVAL GENERATIVO DELLA STAZIONE RULLI FRULLI","datePublished":"2022-05-25T16:08:49+00:00","dateModified":"2022-05-25T16:15:31+00:00","mainEntityOfPage":{"@id":"https:\/\/www.milesi.com\/fr\/milesi-partecipa-al-festival-generativo-della-stazione-rulli-frulli\/"},"wordCount":150,"publisher":{"@id":"https:\/\/www.milesi.com\/fr\/#organization"},"image":{"@id":"https:\/\/www.milesi.com\/fr\/milesi-partecipa-al-festival-generativo-della-stazione-rulli-frulli\/#primaryimage"},"thumbnailUrl":"https:\/\/www.milesi.com\/wp-content\/uploads\/2022\/05\/Rulli-con-ombra.jpg","articleSection":["News"],"inLanguage":"fr-FR"},{"@type":"WebPage","@id":"https:\/\/www.milesi.com\/fr\/milesi-partecipa-al-festival-generativo-della-stazione-rulli-frulli\/","url":"https:\/\/www.milesi.com\/fr\/milesi-partecipa-al-festival-generativo-della-stazione-rulli-frulli\/","name":"MILESI PARTECIPA AL FESTIVAL GENERATIVO DELLA STAZIONE RULLI FRULLI - Milesi","isPartOf":{"@id":"https:\/\/www.milesi.com\/fr\/#website"},"primaryImageOfPage":{"@id":"https:\/\/www.milesi.com\/fr\/milesi-partecipa-al-festival-generativo-della-stazione-rulli-frulli\/#primaryimage"},"image":{"@id":"https:\/\/www.milesi.com\/fr\/milesi-partecipa-al-festival-generativo-della-stazione-rulli-frulli\/#primaryimage"},"thumbnailUrl":"https:\/\/www.milesi.com\/wp-content\/uploads\/2022\/05\/Rulli-con-ombra.jpg","datePublished":"2022-05-25T16:08:49+00:00","dateModified":"2022-05-25T16:15:31+00:00","breadcrumb":{"@id":"https:\/\/www.milesi.com\/fr\/milesi-partecipa-al-festival-generativo-della-stazione-rulli-frulli\/#breadcrumb"},"inLanguage":"fr-FR","potentialAction":[{"@type":"ReadAction","target":["https:\/\/www.milesi.com\/fr\/milesi-partecipa-al-festival-generativo-della-stazione-rulli-frulli\/"]}]},{"@type":"ImageObject","inLanguage":"fr-FR","@id":"https:\/\/www.milesi.com\/fr\/milesi-partecipa-al-festival-generativo-della-stazione-rulli-frulli\/#primaryimage","url":"https:\/\/www.milesi.com\/wp-content\/uploads\/2022\/05\/Rulli-con-ombra.jpg","contentUrl":"https:\/\/www.milesi.com\/wp-content\/uploads\/2022\/05\/Rulli-con-ombra.jpg","width":596,"height":624},{"@type":"BreadcrumbList","@id":"https:\/\/www.milesi.com\/fr\/milesi-partecipa-al-festival-generativo-della-stazione-rulli-frulli\/#breadcrumb","itemListElement":[{"@type":"ListItem","position":1,"name":"Milesi - Vernis pour bois","item":"https:\/\/www.milesi.com\/fr\/"},{"@type":"ListItem","position":2,"name":"MILESI PARTECIPA AL FESTIVAL GENERATIVO DELLA STAZIONE RULLI FRULLI"}]},{"@type":"WebSite","@id":"https:\/\/www.milesi.com\/fr\/#website","url":"https:\/\/www.milesi.com\/fr\/","name":"Milesi Vernici per il legno","description":"Vernis pour bois","publisher":{"@id":"https:\/\/www.milesi.com\/fr\/#organization"},"alternateName":"Milesi","potentialAction":[{"@type":"SearchAction","target":{"@type":"EntryPoint","urlTemplate":"https:\/\/www.milesi.com\/fr\/?s={search_term_string}"},"query-input":{"@type":"PropertyValueSpecification","valueRequired":true,"valueName":"search_term_string"}}],"inLanguage":"fr-FR"},{"@type":"Organization","@id":"https:\/\/www.milesi.com\/fr\/#organization","name":"Milesi Vernici","alternateName":"Milesi","url":"https:\/\/www.milesi.com\/fr\/","logo":{"@type":"ImageObject","inLanguage":"fr-FR","@id":"https:\/\/www.milesi.com\/fr\/#\/schema\/logo\/image\/","url":"https:\/\/www.milesi.com\/wp-content\/uploads\/2022\/12\/milesi-web.png","contentUrl":"https:\/\/www.milesi.com\/wp-content\/uploads\/2022\/12\/milesi-web.png","width":100,"height":101,"caption":"Milesi Vernici"},"image":{"@id":"https:\/\/www.milesi.com\/fr\/#\/schema\/logo\/image\/"},"sameAs":["https:\/\/www.facebook.com\/MilesiVernici","https:\/\/www.youtube.com\/channel\/UCgULN6yzPgE9usmMi3CP5hQ","https:\/\/www.instagram.com\/milesiverniciperlegno\/","https:\/\/vimeo.com\/user117001108","https:\/\/www.linkedin.com\/company\/milesiwoodcoatings\/"]},{"@type":"Person","@id":"https:\/\/www.milesi.com\/fr\/#\/schema\/person\/efe9c5f0d5dc8ecccf853a392e5aacdd","name":"User"}]}},"_links":{"self":[{"href":"https:\/\/www.milesi.com\/fr\/wp-json\/wp\/v2\/posts\/18743","targetHints":{"allow":["GET"]}}],"collection":[{"href":"https:\/\/www.milesi.com\/fr\/wp-json\/wp\/v2\/posts"}],"about":[{"href":"https:\/\/www.milesi.com\/fr\/wp-json\/wp\/v2\/types\/post"}],"author":[{"embeddable":true,"href":"https:\/\/www.milesi.com\/fr\/wp-json\/wp\/v2\/users\/5"}],"replies":[{"embeddable":true,"href":"https:\/\/www.milesi.com\/fr\/wp-json\/wp\/v2\/comments?post=18743"}],"version-history":[{"count":0,"href":"https:\/\/www.milesi.com\/fr\/wp-json\/wp\/v2\/posts\/18743\/revisions"}],"wp:featuredmedia":[{"embeddable":true,"href":"https:\/\/www.milesi.com\/fr\/wp-json\/wp\/v2\/media\/18818"}],"wp:attachment":[{"href":"https:\/\/www.milesi.com\/fr\/wp-json\/wp\/v2\/media?parent=18743"}],"wp:term":[{"taxonomy":"category","embeddable":true,"href":"https:\/\/www.milesi.com\/fr\/wp-json\/wp\/v2\/categories?post=18743"},{"taxonomy":"post_tag","embeddable":true,"href":"https:\/\/www.milesi.com\/fr\/wp-json\/wp\/v2\/tags?post=18743"}],"curies":[{"name":"wp","href":"https:\/\/api.w.org\/{rel}","templated":true}]}}