{"id":18887,"date":"2022-06-06T14:21:20","date_gmt":"2022-06-06T12:21:20","guid":{"rendered":"https:\/\/www.milesi.com\/non-categorizzato\/milesi-a-carrefour-international-du-bois\/"},"modified":"2022-06-30T11:37:50","modified_gmt":"2022-06-30T09:37:50","slug":"milesi-a-carrefour-international-du-bois","status":"publish","type":"post","link":"https:\/\/www.milesi.com\/fr\/milesi-a-carrefour-international-du-bois\/","title":{"rendered":"MILESI AU CARREFOUR INTERNATIONAL DU BOIS"},"content":{"rendered":"<p><img loading=\"lazy\" decoding=\"async\" class=\"alignnone size-large wp-image-18847 aligncenter\" src=\"https:\/\/www.milesi.com\/wp-content\/uploads\/2022\/06\/CDB1-1024x574.jpg\" alt=\"\" width=\"1024\" height=\"574\" srcset=\"https:\/\/www.milesi.com\/wp-content\/uploads\/2022\/06\/CDB1-1024x574.jpg 1024w, https:\/\/www.milesi.com\/wp-content\/uploads\/2022\/06\/CDB1-300x168.jpg 300w, https:\/\/www.milesi.com\/wp-content\/uploads\/2022\/06\/CDB1-768x431.jpg 768w, https:\/\/www.milesi.com\/wp-content\/uploads\/2022\/06\/CDB1-1536x861.jpg 1536w, https:\/\/www.milesi.com\/wp-content\/uploads\/2022\/06\/CDB1-24x13.jpg 24w, https:\/\/www.milesi.com\/wp-content\/uploads\/2022\/06\/CDB1-36x20.jpg 36w, https:\/\/www.milesi.com\/wp-content\/uploads\/2022\/06\/CDB1-256x144.jpg 256w, https:\/\/www.milesi.com\/wp-content\/uploads\/2022\/06\/CDB1-600x336.jpg 600w, https:\/\/www.milesi.com\/wp-content\/uploads\/2022\/06\/CDB1.jpg 1653w\" sizes=\"(max-width: 1024px) 100vw, 1024px\" \/><\/p>\n<p>&nbsp;<\/p>\n<p><strong>Milesi Vernis France<\/strong> a particip\u00e9 au <strong>Carrefour International du Bois<\/strong>, l\u2019un des salons les plus importants au niveau europ\u00e9en pour le secteur du bois, qui s\u2019est tenu \u00e0 Nantes du 1er au 3 juin.<\/p>\n<p>C\u2019\u00e9tait pour Milesi l\u2019occasion de pr\u00e9senter au march\u00e9 fran\u00e7ais les solutions les plus innovantes pour un vernissage \u00e0 la pointe de l\u2019art, qui prot\u00e8ge et valorise le bois.<\/p>\n<p>Le design color\u00e9 et sc\u00e9nographique du stand divisait l\u2019espace d\u2019exposition en deux zones, l\u2019une d\u00e9di\u00e9e aux finitions \u00e0 l\u2019eau pour ext\u00e9rieur, et l\u2019autre avec un focus sur le monde du parquet et des solutions \u00e0 l\u2019eau pour int\u00e9rieur.<\/p>\n<p>Plus de 11000 visiteurs \u00e9taient attendus pour cette kermesse enti\u00e8rement d\u00e9di\u00e9e aux professionnels du bois, qui fait de la sp\u00e9cialisation et de la qualit\u00e9 des offres ses atouts ma\u00eetres.<\/p>\n<p>Un bilan extr\u00eamement positif de la participation de Milesi au Carrefour International du Bois. Un tr\u00e8s grand int\u00e9r\u00eat de la part des utilisateurs pour les vernis Green, pour les solutions pour terrasses, parquets, pour les nouveaux cycles \u00e0 l\u2019eau pour int\u00e9rieur. Tous ont grandement appr\u00e9ci\u00e9 le savoir-faire et la comp\u00e9tence technique de Milesi, qui est toujours pr\u00e9sent au quotidien pour d\u00e9velopper avec eux des solutions innovantes.<\/p>\n<p>&nbsp;<\/p>\n<p style=\"text-align: center;\"><img loading=\"lazy\" decoding=\"async\" class=\"alignnone wp-image-18854\" src=\"https:\/\/www.milesi.com\/wp-content\/uploads\/2022\/06\/CDB3-1024x577.jpg\" alt=\"\" width=\"486\" height=\"274\" srcset=\"https:\/\/www.milesi.com\/wp-content\/uploads\/2022\/06\/CDB3-1024x577.jpg 1024w, https:\/\/www.milesi.com\/wp-content\/uploads\/2022\/06\/CDB3-300x169.jpg 300w, https:\/\/www.milesi.com\/wp-content\/uploads\/2022\/06\/CDB3-768x433.jpg 768w, https:\/\/www.milesi.com\/wp-content\/uploads\/2022\/06\/CDB3-1536x865.jpg 1536w, https:\/\/www.milesi.com\/wp-content\/uploads\/2022\/06\/CDB3-24x14.jpg 24w, https:\/\/www.milesi.com\/wp-content\/uploads\/2022\/06\/CDB3-36x20.jpg 36w, https:\/\/www.milesi.com\/wp-content\/uploads\/2022\/06\/CDB3-256x144.jpg 256w, https:\/\/www.milesi.com\/wp-content\/uploads\/2022\/06\/CDB3-600x338.jpg 600w, https:\/\/www.milesi.com\/wp-content\/uploads\/2022\/06\/CDB3.jpg 1646w\" sizes=\"(max-width: 486px) 100vw, 486px\" \/>\u00a0 \u00a0 \u00a0 \u00a0 \u00a0 \u00a0 \u00a0 \u00a0 <img loading=\"lazy\" decoding=\"async\" class=\"alignnone wp-image-18860\" src=\"https:\/\/www.milesi.com\/wp-content\/uploads\/2022\/06\/CDB2-1024x577.jpg\" alt=\"\" width=\"486\" height=\"274\" srcset=\"https:\/\/www.milesi.com\/wp-content\/uploads\/2022\/06\/CDB2-1024x577.jpg 1024w, https:\/\/www.milesi.com\/wp-content\/uploads\/2022\/06\/CDB2-300x169.jpg 300w, https:\/\/www.milesi.com\/wp-content\/uploads\/2022\/06\/CDB2-768x432.jpg 768w, https:\/\/www.milesi.com\/wp-content\/uploads\/2022\/06\/CDB2-1536x865.jpg 1536w, https:\/\/www.milesi.com\/wp-content\/uploads\/2022\/06\/CDB2-24x14.jpg 24w, https:\/\/www.milesi.com\/wp-content\/uploads\/2022\/06\/CDB2-36x20.jpg 36w, https:\/\/www.milesi.com\/wp-content\/uploads\/2022\/06\/CDB2-256x144.jpg 256w, https:\/\/www.milesi.com\/wp-content\/uploads\/2022\/06\/CDB2-600x338.jpg 600w, https:\/\/www.milesi.com\/wp-content\/uploads\/2022\/06\/CDB2.jpg 1650w\" sizes=\"(max-width: 486px) 100vw, 486px\" \/><\/p>\n<p>&nbsp;<\/p>\n<p style=\"text-align: justify;\"><span style=\"font-size: 10pt;\">Juin 2022<\/span><\/p>\n<p style=\"text-align: justify;\">\n","protected":false},"excerpt":{"rendered":"<p>&nbsp; Milesi Vernis France a particip\u00e9 au Carrefour International du Bois, l\u2019un des salons les plus importants au niveau europ\u00e9en pour le secteur du bois, qui s\u2019est tenu \u00e0 Nantes du 1er au 3 juin. C\u2019\u00e9tait pour Milesi l\u2019occasion de pr\u00e9senter au march\u00e9 fran\u00e7ais les solutions les plus innovantes pour un vernissage \u00e0 la pointe [&hellip;]<\/p>\n","protected":false},"author":5,"featured_media":18874,"comment_status":"closed","ping_status":"closed","sticky":false,"template":"","format":"standard","meta":{"_et_pb_use_builder":"","_et_pb_old_content":"","_et_gb_content_width":"","footnotes":""},"categories":[819],"tags":[],"class_list":["post-18887","post","type-post","status-publish","format-standard","has-post-thumbnail","hentry","category-nouvelles"],"yoast_head":"<!-- This site is optimized with the Yoast SEO plugin v27.3 - https:\/\/yoast.com\/product\/yoast-seo-wordpress\/ -->\n<title>MILESI AU CARREFOUR INTERNATIONAL DU BOIS - Milesi<\/title>\n<meta name=\"robots\" content=\"index, follow, max-snippet:-1, max-image-preview:large, max-video-preview:-1\" \/>\n<link rel=\"canonical\" href=\"https:\/\/www.milesi.com\/fr\/milesi-a-carrefour-international-du-bois\/\" \/>\n<meta property=\"og:locale\" content=\"fr_FR\" \/>\n<meta property=\"og:type\" content=\"article\" \/>\n<meta property=\"og:title\" content=\"MILESI AU CARREFOUR INTERNATIONAL DU BOIS - Milesi\" \/>\n<meta property=\"og:description\" content=\"&nbsp; Milesi Vernis France a particip\u00e9 au Carrefour International du Bois, l\u2019un des salons les plus importants au niveau europ\u00e9en pour le secteur du bois, qui s\u2019est tenu \u00e0 Nantes du 1er au 3 juin. C\u2019\u00e9tait pour Milesi l\u2019occasion de pr\u00e9senter au march\u00e9 fran\u00e7ais les solutions les plus innovantes pour un vernissage \u00e0 la pointe [&hellip;]\" \/>\n<meta property=\"og:url\" content=\"https:\/\/www.milesi.com\/fr\/milesi-a-carrefour-international-du-bois\/\" \/>\n<meta property=\"og:site_name\" content=\"Milesi\" \/>\n<meta property=\"article:publisher\" content=\"https:\/\/www.facebook.com\/MilesiVernici\" \/>\n<meta property=\"article:published_time\" content=\"2022-06-06T12:21:20+00:00\" \/>\n<meta property=\"article:modified_time\" content=\"2022-06-30T09:37:50+00:00\" \/>\n<meta property=\"og:image\" content=\"https:\/\/www.milesi.com\/wp-content\/uploads\/2022\/06\/CDB-quadrata.jpg\" \/>\n\t<meta property=\"og:image:width\" content=\"556\" \/>\n\t<meta property=\"og:image:height\" content=\"548\" \/>\n\t<meta property=\"og:image:type\" content=\"image\/jpeg\" \/>\n<meta name=\"author\" content=\"User\" \/>\n<meta name=\"twitter:card\" content=\"summary_large_image\" \/>\n<meta name=\"twitter:label1\" content=\"\u00c9crit par\" \/>\n\t<meta name=\"twitter:data1\" content=\"User\" \/>\n\t<meta name=\"twitter:label2\" content=\"Dur\u00e9e de lecture estim\u00e9e\" \/>\n\t<meta name=\"twitter:data2\" content=\"2 minutes\" \/>\n<script type=\"application\/ld+json\" class=\"yoast-schema-graph\">{\"@context\":\"https:\\\/\\\/schema.org\",\"@graph\":[{\"@type\":\"Article\",\"@id\":\"https:\\\/\\\/www.milesi.com\\\/fr\\\/milesi-a-carrefour-international-du-bois\\\/#article\",\"isPartOf\":{\"@id\":\"https:\\\/\\\/www.milesi.com\\\/fr\\\/milesi-a-carrefour-international-du-bois\\\/\"},\"author\":{\"name\":\"User\",\"@id\":\"https:\\\/\\\/www.milesi.com\\\/fr\\\/#\\\/schema\\\/person\\\/efe9c5f0d5dc8ecccf853a392e5aacdd\"},\"headline\":\"MILESI AU CARREFOUR INTERNATIONAL DU BOIS\",\"datePublished\":\"2022-06-06T12:21:20+00:00\",\"dateModified\":\"2022-06-30T09:37:50+00:00\",\"mainEntityOfPage\":{\"@id\":\"https:\\\/\\\/www.milesi.com\\\/fr\\\/milesi-a-carrefour-international-du-bois\\\/\"},\"wordCount\":233,\"publisher\":{\"@id\":\"https:\\\/\\\/www.milesi.com\\\/fr\\\/#organization\"},\"image\":{\"@id\":\"https:\\\/\\\/www.milesi.com\\\/fr\\\/milesi-a-carrefour-international-du-bois\\\/#primaryimage\"},\"thumbnailUrl\":\"https:\\\/\\\/www.milesi.com\\\/wp-content\\\/uploads\\\/2022\\\/06\\\/CDB-quadrata.jpg\",\"articleSection\":[\"Nouvelles\"],\"inLanguage\":\"fr-FR\"},{\"@type\":\"WebPage\",\"@id\":\"https:\\\/\\\/www.milesi.com\\\/fr\\\/milesi-a-carrefour-international-du-bois\\\/\",\"url\":\"https:\\\/\\\/www.milesi.com\\\/fr\\\/milesi-a-carrefour-international-du-bois\\\/\",\"name\":\"MILESI AU CARREFOUR INTERNATIONAL DU BOIS - Milesi\",\"isPartOf\":{\"@id\":\"https:\\\/\\\/www.milesi.com\\\/fr\\\/#website\"},\"primaryImageOfPage\":{\"@id\":\"https:\\\/\\\/www.milesi.com\\\/fr\\\/milesi-a-carrefour-international-du-bois\\\/#primaryimage\"},\"image\":{\"@id\":\"https:\\\/\\\/www.milesi.com\\\/fr\\\/milesi-a-carrefour-international-du-bois\\\/#primaryimage\"},\"thumbnailUrl\":\"https:\\\/\\\/www.milesi.com\\\/wp-content\\\/uploads\\\/2022\\\/06\\\/CDB-quadrata.jpg\",\"datePublished\":\"2022-06-06T12:21:20+00:00\",\"dateModified\":\"2022-06-30T09:37:50+00:00\",\"breadcrumb\":{\"@id\":\"https:\\\/\\\/www.milesi.com\\\/fr\\\/milesi-a-carrefour-international-du-bois\\\/#breadcrumb\"},\"inLanguage\":\"fr-FR\",\"potentialAction\":[{\"@type\":\"ReadAction\",\"target\":[\"https:\\\/\\\/www.milesi.com\\\/fr\\\/milesi-a-carrefour-international-du-bois\\\/\"]}]},{\"@type\":\"ImageObject\",\"inLanguage\":\"fr-FR\",\"@id\":\"https:\\\/\\\/www.milesi.com\\\/fr\\\/milesi-a-carrefour-international-du-bois\\\/#primaryimage\",\"url\":\"https:\\\/\\\/www.milesi.com\\\/wp-content\\\/uploads\\\/2022\\\/06\\\/CDB-quadrata.jpg\",\"contentUrl\":\"https:\\\/\\\/www.milesi.com\\\/wp-content\\\/uploads\\\/2022\\\/06\\\/CDB-quadrata.jpg\",\"width\":556,\"height\":548},{\"@type\":\"BreadcrumbList\",\"@id\":\"https:\\\/\\\/www.milesi.com\\\/fr\\\/milesi-a-carrefour-international-du-bois\\\/#breadcrumb\",\"itemListElement\":[{\"@type\":\"ListItem\",\"position\":1,\"name\":\"Milesi - Vernis pour bois\",\"item\":\"https:\\\/\\\/www.milesi.com\\\/fr\\\/\"},{\"@type\":\"ListItem\",\"position\":2,\"name\":\"MILESI AU CARREFOUR INTERNATIONAL DU BOIS\"}]},{\"@type\":\"WebSite\",\"@id\":\"https:\\\/\\\/www.milesi.com\\\/fr\\\/#website\",\"url\":\"https:\\\/\\\/www.milesi.com\\\/fr\\\/\",\"name\":\"Milesi Vernici per il legno\",\"description\":\"Vernis pour bois\",\"publisher\":{\"@id\":\"https:\\\/\\\/www.milesi.com\\\/fr\\\/#organization\"},\"alternateName\":\"Milesi\",\"potentialAction\":[{\"@type\":\"SearchAction\",\"target\":{\"@type\":\"EntryPoint\",\"urlTemplate\":\"https:\\\/\\\/www.milesi.com\\\/fr\\\/?s={search_term_string}\"},\"query-input\":{\"@type\":\"PropertyValueSpecification\",\"valueRequired\":true,\"valueName\":\"search_term_string\"}}],\"inLanguage\":\"fr-FR\"},{\"@type\":\"Organization\",\"@id\":\"https:\\\/\\\/www.milesi.com\\\/fr\\\/#organization\",\"name\":\"Milesi Vernici\",\"alternateName\":\"Milesi\",\"url\":\"https:\\\/\\\/www.milesi.com\\\/fr\\\/\",\"logo\":{\"@type\":\"ImageObject\",\"inLanguage\":\"fr-FR\",\"@id\":\"https:\\\/\\\/www.milesi.com\\\/fr\\\/#\\\/schema\\\/logo\\\/image\\\/\",\"url\":\"https:\\\/\\\/www.milesi.com\\\/wp-content\\\/uploads\\\/2022\\\/12\\\/milesi-web.png\",\"contentUrl\":\"https:\\\/\\\/www.milesi.com\\\/wp-content\\\/uploads\\\/2022\\\/12\\\/milesi-web.png\",\"width\":100,\"height\":101,\"caption\":\"Milesi Vernici\"},\"image\":{\"@id\":\"https:\\\/\\\/www.milesi.com\\\/fr\\\/#\\\/schema\\\/logo\\\/image\\\/\"},\"sameAs\":[\"https:\\\/\\\/www.facebook.com\\\/MilesiVernici\",\"https:\\\/\\\/www.youtube.com\\\/channel\\\/UCgULN6yzPgE9usmMi3CP5hQ\",\"https:\\\/\\\/www.instagram.com\\\/milesiverniciperlegno\\\/\",\"https:\\\/\\\/vimeo.com\\\/user117001108\",\"https:\\\/\\\/www.linkedin.com\\\/company\\\/milesiwoodcoatings\\\/\"]},{\"@type\":\"Person\",\"@id\":\"https:\\\/\\\/www.milesi.com\\\/fr\\\/#\\\/schema\\\/person\\\/efe9c5f0d5dc8ecccf853a392e5aacdd\",\"name\":\"User\"}]}<\/script>\n<!-- \/ Yoast SEO plugin. -->","yoast_head_json":{"title":"MILESI AU CARREFOUR INTERNATIONAL DU BOIS - Milesi","robots":{"index":"index","follow":"follow","max-snippet":"max-snippet:-1","max-image-preview":"max-image-preview:large","max-video-preview":"max-video-preview:-1"},"canonical":"https:\/\/www.milesi.com\/fr\/milesi-a-carrefour-international-du-bois\/","og_locale":"fr_FR","og_type":"article","og_title":"MILESI AU CARREFOUR INTERNATIONAL DU BOIS - Milesi","og_description":"&nbsp; Milesi Vernis France a particip\u00e9 au Carrefour International du Bois, l\u2019un des salons les plus importants au niveau europ\u00e9en pour le secteur du bois, qui s\u2019est tenu \u00e0 Nantes du 1er au 3 juin. C\u2019\u00e9tait pour Milesi l\u2019occasion de pr\u00e9senter au march\u00e9 fran\u00e7ais les solutions les plus innovantes pour un vernissage \u00e0 la pointe [&hellip;]","og_url":"https:\/\/www.milesi.com\/fr\/milesi-a-carrefour-international-du-bois\/","og_site_name":"Milesi","article_publisher":"https:\/\/www.facebook.com\/MilesiVernici","article_published_time":"2022-06-06T12:21:20+00:00","article_modified_time":"2022-06-30T09:37:50+00:00","og_image":[{"width":556,"height":548,"url":"https:\/\/www.milesi.com\/wp-content\/uploads\/2022\/06\/CDB-quadrata.jpg","type":"image\/jpeg"}],"author":"User","twitter_card":"summary_large_image","twitter_misc":{"\u00c9crit par":"User","Dur\u00e9e de lecture estim\u00e9e":"2 minutes"},"schema":{"@context":"https:\/\/schema.org","@graph":[{"@type":"Article","@id":"https:\/\/www.milesi.com\/fr\/milesi-a-carrefour-international-du-bois\/#article","isPartOf":{"@id":"https:\/\/www.milesi.com\/fr\/milesi-a-carrefour-international-du-bois\/"},"author":{"name":"User","@id":"https:\/\/www.milesi.com\/fr\/#\/schema\/person\/efe9c5f0d5dc8ecccf853a392e5aacdd"},"headline":"MILESI AU CARREFOUR INTERNATIONAL DU BOIS","datePublished":"2022-06-06T12:21:20+00:00","dateModified":"2022-06-30T09:37:50+00:00","mainEntityOfPage":{"@id":"https:\/\/www.milesi.com\/fr\/milesi-a-carrefour-international-du-bois\/"},"wordCount":233,"publisher":{"@id":"https:\/\/www.milesi.com\/fr\/#organization"},"image":{"@id":"https:\/\/www.milesi.com\/fr\/milesi-a-carrefour-international-du-bois\/#primaryimage"},"thumbnailUrl":"https:\/\/www.milesi.com\/wp-content\/uploads\/2022\/06\/CDB-quadrata.jpg","articleSection":["Nouvelles"],"inLanguage":"fr-FR"},{"@type":"WebPage","@id":"https:\/\/www.milesi.com\/fr\/milesi-a-carrefour-international-du-bois\/","url":"https:\/\/www.milesi.com\/fr\/milesi-a-carrefour-international-du-bois\/","name":"MILESI AU CARREFOUR INTERNATIONAL DU BOIS - Milesi","isPartOf":{"@id":"https:\/\/www.milesi.com\/fr\/#website"},"primaryImageOfPage":{"@id":"https:\/\/www.milesi.com\/fr\/milesi-a-carrefour-international-du-bois\/#primaryimage"},"image":{"@id":"https:\/\/www.milesi.com\/fr\/milesi-a-carrefour-international-du-bois\/#primaryimage"},"thumbnailUrl":"https:\/\/www.milesi.com\/wp-content\/uploads\/2022\/06\/CDB-quadrata.jpg","datePublished":"2022-06-06T12:21:20+00:00","dateModified":"2022-06-30T09:37:50+00:00","breadcrumb":{"@id":"https:\/\/www.milesi.com\/fr\/milesi-a-carrefour-international-du-bois\/#breadcrumb"},"inLanguage":"fr-FR","potentialAction":[{"@type":"ReadAction","target":["https:\/\/www.milesi.com\/fr\/milesi-a-carrefour-international-du-bois\/"]}]},{"@type":"ImageObject","inLanguage":"fr-FR","@id":"https:\/\/www.milesi.com\/fr\/milesi-a-carrefour-international-du-bois\/#primaryimage","url":"https:\/\/www.milesi.com\/wp-content\/uploads\/2022\/06\/CDB-quadrata.jpg","contentUrl":"https:\/\/www.milesi.com\/wp-content\/uploads\/2022\/06\/CDB-quadrata.jpg","width":556,"height":548},{"@type":"BreadcrumbList","@id":"https:\/\/www.milesi.com\/fr\/milesi-a-carrefour-international-du-bois\/#breadcrumb","itemListElement":[{"@type":"ListItem","position":1,"name":"Milesi - Vernis pour bois","item":"https:\/\/www.milesi.com\/fr\/"},{"@type":"ListItem","position":2,"name":"MILESI AU CARREFOUR INTERNATIONAL DU BOIS"}]},{"@type":"WebSite","@id":"https:\/\/www.milesi.com\/fr\/#website","url":"https:\/\/www.milesi.com\/fr\/","name":"Milesi Vernici per il legno","description":"Vernis pour bois","publisher":{"@id":"https:\/\/www.milesi.com\/fr\/#organization"},"alternateName":"Milesi","potentialAction":[{"@type":"SearchAction","target":{"@type":"EntryPoint","urlTemplate":"https:\/\/www.milesi.com\/fr\/?s={search_term_string}"},"query-input":{"@type":"PropertyValueSpecification","valueRequired":true,"valueName":"search_term_string"}}],"inLanguage":"fr-FR"},{"@type":"Organization","@id":"https:\/\/www.milesi.com\/fr\/#organization","name":"Milesi Vernici","alternateName":"Milesi","url":"https:\/\/www.milesi.com\/fr\/","logo":{"@type":"ImageObject","inLanguage":"fr-FR","@id":"https:\/\/www.milesi.com\/fr\/#\/schema\/logo\/image\/","url":"https:\/\/www.milesi.com\/wp-content\/uploads\/2022\/12\/milesi-web.png","contentUrl":"https:\/\/www.milesi.com\/wp-content\/uploads\/2022\/12\/milesi-web.png","width":100,"height":101,"caption":"Milesi Vernici"},"image":{"@id":"https:\/\/www.milesi.com\/fr\/#\/schema\/logo\/image\/"},"sameAs":["https:\/\/www.facebook.com\/MilesiVernici","https:\/\/www.youtube.com\/channel\/UCgULN6yzPgE9usmMi3CP5hQ","https:\/\/www.instagram.com\/milesiverniciperlegno\/","https:\/\/vimeo.com\/user117001108","https:\/\/www.linkedin.com\/company\/milesiwoodcoatings\/"]},{"@type":"Person","@id":"https:\/\/www.milesi.com\/fr\/#\/schema\/person\/efe9c5f0d5dc8ecccf853a392e5aacdd","name":"User"}]}},"_links":{"self":[{"href":"https:\/\/www.milesi.com\/fr\/wp-json\/wp\/v2\/posts\/18887","targetHints":{"allow":["GET"]}}],"collection":[{"href":"https:\/\/www.milesi.com\/fr\/wp-json\/wp\/v2\/posts"}],"about":[{"href":"https:\/\/www.milesi.com\/fr\/wp-json\/wp\/v2\/types\/post"}],"author":[{"embeddable":true,"href":"https:\/\/www.milesi.com\/fr\/wp-json\/wp\/v2\/users\/5"}],"replies":[{"embeddable":true,"href":"https:\/\/www.milesi.com\/fr\/wp-json\/wp\/v2\/comments?post=18887"}],"version-history":[{"count":0,"href":"https:\/\/www.milesi.com\/fr\/wp-json\/wp\/v2\/posts\/18887\/revisions"}],"wp:featuredmedia":[{"embeddable":true,"href":"https:\/\/www.milesi.com\/fr\/wp-json\/wp\/v2\/media\/18874"}],"wp:attachment":[{"href":"https:\/\/www.milesi.com\/fr\/wp-json\/wp\/v2\/media?parent=18887"}],"wp:term":[{"taxonomy":"category","embeddable":true,"href":"https:\/\/www.milesi.com\/fr\/wp-json\/wp\/v2\/categories?post=18887"},{"taxonomy":"post_tag","embeddable":true,"href":"https:\/\/www.milesi.com\/fr\/wp-json\/wp\/v2\/tags?post=18887"}],"curies":[{"name":"wp","href":"https:\/\/api.w.org\/{rel}","templated":true}]}}