{"id":19366,"date":"2022-09-09T14:59:23","date_gmt":"2022-09-09T12:59:23","guid":{"rendered":"https:\/\/www.milesi.com\/?p=19366"},"modified":"2022-09-09T15:02:40","modified_gmt":"2022-09-09T13:02:40","slug":"milesi-vernis-pour-carapate","status":"publish","type":"post","link":"https:\/\/www.milesi.com\/fr\/milesi-vernis-pour-carapate\/","title":{"rendered":"MILESI VERNIS POUR CARAPATE"},"content":{"rendered":"<h1 style=\"text-align: center;\"><strong>UN PROJET DE MOBILITE EBN PLEINE NATURE<\/strong><\/h1>\n<p><img loading=\"lazy\" decoding=\"async\" class=\"alignnone size-full wp-image-19310 aligncenter\" src=\"https:\/\/www.milesi.com\/wp-content\/uploads\/2022\/09\/mini-caravane-carapate-1024x384-1.jpg\" alt=\"\" width=\"1024\" height=\"384\" srcset=\"https:\/\/www.milesi.com\/wp-content\/uploads\/2022\/09\/mini-caravane-carapate-1024x384-1.jpg 1024w, https:\/\/www.milesi.com\/wp-content\/uploads\/2022\/09\/mini-caravane-carapate-1024x384-1-300x113.jpg 300w, https:\/\/www.milesi.com\/wp-content\/uploads\/2022\/09\/mini-caravane-carapate-1024x384-1-768x288.jpg 768w, https:\/\/www.milesi.com\/wp-content\/uploads\/2022\/09\/mini-caravane-carapate-1024x384-1-24x9.jpg 24w, https:\/\/www.milesi.com\/wp-content\/uploads\/2022\/09\/mini-caravane-carapate-1024x384-1-36x14.jpg 36w, https:\/\/www.milesi.com\/wp-content\/uploads\/2022\/09\/mini-caravane-carapate-1024x384-1-256x96.jpg 256w, https:\/\/www.milesi.com\/wp-content\/uploads\/2022\/09\/mini-caravane-carapate-1024x384-1-600x225.jpg 600w\" sizes=\"(max-width: 1024px) 100vw, 1024px\" \/><\/p>\n<p style=\"text-align: justify;\"><strong>\u00a0 \u00a0 \u00a0 \u00a0 \u00a0 \u00a0 \u00a0 \u00a0 \u00a0 \u00a0 \u00a0 \u00a0 \u00a0 \u00a0 \u00a0 \u00a0 \u00a0 \u00a0 \u00a0 \u00a0 \u00a0 \u00a0 \u00a0 \u00a0 \u00a0 \u00a0 \u00a0 \u00a0 \u00a0 \u00a0 \u00a0 \u00a0 \u00a0 \u00a0 \u00a0 \u00a0 \u00a0 \u00a0 \u00a0 \u00a0 \u00a0 \u00a0 \u00a0 \u00a0 \u00a0<\/strong><\/p>\n<p>La soci\u00e9t\u00e9 Carapate a choisi les produits Milesi pour la finition de sa caravane compacte au design retro et \u00e0 l\u2019\u00e2me \u00e9cologique.<\/p>\n<p>Construite principalement avec des \u00e9l\u00e9ments en bois, Carapate est dot\u00e9e de panneaux solaires qui lui permettent d\u2019\u00eatre autonome en \u00e9nergie.<\/p>\n<p>Ses dimensions compactes minimisent la consommation de carburant n\u00e9cessaire \u00e0 son transport. Sa fabrication aussi suit des crit\u00e8res \u00e9thiques et sociaux au travers d\u2019une fili\u00e8re courte qui implique des partenaires locaux.<\/p>\n<p>Parfaits pour prot\u00e9ger de mani\u00e8re durable l\u2019\u00e2me naturelle du bois, les produits de la gamme Milesi partagent pleinement cette volont\u00e9 de promotion d\u2019une mobilit\u00e9 et d\u2019un style de vie plus durable.<\/p>\n<p>Avec Carapate et son partenariat avec Milesi, d\u00e9butez un voyage original et in\u00e9dit en pleine nature !<\/p>\n<p>&nbsp;<\/p>\n<p style=\"text-align: center;\"><img loading=\"lazy\" decoding=\"async\" class=\"alignnone wp-image-19314\" src=\"https:\/\/www.milesi.com\/wp-content\/uploads\/2022\/09\/location-carapate-min.jpg\" alt=\"\" width=\"337\" height=\"337\" srcset=\"https:\/\/www.milesi.com\/wp-content\/uploads\/2022\/09\/location-carapate-min.jpg 400w, https:\/\/www.milesi.com\/wp-content\/uploads\/2022\/09\/location-carapate-min-300x300.jpg 300w, https:\/\/www.milesi.com\/wp-content\/uploads\/2022\/09\/location-carapate-min-150x150.jpg 150w, https:\/\/www.milesi.com\/wp-content\/uploads\/2022\/09\/location-carapate-min-24x24.jpg 24w, https:\/\/www.milesi.com\/wp-content\/uploads\/2022\/09\/location-carapate-min-36x36.jpg 36w, https:\/\/www.milesi.com\/wp-content\/uploads\/2022\/09\/location-carapate-min-256x256.jpg 256w, https:\/\/www.milesi.com\/wp-content\/uploads\/2022\/09\/location-carapate-min-100x100.jpg 100w\" sizes=\"(max-width: 337px) 100vw, 337px\" \/> <img loading=\"lazy\" decoding=\"async\" class=\"alignnone wp-image-19334\" src=\"https:\/\/www.milesi.com\/wp-content\/uploads\/2022\/09\/porte-interieure-carapate.jpg\" alt=\"\" width=\"335\" height=\"335\" srcset=\"https:\/\/www.milesi.com\/wp-content\/uploads\/2022\/09\/porte-interieure-carapate.jpg 1000w, https:\/\/www.milesi.com\/wp-content\/uploads\/2022\/09\/porte-interieure-carapate-300x300.jpg 300w, https:\/\/www.milesi.com\/wp-content\/uploads\/2022\/09\/porte-interieure-carapate-150x150.jpg 150w, https:\/\/www.milesi.com\/wp-content\/uploads\/2022\/09\/porte-interieure-carapate-768x768.jpg 768w, https:\/\/www.milesi.com\/wp-content\/uploads\/2022\/09\/porte-interieure-carapate-24x24.jpg 24w, https:\/\/www.milesi.com\/wp-content\/uploads\/2022\/09\/porte-interieure-carapate-36x36.jpg 36w, https:\/\/www.milesi.com\/wp-content\/uploads\/2022\/09\/porte-interieure-carapate-256x256.jpg 256w, https:\/\/www.milesi.com\/wp-content\/uploads\/2022\/09\/porte-interieure-carapate-600x600.jpg 600w, https:\/\/www.milesi.com\/wp-content\/uploads\/2022\/09\/porte-interieure-carapate-100x100.jpg 100w\" sizes=\"(max-width: 335px) 100vw, 335px\" \/> <img loading=\"lazy\" decoding=\"async\" class=\"alignnone wp-image-19340\" src=\"https:\/\/www.milesi.com\/wp-content\/uploads\/2022\/09\/porte-laterale-carriole.jpg\" alt=\"\" width=\"334\" height=\"334\" srcset=\"https:\/\/www.milesi.com\/wp-content\/uploads\/2022\/09\/porte-laterale-carriole.jpg 1000w, https:\/\/www.milesi.com\/wp-content\/uploads\/2022\/09\/porte-laterale-carriole-300x300.jpg 300w, https:\/\/www.milesi.com\/wp-content\/uploads\/2022\/09\/porte-laterale-carriole-150x150.jpg 150w, https:\/\/www.milesi.com\/wp-content\/uploads\/2022\/09\/porte-laterale-carriole-768x768.jpg 768w, https:\/\/www.milesi.com\/wp-content\/uploads\/2022\/09\/porte-laterale-carriole-24x24.jpg 24w, https:\/\/www.milesi.com\/wp-content\/uploads\/2022\/09\/porte-laterale-carriole-36x36.jpg 36w, https:\/\/www.milesi.com\/wp-content\/uploads\/2022\/09\/porte-laterale-carriole-256x256.jpg 256w, https:\/\/www.milesi.com\/wp-content\/uploads\/2022\/09\/porte-laterale-carriole-600x600.jpg 600w, https:\/\/www.milesi.com\/wp-content\/uploads\/2022\/09\/porte-laterale-carriole-100x100.jpg 100w\" sizes=\"(max-width: 334px) 100vw, 334px\" \/><\/p>\n<p>&nbsp;<\/p>\n<p style=\"text-align: left;\"><span style=\"font-size: 10pt;\">Septembre 2022<\/span><\/p>\n","protected":false},"excerpt":{"rendered":"<p>UN PROJET DE MOBILITE EBN PLEINE NATURE \u00a0 \u00a0 \u00a0 \u00a0 \u00a0 \u00a0 \u00a0 \u00a0 \u00a0 \u00a0 \u00a0 \u00a0 \u00a0 \u00a0 \u00a0 \u00a0 \u00a0 \u00a0 \u00a0 \u00a0 \u00a0 \u00a0 \u00a0 \u00a0 \u00a0 \u00a0 \u00a0 \u00a0 \u00a0 \u00a0 \u00a0 \u00a0 \u00a0 \u00a0 \u00a0 \u00a0 \u00a0 \u00a0 \u00a0 \u00a0 \u00a0 \u00a0 \u00a0 \u00a0 \u00a0 La soci\u00e9t\u00e9 Carapate [&hellip;]<\/p>\n","protected":false},"author":5,"featured_media":19362,"comment_status":"closed","ping_status":"closed","sticky":false,"template":"","format":"standard","meta":{"_et_pb_use_builder":"","_et_pb_old_content":"","_et_gb_content_width":"","footnotes":""},"categories":[819],"tags":[],"class_list":["post-19366","post","type-post","status-publish","format-standard","has-post-thumbnail","hentry","category-nouvelles"],"yoast_head":"<!-- This site is optimized with the Yoast SEO plugin v27.3 - https:\/\/yoast.com\/product\/yoast-seo-wordpress\/ -->\n<title>MILESI VERNIS POUR CARAPATE - Milesi<\/title>\n<meta name=\"robots\" content=\"index, follow, max-snippet:-1, max-image-preview:large, max-video-preview:-1\" \/>\n<link rel=\"canonical\" href=\"https:\/\/www.milesi.com\/fr\/milesi-vernis-pour-carapate\/\" \/>\n<meta property=\"og:locale\" content=\"fr_FR\" \/>\n<meta property=\"og:type\" content=\"article\" \/>\n<meta property=\"og:title\" content=\"MILESI VERNIS POUR CARAPATE - Milesi\" \/>\n<meta property=\"og:description\" content=\"UN PROJET DE MOBILITE EBN PLEINE NATURE \u00a0 \u00a0 \u00a0 \u00a0 \u00a0 \u00a0 \u00a0 \u00a0 \u00a0 \u00a0 \u00a0 \u00a0 \u00a0 \u00a0 \u00a0 \u00a0 \u00a0 \u00a0 \u00a0 \u00a0 \u00a0 \u00a0 \u00a0 \u00a0 \u00a0 \u00a0 \u00a0 \u00a0 \u00a0 \u00a0 \u00a0 \u00a0 \u00a0 \u00a0 \u00a0 \u00a0 \u00a0 \u00a0 \u00a0 \u00a0 \u00a0 \u00a0 \u00a0 \u00a0 \u00a0 La soci\u00e9t\u00e9 Carapate [&hellip;]\" \/>\n<meta property=\"og:url\" content=\"https:\/\/www.milesi.com\/fr\/milesi-vernis-pour-carapate\/\" \/>\n<meta property=\"og:site_name\" content=\"Milesi\" \/>\n<meta property=\"article:publisher\" content=\"https:\/\/www.facebook.com\/MilesiVernici\" \/>\n<meta property=\"article:published_time\" content=\"2022-09-09T12:59:23+00:00\" \/>\n<meta property=\"article:modified_time\" content=\"2022-09-09T13:02:40+00:00\" \/>\n<meta property=\"og:image\" content=\"https:\/\/www.milesi.com\/wp-content\/uploads\/2022\/09\/Quadrata-Urbania-copia-e1662727861330.jpg\" \/>\n\t<meta property=\"og:image:width\" content=\"454\" \/>\n\t<meta property=\"og:image:height\" content=\"450\" \/>\n\t<meta property=\"og:image:type\" content=\"image\/jpeg\" \/>\n<meta name=\"author\" content=\"User\" \/>\n<meta name=\"twitter:card\" content=\"summary_large_image\" \/>\n<meta name=\"twitter:label1\" content=\"\u00c9crit par\" \/>\n\t<meta name=\"twitter:data1\" content=\"User\" \/>\n\t<meta name=\"twitter:label2\" content=\"Dur\u00e9e de lecture estim\u00e9e\" \/>\n\t<meta name=\"twitter:data2\" content=\"2 minutes\" \/>\n<script type=\"application\/ld+json\" class=\"yoast-schema-graph\">{\"@context\":\"https:\\\/\\\/schema.org\",\"@graph\":[{\"@type\":\"Article\",\"@id\":\"https:\\\/\\\/www.milesi.com\\\/fr\\\/milesi-vernis-pour-carapate\\\/#article\",\"isPartOf\":{\"@id\":\"https:\\\/\\\/www.milesi.com\\\/fr\\\/milesi-vernis-pour-carapate\\\/\"},\"author\":{\"name\":\"User\",\"@id\":\"https:\\\/\\\/www.milesi.com\\\/fr\\\/#\\\/schema\\\/person\\\/efe9c5f0d5dc8ecccf853a392e5aacdd\"},\"headline\":\"MILESI VERNIS POUR CARAPATE\",\"datePublished\":\"2022-09-09T12:59:23+00:00\",\"dateModified\":\"2022-09-09T13:02:40+00:00\",\"mainEntityOfPage\":{\"@id\":\"https:\\\/\\\/www.milesi.com\\\/fr\\\/milesi-vernis-pour-carapate\\\/\"},\"wordCount\":148,\"publisher\":{\"@id\":\"https:\\\/\\\/www.milesi.com\\\/fr\\\/#organization\"},\"image\":{\"@id\":\"https:\\\/\\\/www.milesi.com\\\/fr\\\/milesi-vernis-pour-carapate\\\/#primaryimage\"},\"thumbnailUrl\":\"https:\\\/\\\/www.milesi.com\\\/wp-content\\\/uploads\\\/2022\\\/09\\\/Quadrata-Urbania-copia-e1662727861330.jpg\",\"articleSection\":[\"Nouvelles\"],\"inLanguage\":\"fr-FR\"},{\"@type\":\"WebPage\",\"@id\":\"https:\\\/\\\/www.milesi.com\\\/fr\\\/milesi-vernis-pour-carapate\\\/\",\"url\":\"https:\\\/\\\/www.milesi.com\\\/fr\\\/milesi-vernis-pour-carapate\\\/\",\"name\":\"MILESI VERNIS POUR CARAPATE - Milesi\",\"isPartOf\":{\"@id\":\"https:\\\/\\\/www.milesi.com\\\/fr\\\/#website\"},\"primaryImageOfPage\":{\"@id\":\"https:\\\/\\\/www.milesi.com\\\/fr\\\/milesi-vernis-pour-carapate\\\/#primaryimage\"},\"image\":{\"@id\":\"https:\\\/\\\/www.milesi.com\\\/fr\\\/milesi-vernis-pour-carapate\\\/#primaryimage\"},\"thumbnailUrl\":\"https:\\\/\\\/www.milesi.com\\\/wp-content\\\/uploads\\\/2022\\\/09\\\/Quadrata-Urbania-copia-e1662727861330.jpg\",\"datePublished\":\"2022-09-09T12:59:23+00:00\",\"dateModified\":\"2022-09-09T13:02:40+00:00\",\"breadcrumb\":{\"@id\":\"https:\\\/\\\/www.milesi.com\\\/fr\\\/milesi-vernis-pour-carapate\\\/#breadcrumb\"},\"inLanguage\":\"fr-FR\",\"potentialAction\":[{\"@type\":\"ReadAction\",\"target\":[\"https:\\\/\\\/www.milesi.com\\\/fr\\\/milesi-vernis-pour-carapate\\\/\"]}]},{\"@type\":\"ImageObject\",\"inLanguage\":\"fr-FR\",\"@id\":\"https:\\\/\\\/www.milesi.com\\\/fr\\\/milesi-vernis-pour-carapate\\\/#primaryimage\",\"url\":\"https:\\\/\\\/www.milesi.com\\\/wp-content\\\/uploads\\\/2022\\\/09\\\/Quadrata-Urbania-copia-e1662727861330.jpg\",\"contentUrl\":\"https:\\\/\\\/www.milesi.com\\\/wp-content\\\/uploads\\\/2022\\\/09\\\/Quadrata-Urbania-copia-e1662727861330.jpg\",\"width\":454,\"height\":450},{\"@type\":\"BreadcrumbList\",\"@id\":\"https:\\\/\\\/www.milesi.com\\\/fr\\\/milesi-vernis-pour-carapate\\\/#breadcrumb\",\"itemListElement\":[{\"@type\":\"ListItem\",\"position\":1,\"name\":\"Milesi - Vernis pour bois\",\"item\":\"https:\\\/\\\/www.milesi.com\\\/fr\\\/\"},{\"@type\":\"ListItem\",\"position\":2,\"name\":\"MILESI VERNIS POUR CARAPATE\"}]},{\"@type\":\"WebSite\",\"@id\":\"https:\\\/\\\/www.milesi.com\\\/fr\\\/#website\",\"url\":\"https:\\\/\\\/www.milesi.com\\\/fr\\\/\",\"name\":\"Milesi Vernici per il legno\",\"description\":\"Vernis pour bois\",\"publisher\":{\"@id\":\"https:\\\/\\\/www.milesi.com\\\/fr\\\/#organization\"},\"alternateName\":\"Milesi\",\"potentialAction\":[{\"@type\":\"SearchAction\",\"target\":{\"@type\":\"EntryPoint\",\"urlTemplate\":\"https:\\\/\\\/www.milesi.com\\\/fr\\\/?s={search_term_string}\"},\"query-input\":{\"@type\":\"PropertyValueSpecification\",\"valueRequired\":true,\"valueName\":\"search_term_string\"}}],\"inLanguage\":\"fr-FR\"},{\"@type\":\"Organization\",\"@id\":\"https:\\\/\\\/www.milesi.com\\\/fr\\\/#organization\",\"name\":\"Milesi Vernici\",\"alternateName\":\"Milesi\",\"url\":\"https:\\\/\\\/www.milesi.com\\\/fr\\\/\",\"logo\":{\"@type\":\"ImageObject\",\"inLanguage\":\"fr-FR\",\"@id\":\"https:\\\/\\\/www.milesi.com\\\/fr\\\/#\\\/schema\\\/logo\\\/image\\\/\",\"url\":\"https:\\\/\\\/www.milesi.com\\\/wp-content\\\/uploads\\\/2022\\\/12\\\/milesi-web.png\",\"contentUrl\":\"https:\\\/\\\/www.milesi.com\\\/wp-content\\\/uploads\\\/2022\\\/12\\\/milesi-web.png\",\"width\":100,\"height\":101,\"caption\":\"Milesi Vernici\"},\"image\":{\"@id\":\"https:\\\/\\\/www.milesi.com\\\/fr\\\/#\\\/schema\\\/logo\\\/image\\\/\"},\"sameAs\":[\"https:\\\/\\\/www.facebook.com\\\/MilesiVernici\",\"https:\\\/\\\/www.youtube.com\\\/channel\\\/UCgULN6yzPgE9usmMi3CP5hQ\",\"https:\\\/\\\/www.instagram.com\\\/milesiverniciperlegno\\\/\",\"https:\\\/\\\/vimeo.com\\\/user117001108\",\"https:\\\/\\\/www.linkedin.com\\\/company\\\/milesiwoodcoatings\\\/\"]},{\"@type\":\"Person\",\"@id\":\"https:\\\/\\\/www.milesi.com\\\/fr\\\/#\\\/schema\\\/person\\\/efe9c5f0d5dc8ecccf853a392e5aacdd\",\"name\":\"User\"}]}<\/script>\n<!-- \/ Yoast SEO plugin. -->","yoast_head_json":{"title":"MILESI VERNIS POUR CARAPATE - Milesi","robots":{"index":"index","follow":"follow","max-snippet":"max-snippet:-1","max-image-preview":"max-image-preview:large","max-video-preview":"max-video-preview:-1"},"canonical":"https:\/\/www.milesi.com\/fr\/milesi-vernis-pour-carapate\/","og_locale":"fr_FR","og_type":"article","og_title":"MILESI VERNIS POUR CARAPATE - Milesi","og_description":"UN PROJET DE MOBILITE EBN PLEINE NATURE \u00a0 \u00a0 \u00a0 \u00a0 \u00a0 \u00a0 \u00a0 \u00a0 \u00a0 \u00a0 \u00a0 \u00a0 \u00a0 \u00a0 \u00a0 \u00a0 \u00a0 \u00a0 \u00a0 \u00a0 \u00a0 \u00a0 \u00a0 \u00a0 \u00a0 \u00a0 \u00a0 \u00a0 \u00a0 \u00a0 \u00a0 \u00a0 \u00a0 \u00a0 \u00a0 \u00a0 \u00a0 \u00a0 \u00a0 \u00a0 \u00a0 \u00a0 \u00a0 \u00a0 \u00a0 La soci\u00e9t\u00e9 Carapate [&hellip;]","og_url":"https:\/\/www.milesi.com\/fr\/milesi-vernis-pour-carapate\/","og_site_name":"Milesi","article_publisher":"https:\/\/www.facebook.com\/MilesiVernici","article_published_time":"2022-09-09T12:59:23+00:00","article_modified_time":"2022-09-09T13:02:40+00:00","og_image":[{"width":454,"height":450,"url":"https:\/\/www.milesi.com\/wp-content\/uploads\/2022\/09\/Quadrata-Urbania-copia-e1662727861330.jpg","type":"image\/jpeg"}],"author":"User","twitter_card":"summary_large_image","twitter_misc":{"\u00c9crit par":"User","Dur\u00e9e de lecture estim\u00e9e":"2 minutes"},"schema":{"@context":"https:\/\/schema.org","@graph":[{"@type":"Article","@id":"https:\/\/www.milesi.com\/fr\/milesi-vernis-pour-carapate\/#article","isPartOf":{"@id":"https:\/\/www.milesi.com\/fr\/milesi-vernis-pour-carapate\/"},"author":{"name":"User","@id":"https:\/\/www.milesi.com\/fr\/#\/schema\/person\/efe9c5f0d5dc8ecccf853a392e5aacdd"},"headline":"MILESI VERNIS POUR CARAPATE","datePublished":"2022-09-09T12:59:23+00:00","dateModified":"2022-09-09T13:02:40+00:00","mainEntityOfPage":{"@id":"https:\/\/www.milesi.com\/fr\/milesi-vernis-pour-carapate\/"},"wordCount":148,"publisher":{"@id":"https:\/\/www.milesi.com\/fr\/#organization"},"image":{"@id":"https:\/\/www.milesi.com\/fr\/milesi-vernis-pour-carapate\/#primaryimage"},"thumbnailUrl":"https:\/\/www.milesi.com\/wp-content\/uploads\/2022\/09\/Quadrata-Urbania-copia-e1662727861330.jpg","articleSection":["Nouvelles"],"inLanguage":"fr-FR"},{"@type":"WebPage","@id":"https:\/\/www.milesi.com\/fr\/milesi-vernis-pour-carapate\/","url":"https:\/\/www.milesi.com\/fr\/milesi-vernis-pour-carapate\/","name":"MILESI VERNIS POUR CARAPATE - Milesi","isPartOf":{"@id":"https:\/\/www.milesi.com\/fr\/#website"},"primaryImageOfPage":{"@id":"https:\/\/www.milesi.com\/fr\/milesi-vernis-pour-carapate\/#primaryimage"},"image":{"@id":"https:\/\/www.milesi.com\/fr\/milesi-vernis-pour-carapate\/#primaryimage"},"thumbnailUrl":"https:\/\/www.milesi.com\/wp-content\/uploads\/2022\/09\/Quadrata-Urbania-copia-e1662727861330.jpg","datePublished":"2022-09-09T12:59:23+00:00","dateModified":"2022-09-09T13:02:40+00:00","breadcrumb":{"@id":"https:\/\/www.milesi.com\/fr\/milesi-vernis-pour-carapate\/#breadcrumb"},"inLanguage":"fr-FR","potentialAction":[{"@type":"ReadAction","target":["https:\/\/www.milesi.com\/fr\/milesi-vernis-pour-carapate\/"]}]},{"@type":"ImageObject","inLanguage":"fr-FR","@id":"https:\/\/www.milesi.com\/fr\/milesi-vernis-pour-carapate\/#primaryimage","url":"https:\/\/www.milesi.com\/wp-content\/uploads\/2022\/09\/Quadrata-Urbania-copia-e1662727861330.jpg","contentUrl":"https:\/\/www.milesi.com\/wp-content\/uploads\/2022\/09\/Quadrata-Urbania-copia-e1662727861330.jpg","width":454,"height":450},{"@type":"BreadcrumbList","@id":"https:\/\/www.milesi.com\/fr\/milesi-vernis-pour-carapate\/#breadcrumb","itemListElement":[{"@type":"ListItem","position":1,"name":"Milesi - Vernis pour bois","item":"https:\/\/www.milesi.com\/fr\/"},{"@type":"ListItem","position":2,"name":"MILESI VERNIS POUR CARAPATE"}]},{"@type":"WebSite","@id":"https:\/\/www.milesi.com\/fr\/#website","url":"https:\/\/www.milesi.com\/fr\/","name":"Milesi Vernici per il legno","description":"Vernis pour bois","publisher":{"@id":"https:\/\/www.milesi.com\/fr\/#organization"},"alternateName":"Milesi","potentialAction":[{"@type":"SearchAction","target":{"@type":"EntryPoint","urlTemplate":"https:\/\/www.milesi.com\/fr\/?s={search_term_string}"},"query-input":{"@type":"PropertyValueSpecification","valueRequired":true,"valueName":"search_term_string"}}],"inLanguage":"fr-FR"},{"@type":"Organization","@id":"https:\/\/www.milesi.com\/fr\/#organization","name":"Milesi Vernici","alternateName":"Milesi","url":"https:\/\/www.milesi.com\/fr\/","logo":{"@type":"ImageObject","inLanguage":"fr-FR","@id":"https:\/\/www.milesi.com\/fr\/#\/schema\/logo\/image\/","url":"https:\/\/www.milesi.com\/wp-content\/uploads\/2022\/12\/milesi-web.png","contentUrl":"https:\/\/www.milesi.com\/wp-content\/uploads\/2022\/12\/milesi-web.png","width":100,"height":101,"caption":"Milesi Vernici"},"image":{"@id":"https:\/\/www.milesi.com\/fr\/#\/schema\/logo\/image\/"},"sameAs":["https:\/\/www.facebook.com\/MilesiVernici","https:\/\/www.youtube.com\/channel\/UCgULN6yzPgE9usmMi3CP5hQ","https:\/\/www.instagram.com\/milesiverniciperlegno\/","https:\/\/vimeo.com\/user117001108","https:\/\/www.linkedin.com\/company\/milesiwoodcoatings\/"]},{"@type":"Person","@id":"https:\/\/www.milesi.com\/fr\/#\/schema\/person\/efe9c5f0d5dc8ecccf853a392e5aacdd","name":"User"}]}},"_links":{"self":[{"href":"https:\/\/www.milesi.com\/fr\/wp-json\/wp\/v2\/posts\/19366","targetHints":{"allow":["GET"]}}],"collection":[{"href":"https:\/\/www.milesi.com\/fr\/wp-json\/wp\/v2\/posts"}],"about":[{"href":"https:\/\/www.milesi.com\/fr\/wp-json\/wp\/v2\/types\/post"}],"author":[{"embeddable":true,"href":"https:\/\/www.milesi.com\/fr\/wp-json\/wp\/v2\/users\/5"}],"replies":[{"embeddable":true,"href":"https:\/\/www.milesi.com\/fr\/wp-json\/wp\/v2\/comments?post=19366"}],"version-history":[{"count":0,"href":"https:\/\/www.milesi.com\/fr\/wp-json\/wp\/v2\/posts\/19366\/revisions"}],"wp:featuredmedia":[{"embeddable":true,"href":"https:\/\/www.milesi.com\/fr\/wp-json\/wp\/v2\/media\/19362"}],"wp:attachment":[{"href":"https:\/\/www.milesi.com\/fr\/wp-json\/wp\/v2\/media?parent=19366"}],"wp:term":[{"taxonomy":"category","embeddable":true,"href":"https:\/\/www.milesi.com\/fr\/wp-json\/wp\/v2\/categories?post=19366"},{"taxonomy":"post_tag","embeddable":true,"href":"https:\/\/www.milesi.com\/fr\/wp-json\/wp\/v2\/tags?post=19366"}],"curies":[{"name":"wp","href":"https:\/\/api.w.org\/{rel}","templated":true}]}}