{"id":23889,"date":"2023-06-09T11:49:17","date_gmt":"2023-06-09T09:49:17","guid":{"rendered":"https:\/\/www.milesi.com\/?p=23889"},"modified":"2025-04-24T15:02:19","modified_gmt":"2025-04-24T13:02:19","slug":"milesi-talent-la-visita-degli-studenti","status":"publish","type":"post","link":"https:\/\/www.milesi.com\/fr\/milesi-talent-la-visita-degli-studenti\/","title":{"rendered":"MILESI TALENT &#8211; LA VISITA DEGLI STUDENTI"},"content":{"rendered":"\n<p class=\"has-text-align-center has-black-color has-text-color\" style=\"font-size:28px\"><strong>DELL\u2019ISTITUTO <strong>DON BOSCO DI CH\u00c2TILLON<\/strong><br><strong>ALLO STABILIMENTO DI PARONA<\/strong><\/strong><br><\/p>\n\n\n\n<figure class=\"wp-block-gallery has-nested-images columns-default is-cropped wp-block-gallery-1 is-layout-flex wp-block-gallery-is-layout-flex\">\n<figure class=\"wp-block-image size-large\"><img loading=\"lazy\" decoding=\"async\" width=\"1024\" height=\"577\" data-id=\"23891\" src=\"https:\/\/www.milesi.com\/wp-content\/uploads\/2023\/06\/IMG-20230607-WA0021-1024x577.jpg\" alt=\"\" class=\"wp-image-23891\" srcset=\"https:\/\/www.milesi.com\/wp-content\/uploads\/2023\/06\/IMG-20230607-WA0021-980x552.jpg 980w, https:\/\/www.milesi.com\/wp-content\/uploads\/2023\/06\/IMG-20230607-WA0021-480x270.jpg 480w\" sizes=\"(min-width: 0px) and (max-width: 480px) 480px, (min-width: 481px) and (max-width: 980px) 980px, (min-width: 981px) 1024px, 100vw\" \/><\/figure>\n\n\n\n<figure class=\"wp-block-image size-large\"><img loading=\"lazy\" decoding=\"async\" width=\"1024\" height=\"577\" data-id=\"23890\" src=\"https:\/\/www.milesi.com\/wp-content\/uploads\/2023\/06\/IMG-20230607-WA0028-1024x577.jpg\" alt=\"\" class=\"wp-image-23890\" srcset=\"https:\/\/www.milesi.com\/wp-content\/uploads\/2023\/06\/IMG-20230607-WA0028-980x552.jpg 980w, https:\/\/www.milesi.com\/wp-content\/uploads\/2023\/06\/IMG-20230607-WA0028-480x270.jpg 480w\" sizes=\"(min-width: 0px) and (max-width: 480px) 480px, (min-width: 481px) and (max-width: 980px) 980px, (min-width: 981px) 1024px, 100vw\" \/><\/figure>\n<\/figure>\n\n\n\n<figure class=\"wp-block-table\"><table><tbody><tr><td class=\"has-text-align-center\" data-align=\"center\"><br>Nella giornata di ieri, 7 giugno, gli studenti delle classi III e IV dell\u2019indirizzo \u201c<strong>Industria e Artigianato per Il Made in Italy<\/strong>\u201d dell\u2019<strong>Istituto Don Bosco di Ch\u00e2tillon <\/strong>hanno visitato lo stabilimento <strong>Milesi<\/strong> di Parona, nell\u2019ambito del percorso del <strong>Milesi Talent<\/strong>.<br><br>Un&rsquo;esperienza unica per i ragazzi che ha permesso loro di vivere l&rsquo;azienda e vedere dove nascono le vernici che hanno utilizzato&nbsp;per realizzare i progetti in gara durante il contest.<br><br>Con l\u2019occasione, \u00e8 stata consegnata nella sede di Parona la panchina <em><strong>Il riposo del lettore<\/strong><\/em>, uno dei progetti in gara, che ha ricevuto una <strong>menzione speciale per la parte verniciatura<\/strong>.<br><br><strong>Milesi<\/strong> consolida la collaborazione con Enti, Istituti e Universit\u00e0 con l\u2019obiettivo di favorire una formazione di alto livello per tutti i giovani che si preparano a entrare nel mondo del Legno-Arredo.<\/td><\/tr><\/tbody><\/table><\/figure>\n\n\n\n<figure class=\"wp-block-image aligncenter size-large is-resized\"><img loading=\"lazy\" decoding=\"async\" width=\"572\" height=\"1024\" src=\"https:\/\/www.milesi.com\/wp-content\/uploads\/2023\/06\/IMG-20230607-WA0027-572x1024.jpg\" alt=\"\" class=\"wp-image-23902\" style=\"width:200px;height:358px\" srcset=\"https:\/\/www.milesi.com\/wp-content\/uploads\/2023\/06\/IMG-20230607-WA0027-572x1024.jpg 572w, https:\/\/www.milesi.com\/wp-content\/uploads\/2023\/06\/IMG-20230607-WA0027-480x860.jpg 480w\" sizes=\"(min-width: 0px) and (max-width: 480px) 480px, (min-width: 481px) 572px, 100vw\" \/><\/figure>\n\n\n\n<h1 class=\"wp-block-heading has-text-align-center has-small-font-size\">&nbsp;&nbsp;<em>Il momento del montaggio<\/em><\/h1>\n\n\n\n<p class=\"has-text-align-center\">&#8212;&#8212;&#8212;&#8212;&#8212;&#8212;&#8212;&#8212;&#8212;&#8212;&#8212;&#8212;&#8212;&#8212;&#8212;&#8212;&#8212;&#8212;&#8212;&#8212;&#8212;&#8212;&#8212;&#8212;&#8212;&#8212;&#8212;&#8212;&#8212;&#8212;&#8212;&#8212;&#8212;&#8212;&#8211;<br><strong>Istituto Salesiano Don Bosco<\/strong> L&rsquo;Istituto \u00ab\u00a0Don Bosco\u00a0\u00bb di Ch\u00e2tillon nacque nel 1948, poco dopo la fine della seconda guerra mondiale e,&nbsp;proprio in quell&rsquo;anno, per venire incontro ai giovani che necessitavano di un sostegno sociale ed economico, oltre che morale e spirituale, l&rsquo;Istituto venne affidato ai Salesiani.<br>Inizialmente vennero accolti&nbsp;solo i giovani rimasti orfani a causa della guerra e infine tutti quelli bisognosi di assistenza materiale e spirituale, per un numero totale di 30-40 ragazzi.<br>Nei primi anni&nbsp;l&rsquo;Istituto non era legalmente riconosciuto, ma gli allievi erano particolarmente richiesti dal mercato del lavoro, cos\u00ec come accade oggi.<br>Nel corso del tempo l&rsquo;Istituto, divenuto propriet\u00e0 della Regione dai primi anni &rsquo;80, \u00e8 stato ingrandito tanto da poter accogliere fino a 250 allievi tra ragazzi e ragazze: in esso attualmente operano 15 salesiani, coadiuvati da pi\u00f9 di 40 insegnanti laici.<\/p>\n\n\n<div class=\"yoast-breadcrumbs\"><span><span><a href=\"https:\/\/www.milesi.com\/fr\/\">Milesi &#8211; Vernis pour bois<\/a><\/span> \u00bb <span class=\"breadcrumb_last\" aria-current=\"page\">MILESI TALENT &#8211; LA VISITA DEGLI STUDENTI<\/span><\/span><\/div>\n\n\n<p class=\"has-small-font-size\">Giugno 2023<\/p>\n","protected":false},"excerpt":{"rendered":"<p>DELL\u2019ISTITUTO DON BOSCO DI CH\u00c2TILLONALLO STABILIMENTO DI PARONA Nella giornata di ieri, 7 giugno, gli studenti delle classi III e IV dell\u2019indirizzo \u201cIndustria e Artigianato per Il Made in Italy\u201d dell\u2019Istituto Don Bosco di Ch\u00e2tillon hanno visitato lo stabilimento Milesi di Parona, nell\u2019ambito del percorso del Milesi Talent. Un&rsquo;esperienza unica per i ragazzi che ha [&hellip;]<\/p>\n","protected":false},"author":5,"featured_media":23910,"comment_status":"closed","ping_status":"closed","sticky":false,"template":"","format":"standard","meta":{"_et_pb_use_builder":"","_et_pb_old_content":"","_et_gb_content_width":"","footnotes":""},"categories":[79],"tags":[998,1003,1014],"class_list":["post-23889","post","type-post","status-publish","format-standard","has-post-thumbnail","hentry","category-notizie","tag-milesi-talent","tag-milesi-vernici-per-legno","tag-vernici-per-legno"],"yoast_head":"<!-- This site is optimized with the Yoast SEO plugin v27.3 - https:\/\/yoast.com\/product\/yoast-seo-wordpress\/ -->\n<title>MILESI TALENT &#8211; LA VISITA DEGLI STUDENTI - Milesi<\/title>\n<meta name=\"robots\" content=\"index, follow, max-snippet:-1, max-image-preview:large, max-video-preview:-1\" \/>\n<link rel=\"canonical\" href=\"https:\/\/www.milesi.com\/fr\/milesi-talent-la-visita-degli-studenti\/\" \/>\n<meta property=\"og:locale\" content=\"fr_FR\" \/>\n<meta property=\"og:type\" content=\"article\" \/>\n<meta property=\"og:title\" content=\"MILESI TALENT &#8211; LA VISITA DEGLI STUDENTI - Milesi\" \/>\n<meta property=\"og:description\" content=\"DELL\u2019ISTITUTO DON BOSCO DI CH\u00c2TILLONALLO STABILIMENTO DI PARONA Nella giornata di ieri, 7 giugno, gli studenti delle classi III e IV dell\u2019indirizzo \u201cIndustria e Artigianato per Il Made in Italy\u201d dell\u2019Istituto Don Bosco di Ch\u00e2tillon hanno visitato lo stabilimento Milesi di Parona, nell\u2019ambito del percorso del Milesi Talent. Un&rsquo;esperienza unica per i ragazzi che ha [&hellip;]\" \/>\n<meta property=\"og:url\" content=\"https:\/\/www.milesi.com\/fr\/milesi-talent-la-visita-degli-studenti\/\" \/>\n<meta property=\"og:site_name\" content=\"Milesi\" \/>\n<meta property=\"article:publisher\" content=\"https:\/\/www.facebook.com\/MilesiVernici\" \/>\n<meta property=\"article:published_time\" content=\"2023-06-09T09:49:17+00:00\" \/>\n<meta property=\"article:modified_time\" content=\"2025-04-24T13:02:19+00:00\" \/>\n<meta property=\"og:image\" content=\"https:\/\/www.milesi.com\/wp-content\/uploads\/2023\/06\/IMG-20230607-WA0028-1-e1686304134792.jpg\" \/>\n\t<meta property=\"og:image:width\" content=\"1419\" \/>\n\t<meta property=\"og:image:height\" content=\"1124\" \/>\n\t<meta property=\"og:image:type\" content=\"image\/jpeg\" \/>\n<meta name=\"author\" content=\"User\" \/>\n<meta name=\"twitter:card\" content=\"summary_large_image\" \/>\n<meta name=\"twitter:label1\" content=\"\u00c9crit par\" \/>\n\t<meta name=\"twitter:data1\" content=\"User\" \/>\n\t<meta name=\"twitter:label2\" content=\"Dur\u00e9e de lecture estim\u00e9e\" \/>\n\t<meta name=\"twitter:data2\" content=\"2 minutes\" \/>\n<script type=\"application\/ld+json\" class=\"yoast-schema-graph\">{\"@context\":\"https:\\\/\\\/schema.org\",\"@graph\":[{\"@type\":\"Article\",\"@id\":\"https:\\\/\\\/www.milesi.com\\\/fr\\\/milesi-talent-la-visita-degli-studenti\\\/#article\",\"isPartOf\":{\"@id\":\"https:\\\/\\\/www.milesi.com\\\/fr\\\/milesi-talent-la-visita-degli-studenti\\\/\"},\"author\":{\"name\":\"User\",\"@id\":\"https:\\\/\\\/www.milesi.com\\\/fr\\\/#\\\/schema\\\/person\\\/efe9c5f0d5dc8ecccf853a392e5aacdd\"},\"headline\":\"MILESI TALENT &#8211; LA VISITA DEGLI STUDENTI\",\"datePublished\":\"2023-06-09T09:49:17+00:00\",\"dateModified\":\"2025-04-24T13:02:19+00:00\",\"mainEntityOfPage\":{\"@id\":\"https:\\\/\\\/www.milesi.com\\\/fr\\\/milesi-talent-la-visita-degli-studenti\\\/\"},\"wordCount\":305,\"publisher\":{\"@id\":\"https:\\\/\\\/www.milesi.com\\\/fr\\\/#organization\"},\"image\":{\"@id\":\"https:\\\/\\\/www.milesi.com\\\/fr\\\/milesi-talent-la-visita-degli-studenti\\\/#primaryimage\"},\"thumbnailUrl\":\"https:\\\/\\\/www.milesi.com\\\/wp-content\\\/uploads\\\/2023\\\/06\\\/IMG-20230607-WA0028-1-e1686304134792.jpg\",\"keywords\":[\"Milesi talent\",\"milesi vernici per legno\",\"vernici per legno\"],\"articleSection\":[\"News\"],\"inLanguage\":\"fr-FR\"},{\"@type\":\"WebPage\",\"@id\":\"https:\\\/\\\/www.milesi.com\\\/fr\\\/milesi-talent-la-visita-degli-studenti\\\/\",\"url\":\"https:\\\/\\\/www.milesi.com\\\/fr\\\/milesi-talent-la-visita-degli-studenti\\\/\",\"name\":\"MILESI TALENT &#8211; LA VISITA DEGLI STUDENTI - Milesi\",\"isPartOf\":{\"@id\":\"https:\\\/\\\/www.milesi.com\\\/fr\\\/#website\"},\"primaryImageOfPage\":{\"@id\":\"https:\\\/\\\/www.milesi.com\\\/fr\\\/milesi-talent-la-visita-degli-studenti\\\/#primaryimage\"},\"image\":{\"@id\":\"https:\\\/\\\/www.milesi.com\\\/fr\\\/milesi-talent-la-visita-degli-studenti\\\/#primaryimage\"},\"thumbnailUrl\":\"https:\\\/\\\/www.milesi.com\\\/wp-content\\\/uploads\\\/2023\\\/06\\\/IMG-20230607-WA0028-1-e1686304134792.jpg\",\"datePublished\":\"2023-06-09T09:49:17+00:00\",\"dateModified\":\"2025-04-24T13:02:19+00:00\",\"breadcrumb\":{\"@id\":\"https:\\\/\\\/www.milesi.com\\\/fr\\\/milesi-talent-la-visita-degli-studenti\\\/#breadcrumb\"},\"inLanguage\":\"fr-FR\",\"potentialAction\":[{\"@type\":\"ReadAction\",\"target\":[\"https:\\\/\\\/www.milesi.com\\\/fr\\\/milesi-talent-la-visita-degli-studenti\\\/\"]}]},{\"@type\":\"ImageObject\",\"inLanguage\":\"fr-FR\",\"@id\":\"https:\\\/\\\/www.milesi.com\\\/fr\\\/milesi-talent-la-visita-degli-studenti\\\/#primaryimage\",\"url\":\"https:\\\/\\\/www.milesi.com\\\/wp-content\\\/uploads\\\/2023\\\/06\\\/IMG-20230607-WA0028-1-e1686304134792.jpg\",\"contentUrl\":\"https:\\\/\\\/www.milesi.com\\\/wp-content\\\/uploads\\\/2023\\\/06\\\/IMG-20230607-WA0028-1-e1686304134792.jpg\",\"width\":1419,\"height\":1124},{\"@type\":\"BreadcrumbList\",\"@id\":\"https:\\\/\\\/www.milesi.com\\\/fr\\\/milesi-talent-la-visita-degli-studenti\\\/#breadcrumb\",\"itemListElement\":[{\"@type\":\"ListItem\",\"position\":1,\"name\":\"Milesi - Vernis pour bois\",\"item\":\"https:\\\/\\\/www.milesi.com\\\/fr\\\/\"},{\"@type\":\"ListItem\",\"position\":2,\"name\":\"MILESI TALENT &#8211; LA VISITA DEGLI STUDENTI\"}]},{\"@type\":\"WebSite\",\"@id\":\"https:\\\/\\\/www.milesi.com\\\/fr\\\/#website\",\"url\":\"https:\\\/\\\/www.milesi.com\\\/fr\\\/\",\"name\":\"Milesi Vernici per il legno\",\"description\":\"Vernis pour bois\",\"publisher\":{\"@id\":\"https:\\\/\\\/www.milesi.com\\\/fr\\\/#organization\"},\"alternateName\":\"Milesi\",\"potentialAction\":[{\"@type\":\"SearchAction\",\"target\":{\"@type\":\"EntryPoint\",\"urlTemplate\":\"https:\\\/\\\/www.milesi.com\\\/fr\\\/?s={search_term_string}\"},\"query-input\":{\"@type\":\"PropertyValueSpecification\",\"valueRequired\":true,\"valueName\":\"search_term_string\"}}],\"inLanguage\":\"fr-FR\"},{\"@type\":\"Organization\",\"@id\":\"https:\\\/\\\/www.milesi.com\\\/fr\\\/#organization\",\"name\":\"Milesi Vernici\",\"alternateName\":\"Milesi\",\"url\":\"https:\\\/\\\/www.milesi.com\\\/fr\\\/\",\"logo\":{\"@type\":\"ImageObject\",\"inLanguage\":\"fr-FR\",\"@id\":\"https:\\\/\\\/www.milesi.com\\\/fr\\\/#\\\/schema\\\/logo\\\/image\\\/\",\"url\":\"https:\\\/\\\/www.milesi.com\\\/wp-content\\\/uploads\\\/2022\\\/12\\\/milesi-web.png\",\"contentUrl\":\"https:\\\/\\\/www.milesi.com\\\/wp-content\\\/uploads\\\/2022\\\/12\\\/milesi-web.png\",\"width\":100,\"height\":101,\"caption\":\"Milesi Vernici\"},\"image\":{\"@id\":\"https:\\\/\\\/www.milesi.com\\\/fr\\\/#\\\/schema\\\/logo\\\/image\\\/\"},\"sameAs\":[\"https:\\\/\\\/www.facebook.com\\\/MilesiVernici\",\"https:\\\/\\\/www.youtube.com\\\/channel\\\/UCgULN6yzPgE9usmMi3CP5hQ\",\"https:\\\/\\\/www.instagram.com\\\/milesiverniciperlegno\\\/\",\"https:\\\/\\\/vimeo.com\\\/user117001108\",\"https:\\\/\\\/www.linkedin.com\\\/company\\\/milesiwoodcoatings\\\/\"]},{\"@type\":\"Person\",\"@id\":\"https:\\\/\\\/www.milesi.com\\\/fr\\\/#\\\/schema\\\/person\\\/efe9c5f0d5dc8ecccf853a392e5aacdd\",\"name\":\"User\"}]}<\/script>\n<!-- \/ Yoast SEO plugin. -->","yoast_head_json":{"title":"MILESI TALENT &#8211; LA VISITA DEGLI STUDENTI - Milesi","robots":{"index":"index","follow":"follow","max-snippet":"max-snippet:-1","max-image-preview":"max-image-preview:large","max-video-preview":"max-video-preview:-1"},"canonical":"https:\/\/www.milesi.com\/fr\/milesi-talent-la-visita-degli-studenti\/","og_locale":"fr_FR","og_type":"article","og_title":"MILESI TALENT &#8211; LA VISITA DEGLI STUDENTI - Milesi","og_description":"DELL\u2019ISTITUTO DON BOSCO DI CH\u00c2TILLONALLO STABILIMENTO DI PARONA Nella giornata di ieri, 7 giugno, gli studenti delle classi III e IV dell\u2019indirizzo \u201cIndustria e Artigianato per Il Made in Italy\u201d dell\u2019Istituto Don Bosco di Ch\u00e2tillon hanno visitato lo stabilimento Milesi di Parona, nell\u2019ambito del percorso del Milesi Talent. Un&rsquo;esperienza unica per i ragazzi che ha [&hellip;]","og_url":"https:\/\/www.milesi.com\/fr\/milesi-talent-la-visita-degli-studenti\/","og_site_name":"Milesi","article_publisher":"https:\/\/www.facebook.com\/MilesiVernici","article_published_time":"2023-06-09T09:49:17+00:00","article_modified_time":"2025-04-24T13:02:19+00:00","og_image":[{"width":1419,"height":1124,"url":"https:\/\/www.milesi.com\/wp-content\/uploads\/2023\/06\/IMG-20230607-WA0028-1-e1686304134792.jpg","type":"image\/jpeg"}],"author":"User","twitter_card":"summary_large_image","twitter_misc":{"\u00c9crit par":"User","Dur\u00e9e de lecture estim\u00e9e":"2 minutes"},"schema":{"@context":"https:\/\/schema.org","@graph":[{"@type":"Article","@id":"https:\/\/www.milesi.com\/fr\/milesi-talent-la-visita-degli-studenti\/#article","isPartOf":{"@id":"https:\/\/www.milesi.com\/fr\/milesi-talent-la-visita-degli-studenti\/"},"author":{"name":"User","@id":"https:\/\/www.milesi.com\/fr\/#\/schema\/person\/efe9c5f0d5dc8ecccf853a392e5aacdd"},"headline":"MILESI TALENT &#8211; LA VISITA DEGLI STUDENTI","datePublished":"2023-06-09T09:49:17+00:00","dateModified":"2025-04-24T13:02:19+00:00","mainEntityOfPage":{"@id":"https:\/\/www.milesi.com\/fr\/milesi-talent-la-visita-degli-studenti\/"},"wordCount":305,"publisher":{"@id":"https:\/\/www.milesi.com\/fr\/#organization"},"image":{"@id":"https:\/\/www.milesi.com\/fr\/milesi-talent-la-visita-degli-studenti\/#primaryimage"},"thumbnailUrl":"https:\/\/www.milesi.com\/wp-content\/uploads\/2023\/06\/IMG-20230607-WA0028-1-e1686304134792.jpg","keywords":["Milesi talent","milesi vernici per legno","vernici per legno"],"articleSection":["News"],"inLanguage":"fr-FR"},{"@type":"WebPage","@id":"https:\/\/www.milesi.com\/fr\/milesi-talent-la-visita-degli-studenti\/","url":"https:\/\/www.milesi.com\/fr\/milesi-talent-la-visita-degli-studenti\/","name":"MILESI TALENT &#8211; LA VISITA DEGLI STUDENTI - Milesi","isPartOf":{"@id":"https:\/\/www.milesi.com\/fr\/#website"},"primaryImageOfPage":{"@id":"https:\/\/www.milesi.com\/fr\/milesi-talent-la-visita-degli-studenti\/#primaryimage"},"image":{"@id":"https:\/\/www.milesi.com\/fr\/milesi-talent-la-visita-degli-studenti\/#primaryimage"},"thumbnailUrl":"https:\/\/www.milesi.com\/wp-content\/uploads\/2023\/06\/IMG-20230607-WA0028-1-e1686304134792.jpg","datePublished":"2023-06-09T09:49:17+00:00","dateModified":"2025-04-24T13:02:19+00:00","breadcrumb":{"@id":"https:\/\/www.milesi.com\/fr\/milesi-talent-la-visita-degli-studenti\/#breadcrumb"},"inLanguage":"fr-FR","potentialAction":[{"@type":"ReadAction","target":["https:\/\/www.milesi.com\/fr\/milesi-talent-la-visita-degli-studenti\/"]}]},{"@type":"ImageObject","inLanguage":"fr-FR","@id":"https:\/\/www.milesi.com\/fr\/milesi-talent-la-visita-degli-studenti\/#primaryimage","url":"https:\/\/www.milesi.com\/wp-content\/uploads\/2023\/06\/IMG-20230607-WA0028-1-e1686304134792.jpg","contentUrl":"https:\/\/www.milesi.com\/wp-content\/uploads\/2023\/06\/IMG-20230607-WA0028-1-e1686304134792.jpg","width":1419,"height":1124},{"@type":"BreadcrumbList","@id":"https:\/\/www.milesi.com\/fr\/milesi-talent-la-visita-degli-studenti\/#breadcrumb","itemListElement":[{"@type":"ListItem","position":1,"name":"Milesi - Vernis pour bois","item":"https:\/\/www.milesi.com\/fr\/"},{"@type":"ListItem","position":2,"name":"MILESI TALENT &#8211; LA VISITA DEGLI STUDENTI"}]},{"@type":"WebSite","@id":"https:\/\/www.milesi.com\/fr\/#website","url":"https:\/\/www.milesi.com\/fr\/","name":"Milesi Vernici per il legno","description":"Vernis pour bois","publisher":{"@id":"https:\/\/www.milesi.com\/fr\/#organization"},"alternateName":"Milesi","potentialAction":[{"@type":"SearchAction","target":{"@type":"EntryPoint","urlTemplate":"https:\/\/www.milesi.com\/fr\/?s={search_term_string}"},"query-input":{"@type":"PropertyValueSpecification","valueRequired":true,"valueName":"search_term_string"}}],"inLanguage":"fr-FR"},{"@type":"Organization","@id":"https:\/\/www.milesi.com\/fr\/#organization","name":"Milesi Vernici","alternateName":"Milesi","url":"https:\/\/www.milesi.com\/fr\/","logo":{"@type":"ImageObject","inLanguage":"fr-FR","@id":"https:\/\/www.milesi.com\/fr\/#\/schema\/logo\/image\/","url":"https:\/\/www.milesi.com\/wp-content\/uploads\/2022\/12\/milesi-web.png","contentUrl":"https:\/\/www.milesi.com\/wp-content\/uploads\/2022\/12\/milesi-web.png","width":100,"height":101,"caption":"Milesi Vernici"},"image":{"@id":"https:\/\/www.milesi.com\/fr\/#\/schema\/logo\/image\/"},"sameAs":["https:\/\/www.facebook.com\/MilesiVernici","https:\/\/www.youtube.com\/channel\/UCgULN6yzPgE9usmMi3CP5hQ","https:\/\/www.instagram.com\/milesiverniciperlegno\/","https:\/\/vimeo.com\/user117001108","https:\/\/www.linkedin.com\/company\/milesiwoodcoatings\/"]},{"@type":"Person","@id":"https:\/\/www.milesi.com\/fr\/#\/schema\/person\/efe9c5f0d5dc8ecccf853a392e5aacdd","name":"User"}]}},"_links":{"self":[{"href":"https:\/\/www.milesi.com\/fr\/wp-json\/wp\/v2\/posts\/23889","targetHints":{"allow":["GET"]}}],"collection":[{"href":"https:\/\/www.milesi.com\/fr\/wp-json\/wp\/v2\/posts"}],"about":[{"href":"https:\/\/www.milesi.com\/fr\/wp-json\/wp\/v2\/types\/post"}],"author":[{"embeddable":true,"href":"https:\/\/www.milesi.com\/fr\/wp-json\/wp\/v2\/users\/5"}],"replies":[{"embeddable":true,"href":"https:\/\/www.milesi.com\/fr\/wp-json\/wp\/v2\/comments?post=23889"}],"version-history":[{"count":4,"href":"https:\/\/www.milesi.com\/fr\/wp-json\/wp\/v2\/posts\/23889\/revisions"}],"predecessor-version":[{"id":27258,"href":"https:\/\/www.milesi.com\/fr\/wp-json\/wp\/v2\/posts\/23889\/revisions\/27258"}],"wp:featuredmedia":[{"embeddable":true,"href":"https:\/\/www.milesi.com\/fr\/wp-json\/wp\/v2\/media\/23910"}],"wp:attachment":[{"href":"https:\/\/www.milesi.com\/fr\/wp-json\/wp\/v2\/media?parent=23889"}],"wp:term":[{"taxonomy":"category","embeddable":true,"href":"https:\/\/www.milesi.com\/fr\/wp-json\/wp\/v2\/categories?post=23889"},{"taxonomy":"post_tag","embeddable":true,"href":"https:\/\/www.milesi.com\/fr\/wp-json\/wp\/v2\/tags?post=23889"}],"curies":[{"name":"wp","href":"https:\/\/api.w.org\/{rel}","templated":true}]}}