{"id":25309,"date":"2023-11-15T11:39:29","date_gmt":"2023-11-15T10:39:29","guid":{"rendered":"https:\/\/www.milesi.com\/?p=25309"},"modified":"2025-04-17T21:37:53","modified_gmt":"2025-04-17T19:37:53","slug":"milesi-people-intervista-a-fimar","status":"publish","type":"post","link":"https:\/\/www.milesi.com\/fr\/milesi-people-intervista-a-fimar\/","title":{"rendered":"MILESI PEOPLE \u2013 FIMAR"},"content":{"rendered":"\n<hr class=\"wp-block-separator has-alpha-channel-opacity\"\/>\n\n\n\n<p><\/p>\n\n\n\n<h2 class=\"wp-block-heading has-text-align-center\"><strong>MILESI, VERSATILITA&rsquo; E QUALITA&rsquo; PER SOLUZIONI D&rsquo;ARREDO INNOVATIVE:<br><strong>LA COLLABORAZIONE CON FIMAR<\/strong><\/strong><\/h2>\n\n\n\n<p><\/p>\n\n\n\n<figure class=\"wp-block-table\"><table><tbody><tr><td class=\"has-text-align-center\" data-align=\"center\">La <strong>capacit\u00e0 di mettersi all\u2019ascolto del cliente<\/strong>&nbsp;\u00e8 il&nbsp;<strong>punto<\/strong>&nbsp;<strong>di forza<\/strong> della collaborazione tra <strong>Milesi<\/strong> e <strong>Fimar<\/strong>, azienda brianzola che,&nbsp;a sua volta, ha messo al centro della propria strategia il rapporto continuo e diretto con il mercato.<br><br>\u201cCasa Fimar\u201d propone una collezione completa di sistemi di arredo unica, moderna ed elegante, in cui il legno \u00e8 protagonista indiscusso: non semplicemente \u00ab\u00a0mobili\u00a0\u00bb, ma un concetto pi\u00f9 completo di arredamento e l\u2019Italia resta il mercato di riferimento per questa tipologia di prodotto, universalmente apprezzata per la qualit\u00e0 e il design ricercato.<br><br>Fondamentale, in questo contesto, il ruolo della verniciatura: grazie ai Prodotti&nbsp;<strong>Milesi, Fimar <\/strong>\u00e8 in grado di &nbsp;offrire al cliente una gamma di finiture capaci di valorizzare la materia prima e di garantire una resa estetica di primo livello.&nbsp;&nbsp; &nbsp; &nbsp;<br><br>\u201c<em>Grazie a <\/em><strong><em>Milesi<\/em><\/strong><em>, il nostro partner per la verniciatura<\/em> \u2013 ci ha spiegato <strong>Stefano Curioni, titolare Fimar<\/strong> \u2013 <em>abbiamo potuto sviluppare&nbsp;17 colori di essenza, l\u2019unica azienda di sistemi di mobile ad offrire una gamma di legni cos\u00ec ampia\u201d.<\/em><br><br>Guarda la video intervista:<br><br><a href=\"https:\/\/youtu.be\/zV64JTGx6As\"><img decoding=\"async\" src=\"https:\/\/www.milesi.com\/wp-content\/uploads\/2021\/02\/YT.png\" alt=\"\"><\/a><\/td><\/tr><\/tbody><\/table><\/figure>\n\n\n\n<p><strong>15-11-2023<\/strong><\/p>\n\n\n<div class=\"yoast-breadcrumbs\"><span><span><a href=\"https:\/\/www.milesi.com\/fr\/\">Milesi &#8211; Vernis pour bois<\/a><\/span> \u00bb <span class=\"breadcrumb_last\" aria-current=\"page\">MILESI PEOPLE \u2013 FIMAR<\/span><\/span><\/div>","protected":false},"excerpt":{"rendered":"<p>MILESI, VERSATILITA&rsquo; E QUALITA&rsquo; PER SOLUZIONI D&rsquo;ARREDO INNOVATIVE:LA COLLABORAZIONE CON FIMAR La capacit\u00e0 di mettersi all\u2019ascolto del cliente&nbsp;\u00e8 il&nbsp;punto&nbsp;di forza della collaborazione tra Milesi e Fimar, azienda brianzola che,&nbsp;a sua volta, ha messo al centro della propria strategia il rapporto continuo e diretto con il mercato. \u201cCasa Fimar\u201d propone una collezione completa di sistemi di [&hellip;]<\/p>\n","protected":false},"author":5,"featured_media":25312,"comment_status":"closed","ping_status":"closed","sticky":false,"template":"","format":"standard","meta":{"_et_pb_use_builder":"","_et_pb_old_content":"","_et_gb_content_width":"","footnotes":""},"categories":[79],"tags":[1279,1278,1003,1260,1262,1014],"class_list":["post-25309","post","type-post","status-publish","format-standard","has-post-thumbnail","hentry","category-notizie","tag-fimar","tag-fimarmobili","tag-milesi-vernici-per-legno","tag-milesipeople","tag-partnership","tag-vernici-per-legno"],"yoast_head":"<!-- This site is optimized with the Yoast SEO plugin v27.3 - https:\/\/yoast.com\/product\/yoast-seo-wordpress\/ -->\n<title>MILESI PEOPLE \u2013 FIMAR - Milesi<\/title>\n<meta name=\"robots\" content=\"noindex, follow\" \/>\n<meta property=\"og:locale\" content=\"fr_FR\" \/>\n<meta property=\"og:type\" content=\"article\" \/>\n<meta property=\"og:title\" content=\"MILESI PEOPLE \u2013 FIMAR - Milesi\" \/>\n<meta property=\"og:description\" content=\"MILESI, VERSATILITA&rsquo; E QUALITA&rsquo; PER SOLUZIONI D&rsquo;ARREDO INNOVATIVE:LA COLLABORAZIONE CON FIMAR La capacit\u00e0 di mettersi all\u2019ascolto del cliente&nbsp;\u00e8 il&nbsp;punto&nbsp;di forza della collaborazione tra Milesi e Fimar, azienda brianzola che,&nbsp;a sua volta, ha messo al centro della propria strategia il rapporto continuo e diretto con il mercato. \u201cCasa Fimar\u201d propone una collezione completa di sistemi di [&hellip;]\" \/>\n<meta property=\"og:url\" content=\"https:\/\/www.milesi.com\/fr\/milesi-people-intervista-a-fimar\/\" \/>\n<meta property=\"og:site_name\" content=\"Milesi\" \/>\n<meta property=\"article:publisher\" content=\"https:\/\/www.facebook.com\/MilesiVernici\" \/>\n<meta property=\"article:published_time\" content=\"2023-11-15T10:39:29+00:00\" \/>\n<meta property=\"article:modified_time\" content=\"2025-04-17T19:37:53+00:00\" \/>\n<meta property=\"og:image\" content=\"https:\/\/www.milesi.com\/wp-content\/uploads\/2023\/11\/Fimar.jpg\" \/>\n\t<meta property=\"og:image:width\" content=\"535\" \/>\n\t<meta property=\"og:image:height\" content=\"570\" \/>\n\t<meta property=\"og:image:type\" content=\"image\/jpeg\" \/>\n<meta name=\"author\" content=\"User\" \/>\n<meta name=\"twitter:card\" content=\"summary_large_image\" \/>\n<meta name=\"twitter:label1\" content=\"\u00c9crit par\" \/>\n\t<meta name=\"twitter:data1\" content=\"User\" \/>\n\t<meta name=\"twitter:label2\" content=\"Dur\u00e9e de lecture estim\u00e9e\" \/>\n\t<meta name=\"twitter:data2\" content=\"1 minute\" \/>\n<script type=\"application\/ld+json\" class=\"yoast-schema-graph\">{\"@context\":\"https:\\\/\\\/schema.org\",\"@graph\":[{\"@type\":\"Article\",\"@id\":\"https:\\\/\\\/www.milesi.com\\\/fr\\\/milesi-people-intervista-a-fimar\\\/#article\",\"isPartOf\":{\"@id\":\"https:\\\/\\\/www.milesi.com\\\/fr\\\/milesi-people-intervista-a-fimar\\\/\"},\"author\":{\"name\":\"User\",\"@id\":\"https:\\\/\\\/www.milesi.com\\\/fr\\\/#\\\/schema\\\/person\\\/efe9c5f0d5dc8ecccf853a392e5aacdd\"},\"headline\":\"MILESI PEOPLE \u2013 FIMAR\",\"datePublished\":\"2023-11-15T10:39:29+00:00\",\"dateModified\":\"2025-04-17T19:37:53+00:00\",\"mainEntityOfPage\":{\"@id\":\"https:\\\/\\\/www.milesi.com\\\/fr\\\/milesi-people-intervista-a-fimar\\\/\"},\"wordCount\":199,\"publisher\":{\"@id\":\"https:\\\/\\\/www.milesi.com\\\/fr\\\/#organization\"},\"image\":{\"@id\":\"https:\\\/\\\/www.milesi.com\\\/fr\\\/milesi-people-intervista-a-fimar\\\/#primaryimage\"},\"thumbnailUrl\":\"https:\\\/\\\/www.milesi.com\\\/wp-content\\\/uploads\\\/2023\\\/11\\\/Fimar.jpg\",\"keywords\":[\"fimar\",\"fimarmobili\",\"milesi vernici per legno\",\"milesipeople\",\"partnership\",\"vernici per legno\"],\"articleSection\":[\"News\"],\"inLanguage\":\"fr-FR\"},{\"@type\":\"WebPage\",\"@id\":\"https:\\\/\\\/www.milesi.com\\\/fr\\\/milesi-people-intervista-a-fimar\\\/\",\"url\":\"https:\\\/\\\/www.milesi.com\\\/fr\\\/milesi-people-intervista-a-fimar\\\/\",\"name\":\"MILESI PEOPLE \u2013 FIMAR - Milesi\",\"isPartOf\":{\"@id\":\"https:\\\/\\\/www.milesi.com\\\/fr\\\/#website\"},\"primaryImageOfPage\":{\"@id\":\"https:\\\/\\\/www.milesi.com\\\/fr\\\/milesi-people-intervista-a-fimar\\\/#primaryimage\"},\"image\":{\"@id\":\"https:\\\/\\\/www.milesi.com\\\/fr\\\/milesi-people-intervista-a-fimar\\\/#primaryimage\"},\"thumbnailUrl\":\"https:\\\/\\\/www.milesi.com\\\/wp-content\\\/uploads\\\/2023\\\/11\\\/Fimar.jpg\",\"datePublished\":\"2023-11-15T10:39:29+00:00\",\"dateModified\":\"2025-04-17T19:37:53+00:00\",\"breadcrumb\":{\"@id\":\"https:\\\/\\\/www.milesi.com\\\/fr\\\/milesi-people-intervista-a-fimar\\\/#breadcrumb\"},\"inLanguage\":\"fr-FR\",\"potentialAction\":[{\"@type\":\"ReadAction\",\"target\":[\"https:\\\/\\\/www.milesi.com\\\/fr\\\/milesi-people-intervista-a-fimar\\\/\"]}]},{\"@type\":\"ImageObject\",\"inLanguage\":\"fr-FR\",\"@id\":\"https:\\\/\\\/www.milesi.com\\\/fr\\\/milesi-people-intervista-a-fimar\\\/#primaryimage\",\"url\":\"https:\\\/\\\/www.milesi.com\\\/wp-content\\\/uploads\\\/2023\\\/11\\\/Fimar.jpg\",\"contentUrl\":\"https:\\\/\\\/www.milesi.com\\\/wp-content\\\/uploads\\\/2023\\\/11\\\/Fimar.jpg\",\"width\":535,\"height\":570},{\"@type\":\"BreadcrumbList\",\"@id\":\"https:\\\/\\\/www.milesi.com\\\/fr\\\/milesi-people-intervista-a-fimar\\\/#breadcrumb\",\"itemListElement\":[{\"@type\":\"ListItem\",\"position\":1,\"name\":\"Milesi - Vernis pour bois\",\"item\":\"https:\\\/\\\/www.milesi.com\\\/fr\\\/\"},{\"@type\":\"ListItem\",\"position\":2,\"name\":\"MILESI PEOPLE \u2013 FIMAR\"}]},{\"@type\":\"WebSite\",\"@id\":\"https:\\\/\\\/www.milesi.com\\\/fr\\\/#website\",\"url\":\"https:\\\/\\\/www.milesi.com\\\/fr\\\/\",\"name\":\"Milesi Vernici per il legno\",\"description\":\"Vernis pour bois\",\"publisher\":{\"@id\":\"https:\\\/\\\/www.milesi.com\\\/fr\\\/#organization\"},\"alternateName\":\"Milesi\",\"potentialAction\":[{\"@type\":\"SearchAction\",\"target\":{\"@type\":\"EntryPoint\",\"urlTemplate\":\"https:\\\/\\\/www.milesi.com\\\/fr\\\/?s={search_term_string}\"},\"query-input\":{\"@type\":\"PropertyValueSpecification\",\"valueRequired\":true,\"valueName\":\"search_term_string\"}}],\"inLanguage\":\"fr-FR\"},{\"@type\":\"Organization\",\"@id\":\"https:\\\/\\\/www.milesi.com\\\/fr\\\/#organization\",\"name\":\"Milesi Vernici\",\"alternateName\":\"Milesi\",\"url\":\"https:\\\/\\\/www.milesi.com\\\/fr\\\/\",\"logo\":{\"@type\":\"ImageObject\",\"inLanguage\":\"fr-FR\",\"@id\":\"https:\\\/\\\/www.milesi.com\\\/fr\\\/#\\\/schema\\\/logo\\\/image\\\/\",\"url\":\"https:\\\/\\\/www.milesi.com\\\/wp-content\\\/uploads\\\/2022\\\/12\\\/milesi-web.png\",\"contentUrl\":\"https:\\\/\\\/www.milesi.com\\\/wp-content\\\/uploads\\\/2022\\\/12\\\/milesi-web.png\",\"width\":100,\"height\":101,\"caption\":\"Milesi Vernici\"},\"image\":{\"@id\":\"https:\\\/\\\/www.milesi.com\\\/fr\\\/#\\\/schema\\\/logo\\\/image\\\/\"},\"sameAs\":[\"https:\\\/\\\/www.facebook.com\\\/MilesiVernici\",\"https:\\\/\\\/www.youtube.com\\\/channel\\\/UCgULN6yzPgE9usmMi3CP5hQ\",\"https:\\\/\\\/www.instagram.com\\\/milesiverniciperlegno\\\/\",\"https:\\\/\\\/vimeo.com\\\/user117001108\",\"https:\\\/\\\/www.linkedin.com\\\/company\\\/milesiwoodcoatings\\\/\"]},{\"@type\":\"Person\",\"@id\":\"https:\\\/\\\/www.milesi.com\\\/fr\\\/#\\\/schema\\\/person\\\/efe9c5f0d5dc8ecccf853a392e5aacdd\",\"name\":\"User\"}]}<\/script>\n<!-- \/ Yoast SEO plugin. -->","yoast_head_json":{"title":"MILESI PEOPLE \u2013 FIMAR - Milesi","robots":{"index":"noindex","follow":"follow"},"og_locale":"fr_FR","og_type":"article","og_title":"MILESI PEOPLE \u2013 FIMAR - Milesi","og_description":"MILESI, VERSATILITA&rsquo; E QUALITA&rsquo; PER SOLUZIONI D&rsquo;ARREDO INNOVATIVE:LA COLLABORAZIONE CON FIMAR La capacit\u00e0 di mettersi all\u2019ascolto del cliente&nbsp;\u00e8 il&nbsp;punto&nbsp;di forza della collaborazione tra Milesi e Fimar, azienda brianzola che,&nbsp;a sua volta, ha messo al centro della propria strategia il rapporto continuo e diretto con il mercato. \u201cCasa Fimar\u201d propone una collezione completa di sistemi di [&hellip;]","og_url":"https:\/\/www.milesi.com\/fr\/milesi-people-intervista-a-fimar\/","og_site_name":"Milesi","article_publisher":"https:\/\/www.facebook.com\/MilesiVernici","article_published_time":"2023-11-15T10:39:29+00:00","article_modified_time":"2025-04-17T19:37:53+00:00","og_image":[{"width":535,"height":570,"url":"https:\/\/www.milesi.com\/wp-content\/uploads\/2023\/11\/Fimar.jpg","type":"image\/jpeg"}],"author":"User","twitter_card":"summary_large_image","twitter_misc":{"\u00c9crit par":"User","Dur\u00e9e de lecture estim\u00e9e":"1 minute"},"schema":{"@context":"https:\/\/schema.org","@graph":[{"@type":"Article","@id":"https:\/\/www.milesi.com\/fr\/milesi-people-intervista-a-fimar\/#article","isPartOf":{"@id":"https:\/\/www.milesi.com\/fr\/milesi-people-intervista-a-fimar\/"},"author":{"name":"User","@id":"https:\/\/www.milesi.com\/fr\/#\/schema\/person\/efe9c5f0d5dc8ecccf853a392e5aacdd"},"headline":"MILESI PEOPLE \u2013 FIMAR","datePublished":"2023-11-15T10:39:29+00:00","dateModified":"2025-04-17T19:37:53+00:00","mainEntityOfPage":{"@id":"https:\/\/www.milesi.com\/fr\/milesi-people-intervista-a-fimar\/"},"wordCount":199,"publisher":{"@id":"https:\/\/www.milesi.com\/fr\/#organization"},"image":{"@id":"https:\/\/www.milesi.com\/fr\/milesi-people-intervista-a-fimar\/#primaryimage"},"thumbnailUrl":"https:\/\/www.milesi.com\/wp-content\/uploads\/2023\/11\/Fimar.jpg","keywords":["fimar","fimarmobili","milesi vernici per legno","milesipeople","partnership","vernici per legno"],"articleSection":["News"],"inLanguage":"fr-FR"},{"@type":"WebPage","@id":"https:\/\/www.milesi.com\/fr\/milesi-people-intervista-a-fimar\/","url":"https:\/\/www.milesi.com\/fr\/milesi-people-intervista-a-fimar\/","name":"MILESI PEOPLE \u2013 FIMAR - Milesi","isPartOf":{"@id":"https:\/\/www.milesi.com\/fr\/#website"},"primaryImageOfPage":{"@id":"https:\/\/www.milesi.com\/fr\/milesi-people-intervista-a-fimar\/#primaryimage"},"image":{"@id":"https:\/\/www.milesi.com\/fr\/milesi-people-intervista-a-fimar\/#primaryimage"},"thumbnailUrl":"https:\/\/www.milesi.com\/wp-content\/uploads\/2023\/11\/Fimar.jpg","datePublished":"2023-11-15T10:39:29+00:00","dateModified":"2025-04-17T19:37:53+00:00","breadcrumb":{"@id":"https:\/\/www.milesi.com\/fr\/milesi-people-intervista-a-fimar\/#breadcrumb"},"inLanguage":"fr-FR","potentialAction":[{"@type":"ReadAction","target":["https:\/\/www.milesi.com\/fr\/milesi-people-intervista-a-fimar\/"]}]},{"@type":"ImageObject","inLanguage":"fr-FR","@id":"https:\/\/www.milesi.com\/fr\/milesi-people-intervista-a-fimar\/#primaryimage","url":"https:\/\/www.milesi.com\/wp-content\/uploads\/2023\/11\/Fimar.jpg","contentUrl":"https:\/\/www.milesi.com\/wp-content\/uploads\/2023\/11\/Fimar.jpg","width":535,"height":570},{"@type":"BreadcrumbList","@id":"https:\/\/www.milesi.com\/fr\/milesi-people-intervista-a-fimar\/#breadcrumb","itemListElement":[{"@type":"ListItem","position":1,"name":"Milesi - Vernis pour bois","item":"https:\/\/www.milesi.com\/fr\/"},{"@type":"ListItem","position":2,"name":"MILESI PEOPLE \u2013 FIMAR"}]},{"@type":"WebSite","@id":"https:\/\/www.milesi.com\/fr\/#website","url":"https:\/\/www.milesi.com\/fr\/","name":"Milesi Vernici per il legno","description":"Vernis pour bois","publisher":{"@id":"https:\/\/www.milesi.com\/fr\/#organization"},"alternateName":"Milesi","potentialAction":[{"@type":"SearchAction","target":{"@type":"EntryPoint","urlTemplate":"https:\/\/www.milesi.com\/fr\/?s={search_term_string}"},"query-input":{"@type":"PropertyValueSpecification","valueRequired":true,"valueName":"search_term_string"}}],"inLanguage":"fr-FR"},{"@type":"Organization","@id":"https:\/\/www.milesi.com\/fr\/#organization","name":"Milesi Vernici","alternateName":"Milesi","url":"https:\/\/www.milesi.com\/fr\/","logo":{"@type":"ImageObject","inLanguage":"fr-FR","@id":"https:\/\/www.milesi.com\/fr\/#\/schema\/logo\/image\/","url":"https:\/\/www.milesi.com\/wp-content\/uploads\/2022\/12\/milesi-web.png","contentUrl":"https:\/\/www.milesi.com\/wp-content\/uploads\/2022\/12\/milesi-web.png","width":100,"height":101,"caption":"Milesi Vernici"},"image":{"@id":"https:\/\/www.milesi.com\/fr\/#\/schema\/logo\/image\/"},"sameAs":["https:\/\/www.facebook.com\/MilesiVernici","https:\/\/www.youtube.com\/channel\/UCgULN6yzPgE9usmMi3CP5hQ","https:\/\/www.instagram.com\/milesiverniciperlegno\/","https:\/\/vimeo.com\/user117001108","https:\/\/www.linkedin.com\/company\/milesiwoodcoatings\/"]},{"@type":"Person","@id":"https:\/\/www.milesi.com\/fr\/#\/schema\/person\/efe9c5f0d5dc8ecccf853a392e5aacdd","name":"User"}]}},"_links":{"self":[{"href":"https:\/\/www.milesi.com\/fr\/wp-json\/wp\/v2\/posts\/25309","targetHints":{"allow":["GET"]}}],"collection":[{"href":"https:\/\/www.milesi.com\/fr\/wp-json\/wp\/v2\/posts"}],"about":[{"href":"https:\/\/www.milesi.com\/fr\/wp-json\/wp\/v2\/types\/post"}],"author":[{"embeddable":true,"href":"https:\/\/www.milesi.com\/fr\/wp-json\/wp\/v2\/users\/5"}],"replies":[{"embeddable":true,"href":"https:\/\/www.milesi.com\/fr\/wp-json\/wp\/v2\/comments?post=25309"}],"version-history":[{"count":9,"href":"https:\/\/www.milesi.com\/fr\/wp-json\/wp\/v2\/posts\/25309\/revisions"}],"predecessor-version":[{"id":26733,"href":"https:\/\/www.milesi.com\/fr\/wp-json\/wp\/v2\/posts\/25309\/revisions\/26733"}],"wp:featuredmedia":[{"embeddable":true,"href":"https:\/\/www.milesi.com\/fr\/wp-json\/wp\/v2\/media\/25312"}],"wp:attachment":[{"href":"https:\/\/www.milesi.com\/fr\/wp-json\/wp\/v2\/media?parent=25309"}],"wp:term":[{"taxonomy":"category","embeddable":true,"href":"https:\/\/www.milesi.com\/fr\/wp-json\/wp\/v2\/categories?post=25309"},{"taxonomy":"post_tag","embeddable":true,"href":"https:\/\/www.milesi.com\/fr\/wp-json\/wp\/v2\/tags?post=25309"}],"curies":[{"name":"wp","href":"https:\/\/api.w.org\/{rel}","templated":true}]}}