{"id":5905,"date":"2020-07-06T15:31:08","date_gmt":"2020-07-06T13:31:08","guid":{"rendered":"http:\/\/www.milesi.com\/?p=5905"},"modified":"2025-04-19T11:57:01","modified_gmt":"2025-04-19T09:57:01","slug":"healthy-wood-al-fuorisalone-it","status":"publish","type":"post","link":"https:\/\/www.milesi.com\/fr\/healthy-wood-al-fuorisalone-it\/","title":{"rendered":"HEALTHY.WOOD al FuoriSalone.it"},"content":{"rendered":"<div class=\"yoast-breadcrumbs\"><span><span><a href=\"https:\/\/www.milesi.com\/fr\/\">Milesi &#8211; Vernis pour bois<\/a><\/span> \u00bb <span class=\"breadcrumb_last\" aria-current=\"page\">HEALTHY.WOOD al FuoriSalone.it<\/span><\/span><\/div>\n\n<p style=\"text-align: left;\"><strong><img loading=\"lazy\" decoding=\"async\" class=\"alignleft wp-image-5915 size-medium\" src=\"http:\/\/www.milesi.com\/wp-content\/uploads\/2020\/07\/INVITO-12-06_FINALEOK-300x212.jpg\" alt=\"\" width=\"300\" height=\"212\" srcset=\"https:\/\/www.milesi.com\/wp-content\/uploads\/2020\/07\/INVITO-12-06_FINALEOK-300x212.jpg 300w, https:\/\/www.milesi.com\/wp-content\/uploads\/2020\/07\/INVITO-12-06_FINALEOK-scaled-600x424.jpg 600w, https:\/\/www.milesi.com\/wp-content\/uploads\/2020\/07\/INVITO-12-06_FINALEOK-1024x724.jpg 1024w, https:\/\/www.milesi.com\/wp-content\/uploads\/2020\/07\/INVITO-12-06_FINALEOK-768x543.jpg 768w, https:\/\/www.milesi.com\/wp-content\/uploads\/2020\/07\/INVITO-12-06_FINALEOK-1536x1086.jpg 1536w, https:\/\/www.milesi.com\/wp-content\/uploads\/2020\/07\/INVITO-12-06_FINALEOK-2048x1448.jpg 2048w, https:\/\/www.milesi.com\/wp-content\/uploads\/2020\/07\/INVITO-12-06_FINALEOK-24x17.jpg 24w, https:\/\/www.milesi.com\/wp-content\/uploads\/2020\/07\/INVITO-12-06_FINALEOK-36x25.jpg 36w, https:\/\/www.milesi.com\/wp-content\/uploads\/2020\/07\/INVITO-12-06_FINALEOK-256x181.jpg 256w\" sizes=\"(max-width: 300px) 100vw, 300px\" \/>Milesi\u00a0<\/strong>partecipa alla\u00a0<strong>Design Week 2020<\/strong>\u00a0che si svolge dal 15 al 21 giugno attraverso la piattaforma digital\u00a0<strong><a href=\"https:\/\/www.fuorisalone.it\/welcome\/it\/\">Fuorisalone.it<\/a>\u00a0<\/strong><\/p>\n<p style=\"text-align: left;\"><strong>Venerd\u00ec 19 giugno alle ore 15.30\u00a0<\/strong>si terr\u00e0 il Live Talk \u00ab\u00a0<strong>HEALTY.WOOD la risposta ad una igienizzazione permanente<\/strong>\u00ab\u00a0<\/p>\n<p style=\"text-align: left;\">con la partecipazione dello\u00a0chef\u00a0<strong>Davide Oldani\u00a0<\/strong>e<strong>\u00a0<\/strong>dell&rsquo;architetto<strong>\u00a0Piero Lissoni.<\/strong><\/p>\n<p style=\"text-align: left;\">Insieme a loro i nostri\u00a0<strong>Marco Buttafava<\/strong>, Italy Wood Coatings Director, <strong>Ilaria Lombardi<\/strong>, R&amp;D Director\u00a0e\u00a0<strong>Assioma Srl<\/strong>, Componenti d&rsquo;arredo e finiture di pregio.<\/p>\n<p style=\"text-align: left;\">Moderatore il giornalista\u00a0<strong>Alessio Lasta.<\/strong><\/p>\n<p>\u00a0<\/p>\n<p style=\"text-align: left;\"><span style=\"text-align: center;\">La nostra partecipazione all\u2019evento \u00e8 promossa da\u00a0<\/span><strong style=\"text-align: center;\">Fuorisalone.it<\/strong><span style=\"text-align: center;\">\u00a0attraverso i loro social: Facebook, Instagram e\u00a0LinkedIn.<\/span><\/p>\n<div class=\"main-container\" style=\"text-align: left;\">\n<div class=\"row\">\n<div class=\"col-sm-9\">\n<div class=\"main-content\">\n<div class=\"content news_article\">\n<p>Tutte le comunicazioni\u00a0e il video del Live Talk\u00a0sono disponibili anche sulle nostre pagine\u00a0<strong><a href=\"https:\/\/www.facebook.com\/MilesiVernici\/\">Facebook<\/a>\u00a0<\/strong>e<strong>\u00a0<a href=\"https:\/\/www.instagram.com\/milesiverniciperlegno\/\">Instagram<\/a>\u00a0<\/strong>e sui canali\u00a0<strong>Milesi\u00a0<a href=\"https:\/\/www.youtube.com\/channel\/UCgULN6yzPgE9usmMi3CP5hQ?view_as=subscriber\">YouTube<\/a><\/strong>\u00a0e\u00a0<strong><a href=\"https:\/\/vimeo.com\/user117001108\">Vimeo<\/a>.<\/strong><\/p>\n<\/div>\n<\/div>\n<\/div>\n<\/div>\n<\/div>\n<footer>\n<div class=\"brand-logo\" style=\"text-align: left;\"><span style=\"font-size: 10pt;\">Giugno 2020<\/span><\/div>\n<\/footer>","protected":false},"excerpt":{"rendered":"<p>Milesi\u00a0partecipa alla\u00a0Design Week 2020\u00a0che si svolge dal 15 al 21 giugno attraverso la piattaforma digital\u00a0Fuorisalone.it\u00a0 Venerd\u00ec 19 giugno alle ore 15.30\u00a0si terr\u00e0 il Live Talk \u00ab\u00a0HEALTY.WOOD la risposta ad una igienizzazione permanente\u00ab\u00a0 con la partecipazione dello\u00a0chef\u00a0Davide Oldani\u00a0e\u00a0dell&rsquo;architetto\u00a0Piero Lissoni. Insieme a loro i nostri\u00a0Marco Buttafava, Italy Wood Coatings Director, Ilaria Lombardi, R&amp;D Director\u00a0e\u00a0Assioma Srl, Componenti d&rsquo;arredo [&hellip;]<\/p>\n","protected":false},"author":5,"featured_media":9687,"comment_status":"open","ping_status":"closed","sticky":false,"template":"","format":"standard","meta":{"_et_pb_use_builder":"","_et_pb_old_content":"","_et_gb_content_width":"","footnotes":""},"categories":[79],"tags":[],"class_list":["post-5905","post","type-post","status-publish","format-standard","has-post-thumbnail","hentry","category-notizie"],"yoast_head":"<!-- This site is optimized with the Yoast SEO plugin v27.3 - https:\/\/yoast.com\/product\/yoast-seo-wordpress\/ -->\n<title>HEALTHY.WOOD al FuoriSalone.it - Milesi<\/title>\n<meta name=\"robots\" content=\"index, follow, max-snippet:-1, max-image-preview:large, max-video-preview:-1\" \/>\n<link rel=\"canonical\" href=\"https:\/\/www.milesi.com\/fr\/healthy-wood-al-fuorisalone-it\/\" \/>\n<meta property=\"og:locale\" content=\"fr_FR\" \/>\n<meta property=\"og:type\" content=\"article\" \/>\n<meta property=\"og:title\" content=\"HEALTHY.WOOD al FuoriSalone.it - Milesi\" \/>\n<meta property=\"og:description\" content=\"Milesi\u00a0partecipa alla\u00a0Design Week 2020\u00a0che si svolge dal 15 al 21 giugno attraverso la piattaforma digital\u00a0Fuorisalone.it\u00a0 Venerd\u00ec 19 giugno alle ore 15.30\u00a0si terr\u00e0 il Live Talk \u00ab\u00a0HEALTY.WOOD la risposta ad una igienizzazione permanente\u00ab\u00a0 con la partecipazione dello\u00a0chef\u00a0Davide Oldani\u00a0e\u00a0dell&rsquo;architetto\u00a0Piero Lissoni. Insieme a loro i nostri\u00a0Marco Buttafava, Italy Wood Coatings Director, Ilaria Lombardi, R&amp;D Director\u00a0e\u00a0Assioma Srl, Componenti d&rsquo;arredo [&hellip;]\" \/>\n<meta property=\"og:url\" content=\"https:\/\/www.milesi.com\/fr\/healthy-wood-al-fuorisalone-it\/\" \/>\n<meta property=\"og:site_name\" content=\"Milesi\" \/>\n<meta property=\"article:publisher\" content=\"https:\/\/www.facebook.com\/MilesiVernici\" \/>\n<meta property=\"article:published_time\" content=\"2020-07-06T13:31:08+00:00\" \/>\n<meta property=\"article:modified_time\" content=\"2025-04-19T09:57:01+00:00\" \/>\n<meta property=\"og:image\" content=\"https:\/\/www.milesi.com\/wp-content\/uploads\/2020\/07\/news_oldani_lissoni_1200x1200_bordo.jpg\" \/>\n\t<meta property=\"og:image:width\" content=\"600\" \/>\n\t<meta property=\"og:image:height\" content=\"600\" \/>\n\t<meta property=\"og:image:type\" content=\"image\/jpeg\" \/>\n<meta name=\"author\" content=\"User\" \/>\n<meta name=\"twitter:card\" content=\"summary_large_image\" \/>\n<meta name=\"twitter:label1\" content=\"\u00c9crit par\" \/>\n\t<meta name=\"twitter:data1\" content=\"User\" \/>\n\t<meta name=\"twitter:label2\" content=\"Dur\u00e9e de lecture estim\u00e9e\" \/>\n\t<meta name=\"twitter:data2\" content=\"1 minute\" \/>\n<script type=\"application\/ld+json\" class=\"yoast-schema-graph\">{\"@context\":\"https:\\\/\\\/schema.org\",\"@graph\":[{\"@type\":\"Article\",\"@id\":\"https:\\\/\\\/www.milesi.com\\\/fr\\\/healthy-wood-al-fuorisalone-it\\\/#article\",\"isPartOf\":{\"@id\":\"https:\\\/\\\/www.milesi.com\\\/fr\\\/healthy-wood-al-fuorisalone-it\\\/\"},\"author\":{\"name\":\"User\",\"@id\":\"https:\\\/\\\/www.milesi.com\\\/fr\\\/#\\\/schema\\\/person\\\/efe9c5f0d5dc8ecccf853a392e5aacdd\"},\"headline\":\"HEALTHY.WOOD al FuoriSalone.it\",\"datePublished\":\"2020-07-06T13:31:08+00:00\",\"dateModified\":\"2025-04-19T09:57:01+00:00\",\"mainEntityOfPage\":{\"@id\":\"https:\\\/\\\/www.milesi.com\\\/fr\\\/healthy-wood-al-fuorisalone-it\\\/\"},\"wordCount\":126,\"commentCount\":0,\"publisher\":{\"@id\":\"https:\\\/\\\/www.milesi.com\\\/fr\\\/#organization\"},\"image\":{\"@id\":\"https:\\\/\\\/www.milesi.com\\\/fr\\\/healthy-wood-al-fuorisalone-it\\\/#primaryimage\"},\"thumbnailUrl\":\"https:\\\/\\\/www.milesi.com\\\/wp-content\\\/uploads\\\/2020\\\/07\\\/news_oldani_lissoni_1200x1200_bordo.jpg\",\"articleSection\":[\"News\"],\"inLanguage\":\"fr-FR\",\"potentialAction\":[{\"@type\":\"CommentAction\",\"name\":\"Comment\",\"target\":[\"https:\\\/\\\/www.milesi.com\\\/fr\\\/healthy-wood-al-fuorisalone-it\\\/#respond\"]}]},{\"@type\":\"WebPage\",\"@id\":\"https:\\\/\\\/www.milesi.com\\\/fr\\\/healthy-wood-al-fuorisalone-it\\\/\",\"url\":\"https:\\\/\\\/www.milesi.com\\\/fr\\\/healthy-wood-al-fuorisalone-it\\\/\",\"name\":\"HEALTHY.WOOD al FuoriSalone.it - Milesi\",\"isPartOf\":{\"@id\":\"https:\\\/\\\/www.milesi.com\\\/fr\\\/#website\"},\"primaryImageOfPage\":{\"@id\":\"https:\\\/\\\/www.milesi.com\\\/fr\\\/healthy-wood-al-fuorisalone-it\\\/#primaryimage\"},\"image\":{\"@id\":\"https:\\\/\\\/www.milesi.com\\\/fr\\\/healthy-wood-al-fuorisalone-it\\\/#primaryimage\"},\"thumbnailUrl\":\"https:\\\/\\\/www.milesi.com\\\/wp-content\\\/uploads\\\/2020\\\/07\\\/news_oldani_lissoni_1200x1200_bordo.jpg\",\"datePublished\":\"2020-07-06T13:31:08+00:00\",\"dateModified\":\"2025-04-19T09:57:01+00:00\",\"breadcrumb\":{\"@id\":\"https:\\\/\\\/www.milesi.com\\\/fr\\\/healthy-wood-al-fuorisalone-it\\\/#breadcrumb\"},\"inLanguage\":\"fr-FR\",\"potentialAction\":[{\"@type\":\"ReadAction\",\"target\":[\"https:\\\/\\\/www.milesi.com\\\/fr\\\/healthy-wood-al-fuorisalone-it\\\/\"]}]},{\"@type\":\"ImageObject\",\"inLanguage\":\"fr-FR\",\"@id\":\"https:\\\/\\\/www.milesi.com\\\/fr\\\/healthy-wood-al-fuorisalone-it\\\/#primaryimage\",\"url\":\"https:\\\/\\\/www.milesi.com\\\/wp-content\\\/uploads\\\/2020\\\/07\\\/news_oldani_lissoni_1200x1200_bordo.jpg\",\"contentUrl\":\"https:\\\/\\\/www.milesi.com\\\/wp-content\\\/uploads\\\/2020\\\/07\\\/news_oldani_lissoni_1200x1200_bordo.jpg\",\"width\":600,\"height\":600},{\"@type\":\"BreadcrumbList\",\"@id\":\"https:\\\/\\\/www.milesi.com\\\/fr\\\/healthy-wood-al-fuorisalone-it\\\/#breadcrumb\",\"itemListElement\":[{\"@type\":\"ListItem\",\"position\":1,\"name\":\"Milesi - Vernis pour bois\",\"item\":\"https:\\\/\\\/www.milesi.com\\\/fr\\\/\"},{\"@type\":\"ListItem\",\"position\":2,\"name\":\"HEALTHY.WOOD al FuoriSalone.it\"}]},{\"@type\":\"WebSite\",\"@id\":\"https:\\\/\\\/www.milesi.com\\\/fr\\\/#website\",\"url\":\"https:\\\/\\\/www.milesi.com\\\/fr\\\/\",\"name\":\"Milesi Vernici per il legno\",\"description\":\"Vernis pour bois\",\"publisher\":{\"@id\":\"https:\\\/\\\/www.milesi.com\\\/fr\\\/#organization\"},\"alternateName\":\"Milesi\",\"potentialAction\":[{\"@type\":\"SearchAction\",\"target\":{\"@type\":\"EntryPoint\",\"urlTemplate\":\"https:\\\/\\\/www.milesi.com\\\/fr\\\/?s={search_term_string}\"},\"query-input\":{\"@type\":\"PropertyValueSpecification\",\"valueRequired\":true,\"valueName\":\"search_term_string\"}}],\"inLanguage\":\"fr-FR\"},{\"@type\":\"Organization\",\"@id\":\"https:\\\/\\\/www.milesi.com\\\/fr\\\/#organization\",\"name\":\"Milesi Vernici\",\"alternateName\":\"Milesi\",\"url\":\"https:\\\/\\\/www.milesi.com\\\/fr\\\/\",\"logo\":{\"@type\":\"ImageObject\",\"inLanguage\":\"fr-FR\",\"@id\":\"https:\\\/\\\/www.milesi.com\\\/fr\\\/#\\\/schema\\\/logo\\\/image\\\/\",\"url\":\"https:\\\/\\\/www.milesi.com\\\/wp-content\\\/uploads\\\/2022\\\/12\\\/milesi-web.png\",\"contentUrl\":\"https:\\\/\\\/www.milesi.com\\\/wp-content\\\/uploads\\\/2022\\\/12\\\/milesi-web.png\",\"width\":100,\"height\":101,\"caption\":\"Milesi Vernici\"},\"image\":{\"@id\":\"https:\\\/\\\/www.milesi.com\\\/fr\\\/#\\\/schema\\\/logo\\\/image\\\/\"},\"sameAs\":[\"https:\\\/\\\/www.facebook.com\\\/MilesiVernici\",\"https:\\\/\\\/www.youtube.com\\\/channel\\\/UCgULN6yzPgE9usmMi3CP5hQ\",\"https:\\\/\\\/www.instagram.com\\\/milesiverniciperlegno\\\/\",\"https:\\\/\\\/vimeo.com\\\/user117001108\",\"https:\\\/\\\/www.linkedin.com\\\/company\\\/milesiwoodcoatings\\\/\"]},{\"@type\":\"Person\",\"@id\":\"https:\\\/\\\/www.milesi.com\\\/fr\\\/#\\\/schema\\\/person\\\/efe9c5f0d5dc8ecccf853a392e5aacdd\",\"name\":\"User\"}]}<\/script>\n<!-- \/ Yoast SEO plugin. -->","yoast_head_json":{"title":"HEALTHY.WOOD al FuoriSalone.it - Milesi","robots":{"index":"index","follow":"follow","max-snippet":"max-snippet:-1","max-image-preview":"max-image-preview:large","max-video-preview":"max-video-preview:-1"},"canonical":"https:\/\/www.milesi.com\/fr\/healthy-wood-al-fuorisalone-it\/","og_locale":"fr_FR","og_type":"article","og_title":"HEALTHY.WOOD al FuoriSalone.it - Milesi","og_description":"Milesi\u00a0partecipa alla\u00a0Design Week 2020\u00a0che si svolge dal 15 al 21 giugno attraverso la piattaforma digital\u00a0Fuorisalone.it\u00a0 Venerd\u00ec 19 giugno alle ore 15.30\u00a0si terr\u00e0 il Live Talk \u00ab\u00a0HEALTY.WOOD la risposta ad una igienizzazione permanente\u00ab\u00a0 con la partecipazione dello\u00a0chef\u00a0Davide Oldani\u00a0e\u00a0dell&rsquo;architetto\u00a0Piero Lissoni. Insieme a loro i nostri\u00a0Marco Buttafava, Italy Wood Coatings Director, Ilaria Lombardi, R&amp;D Director\u00a0e\u00a0Assioma Srl, Componenti d&rsquo;arredo [&hellip;]","og_url":"https:\/\/www.milesi.com\/fr\/healthy-wood-al-fuorisalone-it\/","og_site_name":"Milesi","article_publisher":"https:\/\/www.facebook.com\/MilesiVernici","article_published_time":"2020-07-06T13:31:08+00:00","article_modified_time":"2025-04-19T09:57:01+00:00","og_image":[{"width":600,"height":600,"url":"https:\/\/www.milesi.com\/wp-content\/uploads\/2020\/07\/news_oldani_lissoni_1200x1200_bordo.jpg","type":"image\/jpeg"}],"author":"User","twitter_card":"summary_large_image","twitter_misc":{"\u00c9crit par":"User","Dur\u00e9e de lecture estim\u00e9e":"1 minute"},"schema":{"@context":"https:\/\/schema.org","@graph":[{"@type":"Article","@id":"https:\/\/www.milesi.com\/fr\/healthy-wood-al-fuorisalone-it\/#article","isPartOf":{"@id":"https:\/\/www.milesi.com\/fr\/healthy-wood-al-fuorisalone-it\/"},"author":{"name":"User","@id":"https:\/\/www.milesi.com\/fr\/#\/schema\/person\/efe9c5f0d5dc8ecccf853a392e5aacdd"},"headline":"HEALTHY.WOOD al FuoriSalone.it","datePublished":"2020-07-06T13:31:08+00:00","dateModified":"2025-04-19T09:57:01+00:00","mainEntityOfPage":{"@id":"https:\/\/www.milesi.com\/fr\/healthy-wood-al-fuorisalone-it\/"},"wordCount":126,"commentCount":0,"publisher":{"@id":"https:\/\/www.milesi.com\/fr\/#organization"},"image":{"@id":"https:\/\/www.milesi.com\/fr\/healthy-wood-al-fuorisalone-it\/#primaryimage"},"thumbnailUrl":"https:\/\/www.milesi.com\/wp-content\/uploads\/2020\/07\/news_oldani_lissoni_1200x1200_bordo.jpg","articleSection":["News"],"inLanguage":"fr-FR","potentialAction":[{"@type":"CommentAction","name":"Comment","target":["https:\/\/www.milesi.com\/fr\/healthy-wood-al-fuorisalone-it\/#respond"]}]},{"@type":"WebPage","@id":"https:\/\/www.milesi.com\/fr\/healthy-wood-al-fuorisalone-it\/","url":"https:\/\/www.milesi.com\/fr\/healthy-wood-al-fuorisalone-it\/","name":"HEALTHY.WOOD al FuoriSalone.it - Milesi","isPartOf":{"@id":"https:\/\/www.milesi.com\/fr\/#website"},"primaryImageOfPage":{"@id":"https:\/\/www.milesi.com\/fr\/healthy-wood-al-fuorisalone-it\/#primaryimage"},"image":{"@id":"https:\/\/www.milesi.com\/fr\/healthy-wood-al-fuorisalone-it\/#primaryimage"},"thumbnailUrl":"https:\/\/www.milesi.com\/wp-content\/uploads\/2020\/07\/news_oldani_lissoni_1200x1200_bordo.jpg","datePublished":"2020-07-06T13:31:08+00:00","dateModified":"2025-04-19T09:57:01+00:00","breadcrumb":{"@id":"https:\/\/www.milesi.com\/fr\/healthy-wood-al-fuorisalone-it\/#breadcrumb"},"inLanguage":"fr-FR","potentialAction":[{"@type":"ReadAction","target":["https:\/\/www.milesi.com\/fr\/healthy-wood-al-fuorisalone-it\/"]}]},{"@type":"ImageObject","inLanguage":"fr-FR","@id":"https:\/\/www.milesi.com\/fr\/healthy-wood-al-fuorisalone-it\/#primaryimage","url":"https:\/\/www.milesi.com\/wp-content\/uploads\/2020\/07\/news_oldani_lissoni_1200x1200_bordo.jpg","contentUrl":"https:\/\/www.milesi.com\/wp-content\/uploads\/2020\/07\/news_oldani_lissoni_1200x1200_bordo.jpg","width":600,"height":600},{"@type":"BreadcrumbList","@id":"https:\/\/www.milesi.com\/fr\/healthy-wood-al-fuorisalone-it\/#breadcrumb","itemListElement":[{"@type":"ListItem","position":1,"name":"Milesi - Vernis pour bois","item":"https:\/\/www.milesi.com\/fr\/"},{"@type":"ListItem","position":2,"name":"HEALTHY.WOOD al FuoriSalone.it"}]},{"@type":"WebSite","@id":"https:\/\/www.milesi.com\/fr\/#website","url":"https:\/\/www.milesi.com\/fr\/","name":"Milesi Vernici per il legno","description":"Vernis pour bois","publisher":{"@id":"https:\/\/www.milesi.com\/fr\/#organization"},"alternateName":"Milesi","potentialAction":[{"@type":"SearchAction","target":{"@type":"EntryPoint","urlTemplate":"https:\/\/www.milesi.com\/fr\/?s={search_term_string}"},"query-input":{"@type":"PropertyValueSpecification","valueRequired":true,"valueName":"search_term_string"}}],"inLanguage":"fr-FR"},{"@type":"Organization","@id":"https:\/\/www.milesi.com\/fr\/#organization","name":"Milesi Vernici","alternateName":"Milesi","url":"https:\/\/www.milesi.com\/fr\/","logo":{"@type":"ImageObject","inLanguage":"fr-FR","@id":"https:\/\/www.milesi.com\/fr\/#\/schema\/logo\/image\/","url":"https:\/\/www.milesi.com\/wp-content\/uploads\/2022\/12\/milesi-web.png","contentUrl":"https:\/\/www.milesi.com\/wp-content\/uploads\/2022\/12\/milesi-web.png","width":100,"height":101,"caption":"Milesi Vernici"},"image":{"@id":"https:\/\/www.milesi.com\/fr\/#\/schema\/logo\/image\/"},"sameAs":["https:\/\/www.facebook.com\/MilesiVernici","https:\/\/www.youtube.com\/channel\/UCgULN6yzPgE9usmMi3CP5hQ","https:\/\/www.instagram.com\/milesiverniciperlegno\/","https:\/\/vimeo.com\/user117001108","https:\/\/www.linkedin.com\/company\/milesiwoodcoatings\/"]},{"@type":"Person","@id":"https:\/\/www.milesi.com\/fr\/#\/schema\/person\/efe9c5f0d5dc8ecccf853a392e5aacdd","name":"User"}]}},"_links":{"self":[{"href":"https:\/\/www.milesi.com\/fr\/wp-json\/wp\/v2\/posts\/5905","targetHints":{"allow":["GET"]}}],"collection":[{"href":"https:\/\/www.milesi.com\/fr\/wp-json\/wp\/v2\/posts"}],"about":[{"href":"https:\/\/www.milesi.com\/fr\/wp-json\/wp\/v2\/types\/post"}],"author":[{"embeddable":true,"href":"https:\/\/www.milesi.com\/fr\/wp-json\/wp\/v2\/users\/5"}],"replies":[{"embeddable":true,"href":"https:\/\/www.milesi.com\/fr\/wp-json\/wp\/v2\/comments?post=5905"}],"version-history":[{"count":1,"href":"https:\/\/www.milesi.com\/fr\/wp-json\/wp\/v2\/posts\/5905\/revisions"}],"predecessor-version":[{"id":26909,"href":"https:\/\/www.milesi.com\/fr\/wp-json\/wp\/v2\/posts\/5905\/revisions\/26909"}],"wp:featuredmedia":[{"embeddable":true,"href":"https:\/\/www.milesi.com\/fr\/wp-json\/wp\/v2\/media\/9687"}],"wp:attachment":[{"href":"https:\/\/www.milesi.com\/fr\/wp-json\/wp\/v2\/media?parent=5905"}],"wp:term":[{"taxonomy":"category","embeddable":true,"href":"https:\/\/www.milesi.com\/fr\/wp-json\/wp\/v2\/categories?post=5905"},{"taxonomy":"post_tag","embeddable":true,"href":"https:\/\/www.milesi.com\/fr\/wp-json\/wp\/v2\/tags?post=5905"}],"curies":[{"name":"wp","href":"https:\/\/api.w.org\/{rel}","templated":true}]}}