{"id":6595,"date":"2020-07-20T11:46:16","date_gmt":"2020-07-20T09:46:16","guid":{"rendered":"http:\/\/www.milesi.com\/?p=6595"},"modified":"2025-04-19T11:10:04","modified_gmt":"2025-04-19T09:10:04","slug":"internimagazine-it-16-07-2020","status":"publish","type":"post","link":"https:\/\/www.milesi.com\/fr\/internimagazine-it-16-07-2020\/","title":{"rendered":"internimagazine.it &#8211; 16\/07\/2020"},"content":{"rendered":"<div class=\"yoast-breadcrumbs\"><span><span><a href=\"https:\/\/www.milesi.com\/fr\/\">Milesi &#8211; Vernis pour bois<\/a><\/span> \u00bb <span class=\"breadcrumb_last\" aria-current=\"page\">internimagazine.it &#8211; 16\/07\/2020<\/span><\/span><\/div>\n\n<div id=\"panel-404105-0-0-0\" class=\"so-panel widget widget_interni-foglia-testo panel-first-child\" data-index=\"0\">\n<div class=\"so-widget-interni-foglia-testo so-widget-interni-foglia-testo-base\">\n<div class=\"text-section intro-section first-letter-auto-detail first-letter-auto\">\n<div class=\"clearfix art-text\">\n<p><strong>Le vernici Healthy.Wood di Milesi per garantire la massima igiene sui banchi di scuola<\/strong><\/p>\n<p>Presentato il progetto\u00a0<b>Scuola Carugo<\/b>, presso l\u2019auditorium della Scuola Primaria di Carugo, alla presenza di Stefano Buffagni, sottosegretario di Stato per lo Sviluppo Economico, di Alessandro Fermi, presidente del Consiglio Regionale Lombardo, di Angelo Orsenigo, consigliere regionale, e del sindaco di Carugo Daniele Colombo.<\/p>\n<p>I\u00a0<b>banchi<\/b>, le\u00a0<b>sedie<\/b>, le\u00a0<b>cattedre<\/b>\u00a0e i\u00a0<b>tavoli<\/b>\u00a0mensa delle scuole primarie e secondarie di Carugo (Como), saranno verniciati con le finiture igienizzanti\u00a0<b>Healthy.Wood<\/b>\u00a0nate dalla ricerca tecnologica\u00a0<a class=\"external\" href=\"http:\/\/www.milesi.it\/it\" target=\"_blank\" rel=\"nofollow noopener noreferrer\">Milesi<\/a>\u00a0(brand del Gruppo multinazionale\u00a0<a class=\"external\" href=\"http:\/\/www.ivmgroup.com\/en\" target=\"_blank\" rel=\"nofollow noopener noreferrer\">IVM<\/a>\u00a0specializzato nella produzione di\u00a0<b>vernici<\/b>\u00a0per legno) per la riapertura del nuovo anno scolastico in totale\u00a0<b>sicurezza<\/b>.<\/p>\n<\/div>\n<\/div>\n<\/div>\n<\/div>\n<div id=\"panel-404105-0-0-1\" class=\"so-panel widget widget_media_gallery\" data-index=\"1\">\n<div class=\"row gallery-section\">\n<div class=\"col-sm-9\">\n<div class=\"image-box-g\"><a class=\"cta-image-gallery open-gallery-full\" data-gallery=\"Gallerymedia_gallery40410510001\" data-slide=\"0\"><img decoding=\"async\" src=\"https:\/\/www.internimagazine.it\/content\/uploads\/2020\/07\/Scuola-Carugo_esterni-1200x812.jpg\" alt=\"Scuola Carugo_esterni\" \/><\/a><\/div>\n<\/div>\n<div class=\"col-sm-3\">\n<div class=\"gallery-count\"><img decoding=\"async\" src=\"https:\/\/www.internimagazine.it\/content\/themes\/interni\/assets\/images\/icon-camera.svg\" alt=\"numero foto\" \/>\u00a0<span class=\"number-photos\">2<\/span><\/div>\n<\/div>\n<\/div>\n<\/div>\n<div id=\"panel-404105-0-0-2\" class=\"so-panel widget widget_interni-foglia-testo\" data-index=\"2\">\n<div class=\"so-widget-interni-foglia-testo so-widget-interni-foglia-testo-base\">\n<div class=\"text-section intro-section \">\n<div class=\"clearfix art-text\">\n<p>Quattrocentoquaranta sedute e oltre quattrocentosessanta banchi e tavoli delle ventisette aule, delle scuole di Carugo, saranno verniciate con le innovative finiture igienizzanti Healthy.Wood di Milesi, che garantiranno protezione assoluta e duratura contro i\u00a0<b>batteri<\/b>\u00a0a tutte le superfici trattate, grazie al potere\u00a0<b>disinfettante<\/b>\u00a0dell\u2019argento, cuore della vernice, che consente di inibire la proliferazione batterica oltre il 99,9%.<\/p>\n<\/div>\n<\/div>\n<\/div>\n<\/div>\n<div id=\"panel-404105-0-0-3\" class=\"so-panel widget widget_media_gallery\" data-index=\"3\">\n<div class=\"row gallery-section\">\n<div class=\"col-sm-9\">\n<div class=\"image-box-g\"><a class=\"cta-image-gallery open-gallery-full\" data-gallery=\"Gallerymedia_gallery40410510003\" data-slide=\"0\"><img decoding=\"async\" src=\"https:\/\/www.internimagazine.it\/content\/uploads\/2020\/07\/Scuola-Carugo_interni-copia-1200x812.jpg\" alt=\"Scuola Carugo_interni copia\" \/><\/a><\/div>\n<\/div>\n<div class=\"col-sm-3\">\n<div class=\"gallery-count\"><img decoding=\"async\" src=\"https:\/\/www.internimagazine.it\/content\/themes\/interni\/assets\/images\/icon-camera.svg\" alt=\"numero foto\" \/>\u00a0<span class=\"number-photos\">2<\/span><\/div>\n<\/div>\n<\/div>\n<\/div>\n<div id=\"panel-404105-0-0-4\" class=\"so-panel widget widget_interni-foglia-testo panel-last-child\" data-index=\"4\">\n<div class=\"so-widget-interni-foglia-testo so-widget-interni-foglia-testo-base\">\n<div class=\"text-section intro-section \">\n<div class=\"clearfix art-text\">\n<p>Milesi sosterr\u00e0 il progetto \u201cScuola Carugo\u201d di\u00a0<b>sanificazione<\/b>\u00a0e\u00a0<b>riqualificazione<\/b>\u00a0del plesso scolastico, assieme all\u2019azienda\u00a0<b>Assioma<\/b>\u00a0esempio di eccellenza locale, specializzata nella finitura del complemento d\u2019arredo, che si si occuper\u00e0 nei mesi estivi della riverniciatura e del ripristino dei banchi e delle sedie.<\/p>\n<\/div>\n<p>Fonte: https:\/\/www.internimagazine.it<\/p>\n<\/div>\n<\/div>\n<\/div>","protected":false},"excerpt":{"rendered":"<p>Le vernici Healthy.Wood di Milesi per garantire la massima igiene sui banchi di scuola Presentato il progetto\u00a0Scuola Carugo, presso l\u2019auditorium della Scuola Primaria di Carugo, alla presenza di Stefano Buffagni, sottosegretario di Stato per lo Sviluppo Economico, di Alessandro Fermi, presidente del Consiglio Regionale Lombardo, di Angelo Orsenigo, consigliere regionale, e del sindaco di Carugo [&hellip;]<\/p>\n","protected":false},"author":10,"featured_media":6583,"comment_status":"open","ping_status":"closed","sticky":false,"template":"","format":"standard","meta":{"_et_pb_use_builder":"","_et_pb_old_content":"","_et_gb_content_width":"","footnotes":""},"categories":[18],"tags":[],"class_list":["post-6595","post","type-post","status-publish","format-standard","has-post-thumbnail","hentry","category-press"],"yoast_head":"<!-- This site is optimized with the Yoast SEO plugin v27.3 - https:\/\/yoast.com\/product\/yoast-seo-wordpress\/ -->\n<title>internimagazine.it - 16\/07\/2020 - Milesi<\/title>\n<meta name=\"robots\" content=\"noindex, follow\" \/>\n<meta property=\"og:locale\" content=\"fr_FR\" \/>\n<meta property=\"og:type\" content=\"article\" \/>\n<meta property=\"og:title\" content=\"internimagazine.it - 16\/07\/2020 - Milesi\" \/>\n<meta property=\"og:description\" content=\"Le vernici Healthy.Wood di Milesi per garantire la massima igiene sui banchi di scuola Presentato il progetto\u00a0Scuola Carugo, presso l\u2019auditorium della Scuola Primaria di Carugo, alla presenza di Stefano Buffagni, sottosegretario di Stato per lo Sviluppo Economico, di Alessandro Fermi, presidente del Consiglio Regionale Lombardo, di Angelo Orsenigo, consigliere regionale, e del sindaco di Carugo [&hellip;]\" \/>\n<meta property=\"og:url\" content=\"https:\/\/www.milesi.com\/fr\/internimagazine-it-16-07-2020\/\" \/>\n<meta property=\"og:site_name\" content=\"Milesi\" \/>\n<meta property=\"article:publisher\" content=\"https:\/\/www.facebook.com\/MilesiVernici\" \/>\n<meta property=\"article:published_time\" content=\"2020-07-20T09:46:16+00:00\" \/>\n<meta property=\"article:modified_time\" content=\"2025-04-19T09:10:04+00:00\" \/>\n<meta property=\"og:image\" content=\"https:\/\/www.milesi.com\/wp-content\/uploads\/2020\/07\/interni-locandina-16.07-1200.jpg\" \/>\n\t<meta property=\"og:image:width\" content=\"600\" \/>\n\t<meta property=\"og:image:height\" content=\"600\" \/>\n\t<meta property=\"og:image:type\" content=\"image\/jpeg\" \/>\n<meta name=\"author\" content=\"Sogesi\" \/>\n<meta name=\"twitter:card\" content=\"summary_large_image\" \/>\n<meta name=\"twitter:label1\" content=\"\u00c9crit par\" \/>\n\t<meta name=\"twitter:data1\" content=\"Sogesi\" \/>\n\t<meta name=\"twitter:label2\" content=\"Dur\u00e9e de lecture estim\u00e9e\" \/>\n\t<meta name=\"twitter:data2\" content=\"1 minute\" \/>\n<script type=\"application\/ld+json\" class=\"yoast-schema-graph\">{\"@context\":\"https:\\\/\\\/schema.org\",\"@graph\":[{\"@type\":\"Article\",\"@id\":\"https:\\\/\\\/www.milesi.com\\\/fr\\\/internimagazine-it-16-07-2020\\\/#article\",\"isPartOf\":{\"@id\":\"https:\\\/\\\/www.milesi.com\\\/fr\\\/internimagazine-it-16-07-2020\\\/\"},\"author\":{\"name\":\"Sogesi\",\"@id\":\"https:\\\/\\\/www.milesi.com\\\/fr\\\/#\\\/schema\\\/person\\\/9e76284b0f9e48db9fd9774a75ee21bb\"},\"headline\":\"internimagazine.it &#8211; 16\\\/07\\\/2020\",\"datePublished\":\"2020-07-20T09:46:16+00:00\",\"dateModified\":\"2025-04-19T09:10:04+00:00\",\"mainEntityOfPage\":{\"@id\":\"https:\\\/\\\/www.milesi.com\\\/fr\\\/internimagazine-it-16-07-2020\\\/\"},\"wordCount\":224,\"commentCount\":0,\"publisher\":{\"@id\":\"https:\\\/\\\/www.milesi.com\\\/fr\\\/#organization\"},\"image\":{\"@id\":\"https:\\\/\\\/www.milesi.com\\\/fr\\\/internimagazine-it-16-07-2020\\\/#primaryimage\"},\"thumbnailUrl\":\"https:\\\/\\\/www.milesi.com\\\/wp-content\\\/uploads\\\/2020\\\/07\\\/interni-locandina-16.07-1200.jpg\",\"articleSection\":[\"Press\"],\"inLanguage\":\"fr-FR\",\"potentialAction\":[{\"@type\":\"CommentAction\",\"name\":\"Comment\",\"target\":[\"https:\\\/\\\/www.milesi.com\\\/fr\\\/internimagazine-it-16-07-2020\\\/#respond\"]}]},{\"@type\":\"WebPage\",\"@id\":\"https:\\\/\\\/www.milesi.com\\\/fr\\\/internimagazine-it-16-07-2020\\\/\",\"url\":\"https:\\\/\\\/www.milesi.com\\\/fr\\\/internimagazine-it-16-07-2020\\\/\",\"name\":\"internimagazine.it - 16\\\/07\\\/2020 - Milesi\",\"isPartOf\":{\"@id\":\"https:\\\/\\\/www.milesi.com\\\/fr\\\/#website\"},\"primaryImageOfPage\":{\"@id\":\"https:\\\/\\\/www.milesi.com\\\/fr\\\/internimagazine-it-16-07-2020\\\/#primaryimage\"},\"image\":{\"@id\":\"https:\\\/\\\/www.milesi.com\\\/fr\\\/internimagazine-it-16-07-2020\\\/#primaryimage\"},\"thumbnailUrl\":\"https:\\\/\\\/www.milesi.com\\\/wp-content\\\/uploads\\\/2020\\\/07\\\/interni-locandina-16.07-1200.jpg\",\"datePublished\":\"2020-07-20T09:46:16+00:00\",\"dateModified\":\"2025-04-19T09:10:04+00:00\",\"breadcrumb\":{\"@id\":\"https:\\\/\\\/www.milesi.com\\\/fr\\\/internimagazine-it-16-07-2020\\\/#breadcrumb\"},\"inLanguage\":\"fr-FR\",\"potentialAction\":[{\"@type\":\"ReadAction\",\"target\":[\"https:\\\/\\\/www.milesi.com\\\/fr\\\/internimagazine-it-16-07-2020\\\/\"]}]},{\"@type\":\"ImageObject\",\"inLanguage\":\"fr-FR\",\"@id\":\"https:\\\/\\\/www.milesi.com\\\/fr\\\/internimagazine-it-16-07-2020\\\/#primaryimage\",\"url\":\"https:\\\/\\\/www.milesi.com\\\/wp-content\\\/uploads\\\/2020\\\/07\\\/interni-locandina-16.07-1200.jpg\",\"contentUrl\":\"https:\\\/\\\/www.milesi.com\\\/wp-content\\\/uploads\\\/2020\\\/07\\\/interni-locandina-16.07-1200.jpg\",\"width\":600,\"height\":600},{\"@type\":\"BreadcrumbList\",\"@id\":\"https:\\\/\\\/www.milesi.com\\\/fr\\\/internimagazine-it-16-07-2020\\\/#breadcrumb\",\"itemListElement\":[{\"@type\":\"ListItem\",\"position\":1,\"name\":\"Milesi - Vernis pour bois\",\"item\":\"https:\\\/\\\/www.milesi.com\\\/fr\\\/\"},{\"@type\":\"ListItem\",\"position\":2,\"name\":\"internimagazine.it &#8211; 16\\\/07\\\/2020\"}]},{\"@type\":\"WebSite\",\"@id\":\"https:\\\/\\\/www.milesi.com\\\/fr\\\/#website\",\"url\":\"https:\\\/\\\/www.milesi.com\\\/fr\\\/\",\"name\":\"Milesi Vernici per il legno\",\"description\":\"Vernis pour bois\",\"publisher\":{\"@id\":\"https:\\\/\\\/www.milesi.com\\\/fr\\\/#organization\"},\"alternateName\":\"Milesi\",\"potentialAction\":[{\"@type\":\"SearchAction\",\"target\":{\"@type\":\"EntryPoint\",\"urlTemplate\":\"https:\\\/\\\/www.milesi.com\\\/fr\\\/?s={search_term_string}\"},\"query-input\":{\"@type\":\"PropertyValueSpecification\",\"valueRequired\":true,\"valueName\":\"search_term_string\"}}],\"inLanguage\":\"fr-FR\"},{\"@type\":\"Organization\",\"@id\":\"https:\\\/\\\/www.milesi.com\\\/fr\\\/#organization\",\"name\":\"Milesi Vernici\",\"alternateName\":\"Milesi\",\"url\":\"https:\\\/\\\/www.milesi.com\\\/fr\\\/\",\"logo\":{\"@type\":\"ImageObject\",\"inLanguage\":\"fr-FR\",\"@id\":\"https:\\\/\\\/www.milesi.com\\\/fr\\\/#\\\/schema\\\/logo\\\/image\\\/\",\"url\":\"https:\\\/\\\/www.milesi.com\\\/wp-content\\\/uploads\\\/2022\\\/12\\\/milesi-web.png\",\"contentUrl\":\"https:\\\/\\\/www.milesi.com\\\/wp-content\\\/uploads\\\/2022\\\/12\\\/milesi-web.png\",\"width\":100,\"height\":101,\"caption\":\"Milesi Vernici\"},\"image\":{\"@id\":\"https:\\\/\\\/www.milesi.com\\\/fr\\\/#\\\/schema\\\/logo\\\/image\\\/\"},\"sameAs\":[\"https:\\\/\\\/www.facebook.com\\\/MilesiVernici\",\"https:\\\/\\\/www.youtube.com\\\/channel\\\/UCgULN6yzPgE9usmMi3CP5hQ\",\"https:\\\/\\\/www.instagram.com\\\/milesiverniciperlegno\\\/\",\"https:\\\/\\\/vimeo.com\\\/user117001108\",\"https:\\\/\\\/www.linkedin.com\\\/company\\\/milesiwoodcoatings\\\/\"]},{\"@type\":\"Person\",\"@id\":\"https:\\\/\\\/www.milesi.com\\\/fr\\\/#\\\/schema\\\/person\\\/9e76284b0f9e48db9fd9774a75ee21bb\",\"name\":\"Sogesi\"}]}<\/script>\n<!-- \/ Yoast SEO plugin. -->","yoast_head_json":{"title":"internimagazine.it - 16\/07\/2020 - Milesi","robots":{"index":"noindex","follow":"follow"},"og_locale":"fr_FR","og_type":"article","og_title":"internimagazine.it - 16\/07\/2020 - Milesi","og_description":"Le vernici Healthy.Wood di Milesi per garantire la massima igiene sui banchi di scuola Presentato il progetto\u00a0Scuola Carugo, presso l\u2019auditorium della Scuola Primaria di Carugo, alla presenza di Stefano Buffagni, sottosegretario di Stato per lo Sviluppo Economico, di Alessandro Fermi, presidente del Consiglio Regionale Lombardo, di Angelo Orsenigo, consigliere regionale, e del sindaco di Carugo [&hellip;]","og_url":"https:\/\/www.milesi.com\/fr\/internimagazine-it-16-07-2020\/","og_site_name":"Milesi","article_publisher":"https:\/\/www.facebook.com\/MilesiVernici","article_published_time":"2020-07-20T09:46:16+00:00","article_modified_time":"2025-04-19T09:10:04+00:00","og_image":[{"width":600,"height":600,"url":"https:\/\/www.milesi.com\/wp-content\/uploads\/2020\/07\/interni-locandina-16.07-1200.jpg","type":"image\/jpeg"}],"author":"Sogesi","twitter_card":"summary_large_image","twitter_misc":{"\u00c9crit par":"Sogesi","Dur\u00e9e de lecture estim\u00e9e":"1 minute"},"schema":{"@context":"https:\/\/schema.org","@graph":[{"@type":"Article","@id":"https:\/\/www.milesi.com\/fr\/internimagazine-it-16-07-2020\/#article","isPartOf":{"@id":"https:\/\/www.milesi.com\/fr\/internimagazine-it-16-07-2020\/"},"author":{"name":"Sogesi","@id":"https:\/\/www.milesi.com\/fr\/#\/schema\/person\/9e76284b0f9e48db9fd9774a75ee21bb"},"headline":"internimagazine.it &#8211; 16\/07\/2020","datePublished":"2020-07-20T09:46:16+00:00","dateModified":"2025-04-19T09:10:04+00:00","mainEntityOfPage":{"@id":"https:\/\/www.milesi.com\/fr\/internimagazine-it-16-07-2020\/"},"wordCount":224,"commentCount":0,"publisher":{"@id":"https:\/\/www.milesi.com\/fr\/#organization"},"image":{"@id":"https:\/\/www.milesi.com\/fr\/internimagazine-it-16-07-2020\/#primaryimage"},"thumbnailUrl":"https:\/\/www.milesi.com\/wp-content\/uploads\/2020\/07\/interni-locandina-16.07-1200.jpg","articleSection":["Press"],"inLanguage":"fr-FR","potentialAction":[{"@type":"CommentAction","name":"Comment","target":["https:\/\/www.milesi.com\/fr\/internimagazine-it-16-07-2020\/#respond"]}]},{"@type":"WebPage","@id":"https:\/\/www.milesi.com\/fr\/internimagazine-it-16-07-2020\/","url":"https:\/\/www.milesi.com\/fr\/internimagazine-it-16-07-2020\/","name":"internimagazine.it - 16\/07\/2020 - Milesi","isPartOf":{"@id":"https:\/\/www.milesi.com\/fr\/#website"},"primaryImageOfPage":{"@id":"https:\/\/www.milesi.com\/fr\/internimagazine-it-16-07-2020\/#primaryimage"},"image":{"@id":"https:\/\/www.milesi.com\/fr\/internimagazine-it-16-07-2020\/#primaryimage"},"thumbnailUrl":"https:\/\/www.milesi.com\/wp-content\/uploads\/2020\/07\/interni-locandina-16.07-1200.jpg","datePublished":"2020-07-20T09:46:16+00:00","dateModified":"2025-04-19T09:10:04+00:00","breadcrumb":{"@id":"https:\/\/www.milesi.com\/fr\/internimagazine-it-16-07-2020\/#breadcrumb"},"inLanguage":"fr-FR","potentialAction":[{"@type":"ReadAction","target":["https:\/\/www.milesi.com\/fr\/internimagazine-it-16-07-2020\/"]}]},{"@type":"ImageObject","inLanguage":"fr-FR","@id":"https:\/\/www.milesi.com\/fr\/internimagazine-it-16-07-2020\/#primaryimage","url":"https:\/\/www.milesi.com\/wp-content\/uploads\/2020\/07\/interni-locandina-16.07-1200.jpg","contentUrl":"https:\/\/www.milesi.com\/wp-content\/uploads\/2020\/07\/interni-locandina-16.07-1200.jpg","width":600,"height":600},{"@type":"BreadcrumbList","@id":"https:\/\/www.milesi.com\/fr\/internimagazine-it-16-07-2020\/#breadcrumb","itemListElement":[{"@type":"ListItem","position":1,"name":"Milesi - Vernis pour bois","item":"https:\/\/www.milesi.com\/fr\/"},{"@type":"ListItem","position":2,"name":"internimagazine.it &#8211; 16\/07\/2020"}]},{"@type":"WebSite","@id":"https:\/\/www.milesi.com\/fr\/#website","url":"https:\/\/www.milesi.com\/fr\/","name":"Milesi Vernici per il legno","description":"Vernis pour bois","publisher":{"@id":"https:\/\/www.milesi.com\/fr\/#organization"},"alternateName":"Milesi","potentialAction":[{"@type":"SearchAction","target":{"@type":"EntryPoint","urlTemplate":"https:\/\/www.milesi.com\/fr\/?s={search_term_string}"},"query-input":{"@type":"PropertyValueSpecification","valueRequired":true,"valueName":"search_term_string"}}],"inLanguage":"fr-FR"},{"@type":"Organization","@id":"https:\/\/www.milesi.com\/fr\/#organization","name":"Milesi Vernici","alternateName":"Milesi","url":"https:\/\/www.milesi.com\/fr\/","logo":{"@type":"ImageObject","inLanguage":"fr-FR","@id":"https:\/\/www.milesi.com\/fr\/#\/schema\/logo\/image\/","url":"https:\/\/www.milesi.com\/wp-content\/uploads\/2022\/12\/milesi-web.png","contentUrl":"https:\/\/www.milesi.com\/wp-content\/uploads\/2022\/12\/milesi-web.png","width":100,"height":101,"caption":"Milesi Vernici"},"image":{"@id":"https:\/\/www.milesi.com\/fr\/#\/schema\/logo\/image\/"},"sameAs":["https:\/\/www.facebook.com\/MilesiVernici","https:\/\/www.youtube.com\/channel\/UCgULN6yzPgE9usmMi3CP5hQ","https:\/\/www.instagram.com\/milesiverniciperlegno\/","https:\/\/vimeo.com\/user117001108","https:\/\/www.linkedin.com\/company\/milesiwoodcoatings\/"]},{"@type":"Person","@id":"https:\/\/www.milesi.com\/fr\/#\/schema\/person\/9e76284b0f9e48db9fd9774a75ee21bb","name":"Sogesi"}]}},"_links":{"self":[{"href":"https:\/\/www.milesi.com\/fr\/wp-json\/wp\/v2\/posts\/6595","targetHints":{"allow":["GET"]}}],"collection":[{"href":"https:\/\/www.milesi.com\/fr\/wp-json\/wp\/v2\/posts"}],"about":[{"href":"https:\/\/www.milesi.com\/fr\/wp-json\/wp\/v2\/types\/post"}],"author":[{"embeddable":true,"href":"https:\/\/www.milesi.com\/fr\/wp-json\/wp\/v2\/users\/10"}],"replies":[{"embeddable":true,"href":"https:\/\/www.milesi.com\/fr\/wp-json\/wp\/v2\/comments?post=6595"}],"version-history":[{"count":1,"href":"https:\/\/www.milesi.com\/fr\/wp-json\/wp\/v2\/posts\/6595\/revisions"}],"predecessor-version":[{"id":26847,"href":"https:\/\/www.milesi.com\/fr\/wp-json\/wp\/v2\/posts\/6595\/revisions\/26847"}],"wp:featuredmedia":[{"embeddable":true,"href":"https:\/\/www.milesi.com\/fr\/wp-json\/wp\/v2\/media\/6583"}],"wp:attachment":[{"href":"https:\/\/www.milesi.com\/fr\/wp-json\/wp\/v2\/media?parent=6595"}],"wp:term":[{"taxonomy":"category","embeddable":true,"href":"https:\/\/www.milesi.com\/fr\/wp-json\/wp\/v2\/categories?post=6595"},{"taxonomy":"post_tag","embeddable":true,"href":"https:\/\/www.milesi.com\/fr\/wp-json\/wp\/v2\/tags?post=6595"}],"curies":[{"name":"wp","href":"https:\/\/api.w.org\/{rel}","templated":true}]}}