{"id":6622,"date":"2020-07-20T11:54:26","date_gmt":"2020-07-20T09:54:26","guid":{"rendered":"http:\/\/www.milesi.com\/?p=6622"},"modified":"2025-04-19T10:33:34","modified_gmt":"2025-04-19T08:33:34","slug":"ilcommercioedile-it-11-07-2020","status":"publish","type":"post","link":"https:\/\/www.milesi.com\/fr\/ilcommercioedile-it-11-07-2020\/","title":{"rendered":"ilcommercioedile.it &#8211; 11\/07\/2020"},"content":{"rendered":"<div class=\"yoast-breadcrumbs\"><span><span><a href=\"https:\/\/www.milesi.com\/fr\/\">Milesi &#8211; Vernis pour bois<\/a><\/span> \u00bb <span class=\"breadcrumb_last\" aria-current=\"page\">ilcommercioedile.it &#8211; 11\/07\/2020<\/span><\/span><\/div>\n\n<figure>\n<h1 class=\"entry-title\">Scuola di Carugo. Sanificare per ripartire in sicurezza<\/h1>\n<\/figure>\n<figure id=\"attachment_63121\" class=\"wp-caption alignnone\"><a href=\"https:\/\/www.ilcommercioedile.it\/files\/2020\/07\/Scuola-Carugo_esterni.jpg\" data-slb-active=\"1\" data-slb-asset=\"1376538272\" data-slb-internal=\"0\" data-slb-group=\"63118\"><img loading=\"lazy\" decoding=\"async\" class=\"size-full wp-image-63121 td-animation-stack-type0-2\" src=\"https:\/\/www.ilcommercioedile.it\/files\/2020\/07\/Scuola-Carugo_esterni.jpg\" sizes=\"(max-width: 2560px) 100vw, 2560px\" srcset=\"https:\/\/www.ilcommercioedile.it\/files\/2020\/07\/Scuola-Carugo_esterni.jpg 2560w, https:\/\/www.ilcommercioedile.it\/files\/2020\/07\/Scuola-Carugo_esterni-300x169.jpg 300w, https:\/\/www.ilcommercioedile.it\/files\/2020\/07\/Scuola-Carugo_esterni-768x432.jpg 768w, https:\/\/www.ilcommercioedile.it\/files\/2020\/07\/Scuola-Carugo_esterni-1024x576.jpg 1024w, https:\/\/www.ilcommercioedile.it\/files\/2020\/07\/Scuola-Carugo_esterni-696x392.jpg 696w, https:\/\/www.ilcommercioedile.it\/files\/2020\/07\/Scuola-Carugo_esterni-1068x601.jpg 1068w, https:\/\/www.ilcommercioedile.it\/files\/2020\/07\/Scuola-Carugo_esterni-747x420.jpg 747w\" alt=\"scuola\" width=\"2560\" height=\"1440\" \/><\/a>\n<figcaption class=\"wp-caption-text\">foto di Milesi<\/figcaption>\n<\/figure>\n<p>Dopo il Covid-19, gli istituti scolastici guardano alla ripartenza<span class=\"Apple-converted-space\">\u00a0\u00a0<\/span>con grande attesa. Tra questi l<strong>\u2019istituto Carugo<\/strong>\u00a0a Como si sta organizzando per tornare ad accogliere gli oltre 440 studenti e docenti, che ogni anno frequentano la struttura, con arredamenti igienizzati in modo permanente.<\/p>\n<p>440 sedute e oltre 460\u00a0banchi e tavoli delle ventisette aule, delle scuole di Carugo, saranno verniciate con le innovative finiture igienizzanti\u00a0<b>Healthy.Wood<\/b>\u00a0di\u00a0<a href=\"http:\/\/www.milesi.it\/it\/\"><b>Milesi<\/b>,<\/a>\u00a0che garantiranno protezione assoluta e duratura contro i batteri a tutte le superfici trattate, grazie al potere disinfettante dell\u2019argento, cuore della vernice, che consente di inibire la proliferazione batterica oltre il 99,9%.<\/p>\n<p><strong>\u201cCrediamo fortemente in questa significativa collaborazione, resa possibile grazie anche alla disponibilit\u00e0 delle maggiori realt\u00e0 istituzionali e imprenditoriali del territorio. Un territorio, quello della Brianza, a noi molto vicino e da sempre strettamente collegato. Siamo orgogliosi ed entusiasti di essere partner nel progetto \u2018Scuola Carugo\u2019, che consideriamo prioritario per la forte valenza sociale. La nostra vernice igienizzante Healthy.wood, \u00e8 la soluzione ottimale e tecnologicamente all\u2019avanguardia, in grado di garantire concreti livelli di sicurezza elevati.\u201d\u00a0<\/strong>Federica Teso, Vice Presidente IVM Group<\/p>\n<p><strong>\u201cNoi siamo grati di questo regalo che igienizzer\u00e0 le attrezzature della scuola per la ripresa in sicurezza delle attivit\u00e0 didattiche.\u201d<\/strong>\u00a0Vicesindaco del Comune di Carugo, Laura Pozzi<\/p>\n<p>Milesi sosterr\u00e0 il progetto \u201cScuola Carugo\u201d di sanificazione e riqualificazione del complesso scolastico, assieme all\u2019azienda\u00a0<strong>Assioma<\/strong>, specializzata nella finitura del complemento d\u2019arredo, che si si occuper\u00e0 nei mesi estivi della riverniciatura e del ripristino dei banchi e delle sedie.<\/p>\n<p>\u201cScuola Carugo\u201d \u00e8 un segnale importante di ripresa con una riapertura veramente in sicurezza, e testimonia la volont\u00e0 e l\u2019impegno di Milesi nel sostenere concreti progetti rivolti al benessere dell\u2019uomo nel pieno rispetto dell\u2019ambiente.<\/p>\n<p>Fonte: https:\/\/www.ilcommercioedile.it<\/p>","protected":false},"excerpt":{"rendered":"<p>Scuola di Carugo. Sanificare per ripartire in sicurezza foto di Milesi Dopo il Covid-19, gli istituti scolastici guardano alla ripartenza\u00a0\u00a0con grande attesa. Tra questi l\u2019istituto Carugo\u00a0a Como si sta organizzando per tornare ad accogliere gli oltre 440 studenti e docenti, che ogni anno frequentano la struttura, con arredamenti igienizzati in modo permanente. 440 sedute e [&hellip;]<\/p>\n","protected":false},"author":10,"featured_media":6623,"comment_status":"open","ping_status":"closed","sticky":false,"template":"","format":"standard","meta":{"_et_pb_use_builder":"","_et_pb_old_content":"","_et_gb_content_width":"","footnotes":""},"categories":[18],"tags":[],"class_list":["post-6622","post","type-post","status-publish","format-standard","has-post-thumbnail","hentry","category-press"],"yoast_head":"<!-- This site is optimized with the Yoast SEO plugin v27.3 - https:\/\/yoast.com\/product\/yoast-seo-wordpress\/ -->\n<title>ilcommercioedile.it - 11\/07\/2020 - Milesi<\/title>\n<meta name=\"robots\" content=\"noindex, follow\" \/>\n<meta property=\"og:locale\" content=\"fr_FR\" \/>\n<meta property=\"og:type\" content=\"article\" \/>\n<meta property=\"og:title\" content=\"ilcommercioedile.it - 11\/07\/2020 - Milesi\" \/>\n<meta property=\"og:description\" content=\"Scuola di Carugo. Sanificare per ripartire in sicurezza foto di Milesi Dopo il Covid-19, gli istituti scolastici guardano alla ripartenza\u00a0\u00a0con grande attesa. Tra questi l\u2019istituto Carugo\u00a0a Como si sta organizzando per tornare ad accogliere gli oltre 440 studenti e docenti, che ogni anno frequentano la struttura, con arredamenti igienizzati in modo permanente. 440 sedute e [&hellip;]\" \/>\n<meta property=\"og:url\" content=\"https:\/\/www.milesi.com\/fr\/ilcommercioedile-it-11-07-2020\/\" \/>\n<meta property=\"og:site_name\" content=\"Milesi\" \/>\n<meta property=\"article:publisher\" content=\"https:\/\/www.facebook.com\/MilesiVernici\" \/>\n<meta property=\"article:published_time\" content=\"2020-07-20T09:54:26+00:00\" \/>\n<meta property=\"article:modified_time\" content=\"2025-04-19T08:33:34+00:00\" \/>\n<meta property=\"og:image\" content=\"https:\/\/www.milesi.com\/wp-content\/uploads\/2020\/07\/Il-commercio-edile-locandina-1200.jpg\" \/>\n\t<meta property=\"og:image:width\" content=\"600\" \/>\n\t<meta property=\"og:image:height\" content=\"600\" \/>\n\t<meta property=\"og:image:type\" content=\"image\/jpeg\" \/>\n<meta name=\"author\" content=\"Sogesi\" \/>\n<meta name=\"twitter:card\" content=\"summary_large_image\" \/>\n<meta name=\"twitter:label1\" content=\"\u00c9crit par\" \/>\n\t<meta name=\"twitter:data1\" content=\"Sogesi\" \/>\n\t<meta name=\"twitter:label2\" content=\"Dur\u00e9e de lecture estim\u00e9e\" \/>\n\t<meta name=\"twitter:data2\" content=\"2 minutes\" \/>\n<script type=\"application\/ld+json\" class=\"yoast-schema-graph\">{\"@context\":\"https:\\\/\\\/schema.org\",\"@graph\":[{\"@type\":\"Article\",\"@id\":\"https:\\\/\\\/www.milesi.com\\\/fr\\\/ilcommercioedile-it-11-07-2020\\\/#article\",\"isPartOf\":{\"@id\":\"https:\\\/\\\/www.milesi.com\\\/fr\\\/ilcommercioedile-it-11-07-2020\\\/\"},\"author\":{\"name\":\"Sogesi\",\"@id\":\"https:\\\/\\\/www.milesi.com\\\/fr\\\/#\\\/schema\\\/person\\\/9e76284b0f9e48db9fd9774a75ee21bb\"},\"headline\":\"ilcommercioedile.it &#8211; 11\\\/07\\\/2020\",\"datePublished\":\"2020-07-20T09:54:26+00:00\",\"dateModified\":\"2025-04-19T08:33:34+00:00\",\"mainEntityOfPage\":{\"@id\":\"https:\\\/\\\/www.milesi.com\\\/fr\\\/ilcommercioedile-it-11-07-2020\\\/\"},\"wordCount\":303,\"commentCount\":0,\"publisher\":{\"@id\":\"https:\\\/\\\/www.milesi.com\\\/fr\\\/#organization\"},\"image\":{\"@id\":\"https:\\\/\\\/www.milesi.com\\\/fr\\\/ilcommercioedile-it-11-07-2020\\\/#primaryimage\"},\"thumbnailUrl\":\"https:\\\/\\\/www.milesi.com\\\/wp-content\\\/uploads\\\/2020\\\/07\\\/Il-commercio-edile-locandina-1200.jpg\",\"articleSection\":[\"Press\"],\"inLanguage\":\"fr-FR\",\"potentialAction\":[{\"@type\":\"CommentAction\",\"name\":\"Comment\",\"target\":[\"https:\\\/\\\/www.milesi.com\\\/fr\\\/ilcommercioedile-it-11-07-2020\\\/#respond\"]}]},{\"@type\":\"WebPage\",\"@id\":\"https:\\\/\\\/www.milesi.com\\\/fr\\\/ilcommercioedile-it-11-07-2020\\\/\",\"url\":\"https:\\\/\\\/www.milesi.com\\\/fr\\\/ilcommercioedile-it-11-07-2020\\\/\",\"name\":\"ilcommercioedile.it - 11\\\/07\\\/2020 - Milesi\",\"isPartOf\":{\"@id\":\"https:\\\/\\\/www.milesi.com\\\/fr\\\/#website\"},\"primaryImageOfPage\":{\"@id\":\"https:\\\/\\\/www.milesi.com\\\/fr\\\/ilcommercioedile-it-11-07-2020\\\/#primaryimage\"},\"image\":{\"@id\":\"https:\\\/\\\/www.milesi.com\\\/fr\\\/ilcommercioedile-it-11-07-2020\\\/#primaryimage\"},\"thumbnailUrl\":\"https:\\\/\\\/www.milesi.com\\\/wp-content\\\/uploads\\\/2020\\\/07\\\/Il-commercio-edile-locandina-1200.jpg\",\"datePublished\":\"2020-07-20T09:54:26+00:00\",\"dateModified\":\"2025-04-19T08:33:34+00:00\",\"breadcrumb\":{\"@id\":\"https:\\\/\\\/www.milesi.com\\\/fr\\\/ilcommercioedile-it-11-07-2020\\\/#breadcrumb\"},\"inLanguage\":\"fr-FR\",\"potentialAction\":[{\"@type\":\"ReadAction\",\"target\":[\"https:\\\/\\\/www.milesi.com\\\/fr\\\/ilcommercioedile-it-11-07-2020\\\/\"]}]},{\"@type\":\"ImageObject\",\"inLanguage\":\"fr-FR\",\"@id\":\"https:\\\/\\\/www.milesi.com\\\/fr\\\/ilcommercioedile-it-11-07-2020\\\/#primaryimage\",\"url\":\"https:\\\/\\\/www.milesi.com\\\/wp-content\\\/uploads\\\/2020\\\/07\\\/Il-commercio-edile-locandina-1200.jpg\",\"contentUrl\":\"https:\\\/\\\/www.milesi.com\\\/wp-content\\\/uploads\\\/2020\\\/07\\\/Il-commercio-edile-locandina-1200.jpg\",\"width\":600,\"height\":600},{\"@type\":\"BreadcrumbList\",\"@id\":\"https:\\\/\\\/www.milesi.com\\\/fr\\\/ilcommercioedile-it-11-07-2020\\\/#breadcrumb\",\"itemListElement\":[{\"@type\":\"ListItem\",\"position\":1,\"name\":\"Milesi - Vernis pour bois\",\"item\":\"https:\\\/\\\/www.milesi.com\\\/fr\\\/\"},{\"@type\":\"ListItem\",\"position\":2,\"name\":\"ilcommercioedile.it &#8211; 11\\\/07\\\/2020\"}]},{\"@type\":\"WebSite\",\"@id\":\"https:\\\/\\\/www.milesi.com\\\/fr\\\/#website\",\"url\":\"https:\\\/\\\/www.milesi.com\\\/fr\\\/\",\"name\":\"Milesi Vernici per il legno\",\"description\":\"Vernis pour bois\",\"publisher\":{\"@id\":\"https:\\\/\\\/www.milesi.com\\\/fr\\\/#organization\"},\"alternateName\":\"Milesi\",\"potentialAction\":[{\"@type\":\"SearchAction\",\"target\":{\"@type\":\"EntryPoint\",\"urlTemplate\":\"https:\\\/\\\/www.milesi.com\\\/fr\\\/?s={search_term_string}\"},\"query-input\":{\"@type\":\"PropertyValueSpecification\",\"valueRequired\":true,\"valueName\":\"search_term_string\"}}],\"inLanguage\":\"fr-FR\"},{\"@type\":\"Organization\",\"@id\":\"https:\\\/\\\/www.milesi.com\\\/fr\\\/#organization\",\"name\":\"Milesi Vernici\",\"alternateName\":\"Milesi\",\"url\":\"https:\\\/\\\/www.milesi.com\\\/fr\\\/\",\"logo\":{\"@type\":\"ImageObject\",\"inLanguage\":\"fr-FR\",\"@id\":\"https:\\\/\\\/www.milesi.com\\\/fr\\\/#\\\/schema\\\/logo\\\/image\\\/\",\"url\":\"https:\\\/\\\/www.milesi.com\\\/wp-content\\\/uploads\\\/2022\\\/12\\\/milesi-web.png\",\"contentUrl\":\"https:\\\/\\\/www.milesi.com\\\/wp-content\\\/uploads\\\/2022\\\/12\\\/milesi-web.png\",\"width\":100,\"height\":101,\"caption\":\"Milesi Vernici\"},\"image\":{\"@id\":\"https:\\\/\\\/www.milesi.com\\\/fr\\\/#\\\/schema\\\/logo\\\/image\\\/\"},\"sameAs\":[\"https:\\\/\\\/www.facebook.com\\\/MilesiVernici\",\"https:\\\/\\\/www.youtube.com\\\/channel\\\/UCgULN6yzPgE9usmMi3CP5hQ\",\"https:\\\/\\\/www.instagram.com\\\/milesiverniciperlegno\\\/\",\"https:\\\/\\\/vimeo.com\\\/user117001108\",\"https:\\\/\\\/www.linkedin.com\\\/company\\\/milesiwoodcoatings\\\/\"]},{\"@type\":\"Person\",\"@id\":\"https:\\\/\\\/www.milesi.com\\\/fr\\\/#\\\/schema\\\/person\\\/9e76284b0f9e48db9fd9774a75ee21bb\",\"name\":\"Sogesi\"}]}<\/script>\n<!-- \/ Yoast SEO plugin. -->","yoast_head_json":{"title":"ilcommercioedile.it - 11\/07\/2020 - Milesi","robots":{"index":"noindex","follow":"follow"},"og_locale":"fr_FR","og_type":"article","og_title":"ilcommercioedile.it - 11\/07\/2020 - Milesi","og_description":"Scuola di Carugo. Sanificare per ripartire in sicurezza foto di Milesi Dopo il Covid-19, gli istituti scolastici guardano alla ripartenza\u00a0\u00a0con grande attesa. Tra questi l\u2019istituto Carugo\u00a0a Como si sta organizzando per tornare ad accogliere gli oltre 440 studenti e docenti, che ogni anno frequentano la struttura, con arredamenti igienizzati in modo permanente. 440 sedute e [&hellip;]","og_url":"https:\/\/www.milesi.com\/fr\/ilcommercioedile-it-11-07-2020\/","og_site_name":"Milesi","article_publisher":"https:\/\/www.facebook.com\/MilesiVernici","article_published_time":"2020-07-20T09:54:26+00:00","article_modified_time":"2025-04-19T08:33:34+00:00","og_image":[{"width":600,"height":600,"url":"https:\/\/www.milesi.com\/wp-content\/uploads\/2020\/07\/Il-commercio-edile-locandina-1200.jpg","type":"image\/jpeg"}],"author":"Sogesi","twitter_card":"summary_large_image","twitter_misc":{"\u00c9crit par":"Sogesi","Dur\u00e9e de lecture estim\u00e9e":"2 minutes"},"schema":{"@context":"https:\/\/schema.org","@graph":[{"@type":"Article","@id":"https:\/\/www.milesi.com\/fr\/ilcommercioedile-it-11-07-2020\/#article","isPartOf":{"@id":"https:\/\/www.milesi.com\/fr\/ilcommercioedile-it-11-07-2020\/"},"author":{"name":"Sogesi","@id":"https:\/\/www.milesi.com\/fr\/#\/schema\/person\/9e76284b0f9e48db9fd9774a75ee21bb"},"headline":"ilcommercioedile.it &#8211; 11\/07\/2020","datePublished":"2020-07-20T09:54:26+00:00","dateModified":"2025-04-19T08:33:34+00:00","mainEntityOfPage":{"@id":"https:\/\/www.milesi.com\/fr\/ilcommercioedile-it-11-07-2020\/"},"wordCount":303,"commentCount":0,"publisher":{"@id":"https:\/\/www.milesi.com\/fr\/#organization"},"image":{"@id":"https:\/\/www.milesi.com\/fr\/ilcommercioedile-it-11-07-2020\/#primaryimage"},"thumbnailUrl":"https:\/\/www.milesi.com\/wp-content\/uploads\/2020\/07\/Il-commercio-edile-locandina-1200.jpg","articleSection":["Press"],"inLanguage":"fr-FR","potentialAction":[{"@type":"CommentAction","name":"Comment","target":["https:\/\/www.milesi.com\/fr\/ilcommercioedile-it-11-07-2020\/#respond"]}]},{"@type":"WebPage","@id":"https:\/\/www.milesi.com\/fr\/ilcommercioedile-it-11-07-2020\/","url":"https:\/\/www.milesi.com\/fr\/ilcommercioedile-it-11-07-2020\/","name":"ilcommercioedile.it - 11\/07\/2020 - Milesi","isPartOf":{"@id":"https:\/\/www.milesi.com\/fr\/#website"},"primaryImageOfPage":{"@id":"https:\/\/www.milesi.com\/fr\/ilcommercioedile-it-11-07-2020\/#primaryimage"},"image":{"@id":"https:\/\/www.milesi.com\/fr\/ilcommercioedile-it-11-07-2020\/#primaryimage"},"thumbnailUrl":"https:\/\/www.milesi.com\/wp-content\/uploads\/2020\/07\/Il-commercio-edile-locandina-1200.jpg","datePublished":"2020-07-20T09:54:26+00:00","dateModified":"2025-04-19T08:33:34+00:00","breadcrumb":{"@id":"https:\/\/www.milesi.com\/fr\/ilcommercioedile-it-11-07-2020\/#breadcrumb"},"inLanguage":"fr-FR","potentialAction":[{"@type":"ReadAction","target":["https:\/\/www.milesi.com\/fr\/ilcommercioedile-it-11-07-2020\/"]}]},{"@type":"ImageObject","inLanguage":"fr-FR","@id":"https:\/\/www.milesi.com\/fr\/ilcommercioedile-it-11-07-2020\/#primaryimage","url":"https:\/\/www.milesi.com\/wp-content\/uploads\/2020\/07\/Il-commercio-edile-locandina-1200.jpg","contentUrl":"https:\/\/www.milesi.com\/wp-content\/uploads\/2020\/07\/Il-commercio-edile-locandina-1200.jpg","width":600,"height":600},{"@type":"BreadcrumbList","@id":"https:\/\/www.milesi.com\/fr\/ilcommercioedile-it-11-07-2020\/#breadcrumb","itemListElement":[{"@type":"ListItem","position":1,"name":"Milesi - Vernis pour bois","item":"https:\/\/www.milesi.com\/fr\/"},{"@type":"ListItem","position":2,"name":"ilcommercioedile.it &#8211; 11\/07\/2020"}]},{"@type":"WebSite","@id":"https:\/\/www.milesi.com\/fr\/#website","url":"https:\/\/www.milesi.com\/fr\/","name":"Milesi Vernici per il legno","description":"Vernis pour bois","publisher":{"@id":"https:\/\/www.milesi.com\/fr\/#organization"},"alternateName":"Milesi","potentialAction":[{"@type":"SearchAction","target":{"@type":"EntryPoint","urlTemplate":"https:\/\/www.milesi.com\/fr\/?s={search_term_string}"},"query-input":{"@type":"PropertyValueSpecification","valueRequired":true,"valueName":"search_term_string"}}],"inLanguage":"fr-FR"},{"@type":"Organization","@id":"https:\/\/www.milesi.com\/fr\/#organization","name":"Milesi Vernici","alternateName":"Milesi","url":"https:\/\/www.milesi.com\/fr\/","logo":{"@type":"ImageObject","inLanguage":"fr-FR","@id":"https:\/\/www.milesi.com\/fr\/#\/schema\/logo\/image\/","url":"https:\/\/www.milesi.com\/wp-content\/uploads\/2022\/12\/milesi-web.png","contentUrl":"https:\/\/www.milesi.com\/wp-content\/uploads\/2022\/12\/milesi-web.png","width":100,"height":101,"caption":"Milesi Vernici"},"image":{"@id":"https:\/\/www.milesi.com\/fr\/#\/schema\/logo\/image\/"},"sameAs":["https:\/\/www.facebook.com\/MilesiVernici","https:\/\/www.youtube.com\/channel\/UCgULN6yzPgE9usmMi3CP5hQ","https:\/\/www.instagram.com\/milesiverniciperlegno\/","https:\/\/vimeo.com\/user117001108","https:\/\/www.linkedin.com\/company\/milesiwoodcoatings\/"]},{"@type":"Person","@id":"https:\/\/www.milesi.com\/fr\/#\/schema\/person\/9e76284b0f9e48db9fd9774a75ee21bb","name":"Sogesi"}]}},"_links":{"self":[{"href":"https:\/\/www.milesi.com\/fr\/wp-json\/wp\/v2\/posts\/6622","targetHints":{"allow":["GET"]}}],"collection":[{"href":"https:\/\/www.milesi.com\/fr\/wp-json\/wp\/v2\/posts"}],"about":[{"href":"https:\/\/www.milesi.com\/fr\/wp-json\/wp\/v2\/types\/post"}],"author":[{"embeddable":true,"href":"https:\/\/www.milesi.com\/fr\/wp-json\/wp\/v2\/users\/10"}],"replies":[{"embeddable":true,"href":"https:\/\/www.milesi.com\/fr\/wp-json\/wp\/v2\/comments?post=6622"}],"version-history":[{"count":1,"href":"https:\/\/www.milesi.com\/fr\/wp-json\/wp\/v2\/posts\/6622\/revisions"}],"predecessor-version":[{"id":26843,"href":"https:\/\/www.milesi.com\/fr\/wp-json\/wp\/v2\/posts\/6622\/revisions\/26843"}],"wp:featuredmedia":[{"embeddable":true,"href":"https:\/\/www.milesi.com\/fr\/wp-json\/wp\/v2\/media\/6623"}],"wp:attachment":[{"href":"https:\/\/www.milesi.com\/fr\/wp-json\/wp\/v2\/media?parent=6622"}],"wp:term":[{"taxonomy":"category","embeddable":true,"href":"https:\/\/www.milesi.com\/fr\/wp-json\/wp\/v2\/categories?post=6622"},{"taxonomy":"post_tag","embeddable":true,"href":"https:\/\/www.milesi.com\/fr\/wp-json\/wp\/v2\/tags?post=6622"}],"curies":[{"name":"wp","href":"https:\/\/api.w.org\/{rel}","templated":true}]}}