{"id":15126,"date":"2021-04-15T10:07:01","date_gmt":"2021-04-15T08:07:01","guid":{"rendered":"https:\/\/www.milesi.com\/?p=15126"},"modified":"2025-04-22T18:09:28","modified_gmt":"2025-04-22T16:09:28","slug":"milesi-partecipa-alla-digital-edition-del-fuorisalone-it","status":"publish","type":"post","link":"https:\/\/www.milesi.com\/pl\/milesi-partecipa-alla-digital-edition-del-fuorisalone-it\/","title":{"rendered":"MILESI PARTECIPA ALLA DIGITAL EDITION DEL FUORISALONE.IT"},"content":{"rendered":"<div class=\"yoast-breadcrumbs\"><span><span><a href=\"https:\/\/www.milesi.com\/pl\/\">Milesi &#8211; Lakiery do drewna<\/a><\/span> \u00bb <span class=\"breadcrumb_last\" aria-current=\"page\">MILESI PARTECIPA ALLA DIGITAL EDITION DEL FUORISALONE.IT<\/span><\/span><\/div><p style=\"text-align: center;\"><strong><u>Soluzioni di verniciatura Bio ed Igienizzanti:<\/u><\/strong><strong><u><br \/>sostenibilit\u00e0 ed innovazione insieme per un futuro green<\/u><\/strong><\/p>\n<p><\/p>\n<p>&nbsp;<\/p>\n<p><\/p>\n<table style=\"width: 100%; height: 471px;\" width=\"100%\">\n<tbody>\n<tr style=\"height: 471px;\">\n<td style=\"height: 471px;\">\n<p style=\"text-align: justify;\">Dal costante lavoro di ricerca dei <strong>Laboratori Milesi<\/strong> \u00e8 nata una nuova generazione di vernici per legno che <strong>unisce la sostenibilit\u00e0 della gamma BioPAINT<\/strong>, sviluppate con materie prime da fonti rinnovabili, <strong>con la\u00a0tecnologia igienizzante Healty.Wood<\/strong>, in grado di assicurare alle superfici protezione assoluta e duratura contro i batteri.<\/p>\n<p>Questa \u00e8 la novit\u00e0 al centro della partecipazione di Milesi alla Fuorisalone Digital Edition, in programma dal 12 al 18 aprile 2021 sulla piattaforma Fuorisalone.it<\/p>\n<p style=\"text-align: center;\"><em>Visita la nostra pagina<\/em>:<\/p>\n<p style=\"text-align: center;\"><span style=\"text-decoration: underline;\"><a href=\"https:\/\/www.fuorisalone.it\/2021\/it\/brand\/112\/Milesi\" target=\"_blank\" rel=\"noopener\">Clicca qui<\/a><\/span><\/p>\n<p>&nbsp;<\/p>\n<p style=\"text-align: center;\"><em>Scopri di pi\u00f9 sulle soluzioni di verniciatura Bio ed igienizzanti Milesi<\/em>:<\/p>\n<p style=\"text-align: center;\"><a href=\"https:\/\/www.fuorisalone.it\/2021\/it\/design-guide\/912\/BioPAINT-ed-HEALTYWOOD-MILESI-LE-VERNICI-SOSTENIBILI-ed-IGIENIZZANTI-PER-MOBILI-E-COMPLEMENTI-DARREDO\" target=\"_blank\" rel=\"noopener\"><span style=\"text-decoration: underline;\">Special Design Guide<\/span><\/a><\/p>\n<p>&nbsp;<\/p>\n<p><strong>Le nuove soluzioni Milesi uniscono innovazione e ricerca all\u2019attenzione per la sostenibilit\u00e0<\/strong>, con l\u2019idea di offrire un tassello importante per la costruzione di una filiera produttiva davvero green.<\/p>\n<p>&nbsp;<\/p>\n<p><span style=\"font-size: 10pt;\">Aprile 2021<\/span><\/p>\n<\/td>\n<\/tr>\n<\/tbody>\n<\/table>\n<p><\/p>\n<p>&nbsp;<\/p>\n<p><\/p>\n<p>&nbsp;<\/p>\n","protected":false},"excerpt":{"rendered":"<p>Soluzioni di verniciatura Bio ed Igienizzanti:sostenibilit\u00e0 ed innovazione insieme per un futuro green &nbsp; Dal costante lavoro di ricerca dei Laboratori Milesi \u00e8 nata una nuova generazione di vernici per legno che unisce la sostenibilit\u00e0 della gamma BioPAINT, sviluppate con materie prime da fonti rinnovabili, con la\u00a0tecnologia igienizzante Healty.Wood, in grado di assicurare alle superfici [&hellip;]<\/p>\n","protected":false},"author":5,"featured_media":15178,"comment_status":"closed","ping_status":"closed","sticky":false,"template":"","format":"standard","meta":{"_et_pb_use_builder":"","_et_pb_old_content":"","_et_gb_content_width":"","footnotes":""},"categories":[821],"tags":[1355,1354,1042,1086],"class_list":["post-15126","post","type-post","status-publish","format-standard","has-post-thumbnail","hentry","category-aktualnosci","tag-fuorisalone-pl","tag-fuorisalone-digital-pl-2","tag-milesi-pl","tag-milesi-vernici-per-legno-pl"],"yoast_head":"<!-- This site is optimized with the Yoast SEO plugin v27.3 - https:\/\/yoast.com\/product\/yoast-seo-wordpress\/ -->\n<title>MILESI PARTECIPA ALLA DIGITAL EDITION DEL FUORISALONE.IT - Milesi<\/title>\n<meta name=\"robots\" content=\"noindex, follow\" \/>\n<meta property=\"og:locale\" content=\"pl_PL\" \/>\n<meta property=\"og:type\" content=\"article\" \/>\n<meta property=\"og:title\" content=\"MILESI PARTECIPA ALLA DIGITAL EDITION DEL FUORISALONE.IT - Milesi\" \/>\n<meta property=\"og:description\" content=\"Soluzioni di verniciatura Bio ed Igienizzanti:sostenibilit\u00e0 ed innovazione insieme per un futuro green &nbsp; Dal costante lavoro di ricerca dei Laboratori Milesi \u00e8 nata una nuova generazione di vernici per legno che unisce la sostenibilit\u00e0 della gamma BioPAINT, sviluppate con materie prime da fonti rinnovabili, con la\u00a0tecnologia igienizzante Healty.Wood, in grado di assicurare alle superfici [&hellip;]\" \/>\n<meta property=\"og:url\" content=\"https:\/\/www.milesi.com\/pl\/milesi-partecipa-alla-digital-edition-del-fuorisalone-it\/\" \/>\n<meta property=\"og:site_name\" content=\"Milesi\" \/>\n<meta property=\"article:publisher\" content=\"https:\/\/www.facebook.com\/MilesiVernici\" \/>\n<meta property=\"article:published_time\" content=\"2021-04-15T08:07:01+00:00\" \/>\n<meta property=\"article:modified_time\" content=\"2025-04-22T16:09:28+00:00\" \/>\n<meta property=\"og:image\" content=\"https:\/\/www.milesi.com\/wp-content\/uploads\/2021\/04\/Fuorisalonedigitaledition.jpg\" \/>\n\t<meta property=\"og:image:width\" content=\"601\" \/>\n\t<meta property=\"og:image:height\" content=\"601\" \/>\n\t<meta property=\"og:image:type\" content=\"image\/jpeg\" \/>\n<meta name=\"author\" content=\"User\" \/>\n<meta name=\"twitter:card\" content=\"summary_large_image\" \/>\n<meta name=\"twitter:label1\" content=\"Napisane przez\" \/>\n\t<meta name=\"twitter:data1\" content=\"User\" \/>\n\t<meta name=\"twitter:label2\" content=\"Szacowany czas czytania\" \/>\n\t<meta name=\"twitter:data2\" content=\"1 minuta\" \/>\n<script type=\"application\/ld+json\" class=\"yoast-schema-graph\">{\"@context\":\"https:\\\/\\\/schema.org\",\"@graph\":[{\"@type\":\"Article\",\"@id\":\"https:\\\/\\\/www.milesi.com\\\/pl\\\/milesi-partecipa-alla-digital-edition-del-fuorisalone-it\\\/#article\",\"isPartOf\":{\"@id\":\"https:\\\/\\\/www.milesi.com\\\/pl\\\/milesi-partecipa-alla-digital-edition-del-fuorisalone-it\\\/\"},\"author\":{\"name\":\"User\",\"@id\":\"https:\\\/\\\/www.milesi.com\\\/pl\\\/#\\\/schema\\\/person\\\/efe9c5f0d5dc8ecccf853a392e5aacdd\"},\"headline\":\"MILESI PARTECIPA ALLA DIGITAL EDITION DEL FUORISALONE.IT\",\"datePublished\":\"2021-04-15T08:07:01+00:00\",\"dateModified\":\"2025-04-22T16:09:28+00:00\",\"mainEntityOfPage\":{\"@id\":\"https:\\\/\\\/www.milesi.com\\\/pl\\\/milesi-partecipa-alla-digital-edition-del-fuorisalone-it\\\/\"},\"wordCount\":150,\"publisher\":{\"@id\":\"https:\\\/\\\/www.milesi.com\\\/pl\\\/#organization\"},\"image\":{\"@id\":\"https:\\\/\\\/www.milesi.com\\\/pl\\\/milesi-partecipa-alla-digital-edition-del-fuorisalone-it\\\/#primaryimage\"},\"thumbnailUrl\":\"https:\\\/\\\/www.milesi.com\\\/wp-content\\\/uploads\\\/2021\\\/04\\\/Fuorisalonedigitaledition.jpg\",\"keywords\":[\"fuorisalone\",\"fuorisalone digital\",\"milesi\",\"milesi vernici per legno\"],\"articleSection\":[\"Aktualno\u015bci\"],\"inLanguage\":\"pl-PL\"},{\"@type\":\"WebPage\",\"@id\":\"https:\\\/\\\/www.milesi.com\\\/pl\\\/milesi-partecipa-alla-digital-edition-del-fuorisalone-it\\\/\",\"url\":\"https:\\\/\\\/www.milesi.com\\\/pl\\\/milesi-partecipa-alla-digital-edition-del-fuorisalone-it\\\/\",\"name\":\"MILESI PARTECIPA ALLA DIGITAL EDITION DEL FUORISALONE.IT - Milesi\",\"isPartOf\":{\"@id\":\"https:\\\/\\\/www.milesi.com\\\/pl\\\/#website\"},\"primaryImageOfPage\":{\"@id\":\"https:\\\/\\\/www.milesi.com\\\/pl\\\/milesi-partecipa-alla-digital-edition-del-fuorisalone-it\\\/#primaryimage\"},\"image\":{\"@id\":\"https:\\\/\\\/www.milesi.com\\\/pl\\\/milesi-partecipa-alla-digital-edition-del-fuorisalone-it\\\/#primaryimage\"},\"thumbnailUrl\":\"https:\\\/\\\/www.milesi.com\\\/wp-content\\\/uploads\\\/2021\\\/04\\\/Fuorisalonedigitaledition.jpg\",\"datePublished\":\"2021-04-15T08:07:01+00:00\",\"dateModified\":\"2025-04-22T16:09:28+00:00\",\"breadcrumb\":{\"@id\":\"https:\\\/\\\/www.milesi.com\\\/pl\\\/milesi-partecipa-alla-digital-edition-del-fuorisalone-it\\\/#breadcrumb\"},\"inLanguage\":\"pl-PL\",\"potentialAction\":[{\"@type\":\"ReadAction\",\"target\":[\"https:\\\/\\\/www.milesi.com\\\/pl\\\/milesi-partecipa-alla-digital-edition-del-fuorisalone-it\\\/\"]}]},{\"@type\":\"ImageObject\",\"inLanguage\":\"pl-PL\",\"@id\":\"https:\\\/\\\/www.milesi.com\\\/pl\\\/milesi-partecipa-alla-digital-edition-del-fuorisalone-it\\\/#primaryimage\",\"url\":\"https:\\\/\\\/www.milesi.com\\\/wp-content\\\/uploads\\\/2021\\\/04\\\/Fuorisalonedigitaledition.jpg\",\"contentUrl\":\"https:\\\/\\\/www.milesi.com\\\/wp-content\\\/uploads\\\/2021\\\/04\\\/Fuorisalonedigitaledition.jpg\",\"width\":601,\"height\":601},{\"@type\":\"BreadcrumbList\",\"@id\":\"https:\\\/\\\/www.milesi.com\\\/pl\\\/milesi-partecipa-alla-digital-edition-del-fuorisalone-it\\\/#breadcrumb\",\"itemListElement\":[{\"@type\":\"ListItem\",\"position\":1,\"name\":\"Milesi - Lakiery do drewna\",\"item\":\"https:\\\/\\\/www.milesi.com\\\/pl\\\/\"},{\"@type\":\"ListItem\",\"position\":2,\"name\":\"MILESI PARTECIPA ALLA DIGITAL EDITION DEL FUORISALONE.IT\"}]},{\"@type\":\"WebSite\",\"@id\":\"https:\\\/\\\/www.milesi.com\\\/pl\\\/#website\",\"url\":\"https:\\\/\\\/www.milesi.com\\\/pl\\\/\",\"name\":\"Milesi Vernici per il legno\",\"description\":\"Lakiery do drewna\",\"publisher\":{\"@id\":\"https:\\\/\\\/www.milesi.com\\\/pl\\\/#organization\"},\"alternateName\":\"Milesi\",\"potentialAction\":[{\"@type\":\"SearchAction\",\"target\":{\"@type\":\"EntryPoint\",\"urlTemplate\":\"https:\\\/\\\/www.milesi.com\\\/pl\\\/?s={search_term_string}\"},\"query-input\":{\"@type\":\"PropertyValueSpecification\",\"valueRequired\":true,\"valueName\":\"search_term_string\"}}],\"inLanguage\":\"pl-PL\"},{\"@type\":\"Organization\",\"@id\":\"https:\\\/\\\/www.milesi.com\\\/pl\\\/#organization\",\"name\":\"Milesi Vernici\",\"alternateName\":\"Milesi\",\"url\":\"https:\\\/\\\/www.milesi.com\\\/pl\\\/\",\"logo\":{\"@type\":\"ImageObject\",\"inLanguage\":\"pl-PL\",\"@id\":\"https:\\\/\\\/www.milesi.com\\\/pl\\\/#\\\/schema\\\/logo\\\/image\\\/\",\"url\":\"https:\\\/\\\/www.milesi.com\\\/wp-content\\\/uploads\\\/2022\\\/12\\\/milesi-web.png\",\"contentUrl\":\"https:\\\/\\\/www.milesi.com\\\/wp-content\\\/uploads\\\/2022\\\/12\\\/milesi-web.png\",\"width\":100,\"height\":101,\"caption\":\"Milesi Vernici\"},\"image\":{\"@id\":\"https:\\\/\\\/www.milesi.com\\\/pl\\\/#\\\/schema\\\/logo\\\/image\\\/\"},\"sameAs\":[\"https:\\\/\\\/www.facebook.com\\\/MilesiVernici\",\"https:\\\/\\\/www.youtube.com\\\/channel\\\/UCgULN6yzPgE9usmMi3CP5hQ\",\"https:\\\/\\\/www.instagram.com\\\/milesiverniciperlegno\\\/\",\"https:\\\/\\\/vimeo.com\\\/user117001108\",\"https:\\\/\\\/www.linkedin.com\\\/company\\\/milesiwoodcoatings\\\/\"]},{\"@type\":\"Person\",\"@id\":\"https:\\\/\\\/www.milesi.com\\\/pl\\\/#\\\/schema\\\/person\\\/efe9c5f0d5dc8ecccf853a392e5aacdd\",\"name\":\"User\"}]}<\/script>\n<!-- \/ Yoast SEO plugin. -->","yoast_head_json":{"title":"MILESI PARTECIPA ALLA DIGITAL EDITION DEL FUORISALONE.IT - Milesi","robots":{"index":"noindex","follow":"follow"},"og_locale":"pl_PL","og_type":"article","og_title":"MILESI PARTECIPA ALLA DIGITAL EDITION DEL FUORISALONE.IT - Milesi","og_description":"Soluzioni di verniciatura Bio ed Igienizzanti:sostenibilit\u00e0 ed innovazione insieme per un futuro green &nbsp; Dal costante lavoro di ricerca dei Laboratori Milesi \u00e8 nata una nuova generazione di vernici per legno che unisce la sostenibilit\u00e0 della gamma BioPAINT, sviluppate con materie prime da fonti rinnovabili, con la\u00a0tecnologia igienizzante Healty.Wood, in grado di assicurare alle superfici [&hellip;]","og_url":"https:\/\/www.milesi.com\/pl\/milesi-partecipa-alla-digital-edition-del-fuorisalone-it\/","og_site_name":"Milesi","article_publisher":"https:\/\/www.facebook.com\/MilesiVernici","article_published_time":"2021-04-15T08:07:01+00:00","article_modified_time":"2025-04-22T16:09:28+00:00","og_image":[{"width":601,"height":601,"url":"https:\/\/www.milesi.com\/wp-content\/uploads\/2021\/04\/Fuorisalonedigitaledition.jpg","type":"image\/jpeg"}],"author":"User","twitter_card":"summary_large_image","twitter_misc":{"Napisane przez":"User","Szacowany czas czytania":"1 minuta"},"schema":{"@context":"https:\/\/schema.org","@graph":[{"@type":"Article","@id":"https:\/\/www.milesi.com\/pl\/milesi-partecipa-alla-digital-edition-del-fuorisalone-it\/#article","isPartOf":{"@id":"https:\/\/www.milesi.com\/pl\/milesi-partecipa-alla-digital-edition-del-fuorisalone-it\/"},"author":{"name":"User","@id":"https:\/\/www.milesi.com\/pl\/#\/schema\/person\/efe9c5f0d5dc8ecccf853a392e5aacdd"},"headline":"MILESI PARTECIPA ALLA DIGITAL EDITION DEL FUORISALONE.IT","datePublished":"2021-04-15T08:07:01+00:00","dateModified":"2025-04-22T16:09:28+00:00","mainEntityOfPage":{"@id":"https:\/\/www.milesi.com\/pl\/milesi-partecipa-alla-digital-edition-del-fuorisalone-it\/"},"wordCount":150,"publisher":{"@id":"https:\/\/www.milesi.com\/pl\/#organization"},"image":{"@id":"https:\/\/www.milesi.com\/pl\/milesi-partecipa-alla-digital-edition-del-fuorisalone-it\/#primaryimage"},"thumbnailUrl":"https:\/\/www.milesi.com\/wp-content\/uploads\/2021\/04\/Fuorisalonedigitaledition.jpg","keywords":["fuorisalone","fuorisalone digital","milesi","milesi vernici per legno"],"articleSection":["Aktualno\u015bci"],"inLanguage":"pl-PL"},{"@type":"WebPage","@id":"https:\/\/www.milesi.com\/pl\/milesi-partecipa-alla-digital-edition-del-fuorisalone-it\/","url":"https:\/\/www.milesi.com\/pl\/milesi-partecipa-alla-digital-edition-del-fuorisalone-it\/","name":"MILESI PARTECIPA ALLA DIGITAL EDITION DEL FUORISALONE.IT - Milesi","isPartOf":{"@id":"https:\/\/www.milesi.com\/pl\/#website"},"primaryImageOfPage":{"@id":"https:\/\/www.milesi.com\/pl\/milesi-partecipa-alla-digital-edition-del-fuorisalone-it\/#primaryimage"},"image":{"@id":"https:\/\/www.milesi.com\/pl\/milesi-partecipa-alla-digital-edition-del-fuorisalone-it\/#primaryimage"},"thumbnailUrl":"https:\/\/www.milesi.com\/wp-content\/uploads\/2021\/04\/Fuorisalonedigitaledition.jpg","datePublished":"2021-04-15T08:07:01+00:00","dateModified":"2025-04-22T16:09:28+00:00","breadcrumb":{"@id":"https:\/\/www.milesi.com\/pl\/milesi-partecipa-alla-digital-edition-del-fuorisalone-it\/#breadcrumb"},"inLanguage":"pl-PL","potentialAction":[{"@type":"ReadAction","target":["https:\/\/www.milesi.com\/pl\/milesi-partecipa-alla-digital-edition-del-fuorisalone-it\/"]}]},{"@type":"ImageObject","inLanguage":"pl-PL","@id":"https:\/\/www.milesi.com\/pl\/milesi-partecipa-alla-digital-edition-del-fuorisalone-it\/#primaryimage","url":"https:\/\/www.milesi.com\/wp-content\/uploads\/2021\/04\/Fuorisalonedigitaledition.jpg","contentUrl":"https:\/\/www.milesi.com\/wp-content\/uploads\/2021\/04\/Fuorisalonedigitaledition.jpg","width":601,"height":601},{"@type":"BreadcrumbList","@id":"https:\/\/www.milesi.com\/pl\/milesi-partecipa-alla-digital-edition-del-fuorisalone-it\/#breadcrumb","itemListElement":[{"@type":"ListItem","position":1,"name":"Milesi - Lakiery do drewna","item":"https:\/\/www.milesi.com\/pl\/"},{"@type":"ListItem","position":2,"name":"MILESI PARTECIPA ALLA DIGITAL EDITION DEL FUORISALONE.IT"}]},{"@type":"WebSite","@id":"https:\/\/www.milesi.com\/pl\/#website","url":"https:\/\/www.milesi.com\/pl\/","name":"Milesi Vernici per il legno","description":"Lakiery do drewna","publisher":{"@id":"https:\/\/www.milesi.com\/pl\/#organization"},"alternateName":"Milesi","potentialAction":[{"@type":"SearchAction","target":{"@type":"EntryPoint","urlTemplate":"https:\/\/www.milesi.com\/pl\/?s={search_term_string}"},"query-input":{"@type":"PropertyValueSpecification","valueRequired":true,"valueName":"search_term_string"}}],"inLanguage":"pl-PL"},{"@type":"Organization","@id":"https:\/\/www.milesi.com\/pl\/#organization","name":"Milesi Vernici","alternateName":"Milesi","url":"https:\/\/www.milesi.com\/pl\/","logo":{"@type":"ImageObject","inLanguage":"pl-PL","@id":"https:\/\/www.milesi.com\/pl\/#\/schema\/logo\/image\/","url":"https:\/\/www.milesi.com\/wp-content\/uploads\/2022\/12\/milesi-web.png","contentUrl":"https:\/\/www.milesi.com\/wp-content\/uploads\/2022\/12\/milesi-web.png","width":100,"height":101,"caption":"Milesi Vernici"},"image":{"@id":"https:\/\/www.milesi.com\/pl\/#\/schema\/logo\/image\/"},"sameAs":["https:\/\/www.facebook.com\/MilesiVernici","https:\/\/www.youtube.com\/channel\/UCgULN6yzPgE9usmMi3CP5hQ","https:\/\/www.instagram.com\/milesiverniciperlegno\/","https:\/\/vimeo.com\/user117001108","https:\/\/www.linkedin.com\/company\/milesiwoodcoatings\/"]},{"@type":"Person","@id":"https:\/\/www.milesi.com\/pl\/#\/schema\/person\/efe9c5f0d5dc8ecccf853a392e5aacdd","name":"User"}]}},"_links":{"self":[{"href":"https:\/\/www.milesi.com\/pl\/wp-json\/wp\/v2\/posts\/15126","targetHints":{"allow":["GET"]}}],"collection":[{"href":"https:\/\/www.milesi.com\/pl\/wp-json\/wp\/v2\/posts"}],"about":[{"href":"https:\/\/www.milesi.com\/pl\/wp-json\/wp\/v2\/types\/post"}],"author":[{"embeddable":true,"href":"https:\/\/www.milesi.com\/pl\/wp-json\/wp\/v2\/users\/5"}],"replies":[{"embeddable":true,"href":"https:\/\/www.milesi.com\/pl\/wp-json\/wp\/v2\/comments?post=15126"}],"version-history":[{"count":2,"href":"https:\/\/www.milesi.com\/pl\/wp-json\/wp\/v2\/posts\/15126\/revisions"}],"predecessor-version":[{"id":27021,"href":"https:\/\/www.milesi.com\/pl\/wp-json\/wp\/v2\/posts\/15126\/revisions\/27021"}],"wp:featuredmedia":[{"embeddable":true,"href":"https:\/\/www.milesi.com\/pl\/wp-json\/wp\/v2\/media\/15178"}],"wp:attachment":[{"href":"https:\/\/www.milesi.com\/pl\/wp-json\/wp\/v2\/media?parent=15126"}],"wp:term":[{"taxonomy":"category","embeddable":true,"href":"https:\/\/www.milesi.com\/pl\/wp-json\/wp\/v2\/categories?post=15126"},{"taxonomy":"post_tag","embeddable":true,"href":"https:\/\/www.milesi.com\/pl\/wp-json\/wp\/v2\/tags?post=15126"}],"curies":[{"name":"wp","href":"https:\/\/api.w.org\/{rel}","templated":true}]}}