{"id":23316,"date":"2023-04-27T11:59:16","date_gmt":"2023-04-27T09:59:16","guid":{"rendered":"https:\/\/www.milesi.com\/?p=23316"},"modified":"2025-04-23T17:53:03","modified_gmt":"2025-04-23T15:53:03","slug":"ligna-2023-milesi-allo-stand-cefla","status":"publish","type":"post","link":"https:\/\/www.milesi.com\/pl\/ligna-2023-milesi-allo-stand-cefla\/","title":{"rendered":"LIGNA &#8211; 15.05.2023 \u2013 MILESI ALLO STAND CEFLA"},"content":{"rendered":"\n<p class=\"has-text-align-center has-black-color has-text-color\" style=\"font-size:29px\"><strong>L\u2019ECCELLENZA DELLA VERNICE <\/strong><\/p>\n\n\n\n<p class=\"has-text-align-center has-black-color has-text-color\" style=\"font-size:28px\"><strong>AL SERVIZIO DELLA TECNOLOGIA D\u2019AVANGUARDIA<\/strong><\/p>\n\n\n\n<figure class=\"wp-block-table\"><table><tbody><tr><td>&nbsp;<br><strong>Qualit\u00e0, affidabilit\u00e0 e un know how consolidato nel tempo<\/strong> e in continua evoluzione: tutto il meglio delle <strong>vernici Milesi <\/strong>\u00e8 in mostra a<strong> Ligna<\/strong>, la manifestazione leader mondiale per il settore della lavorazione del legno in programma ad <strong>Hannover <\/strong>dal 15 al 19 maggio 2023.<br><br><strong>Il 15 maggio, giornata di apertura della fiera, i prodotti Milesi saranno protagonisti all\u2019interno dello spazio di Cefla (Hall 17, Stand F45),<\/strong> una realt\u00e0 internazionale che, attraverso la divisione Finishing, realizza macchine e impianti di verniciatura ad alto contenuto tecnologico per diversi settori industriali, dall\u2019edilizia all\u2019arredamento, dal packaging fino all\u2019aerospaziale.<br><br>Le <strong>finiture pigmentate all\u2019acqua UV Milesi,&nbsp;<\/strong>che garantiscono massima copertura&nbsp;e rapida essiccazione, unendo un\u2019ottima morbidezza al tatto con elevate resistenze superficiali,<strong> <\/strong>saranno utilizzate durante la dimostrazione del sistema <strong>Easy,<\/strong> che permette di implementare cambi colore senza necessit\u00e0 di fermare l\u2019impianto.<br><br>Un <strong>fondo UV 100% trasparente <\/strong>specifico per piani e un<strong> fondo UV 100% bianco <\/strong>specifico per bordi saranno invece impiegati per mostrare il funzionamento di <strong>Smart Vacuum<\/strong>, un impianto altamente automatizzato che permette di utilizzare la stessa tecnologia di verniciatura per la superficie e per il bordo dei pannelli.<br>Queste vernici sono formulate selezionando le migliori materie prime disponibili sul mercato, offrendo prestazioni di altissimo livello qualitativo in termini di reattivit\u00e0, riempimento, resistenza all\u2019ingiallimento e zero emissioni.<br><br>L\u2019eccellenza qualitativa dei prodotti <strong>Milesi<\/strong> esalta le tecnologie di <strong>Cefla<\/strong>: una partnership di successo in mostra agli oltre 90.000 professionisti del settore legno che visitano Ligna da pi\u00f9 di 100 Paesi del mondo.<br>&nbsp;<\/td><\/tr><\/tbody><\/table><\/figure>\n\n\n\n<h1 class=\"wp-block-heading\">&nbsp;&nbsp;<\/h1>\n\n\n<div class=\"yoast-breadcrumbs\"><span><span><a href=\"https:\/\/www.milesi.com\/pl\/\">Milesi &#8211; Lakiery do drewna<\/a><\/span> \u00bb <span class=\"breadcrumb_last\" aria-current=\"page\">LIGNA &#8211; 15.05.2023 \u2013 MILESI ALLO STAND CEFLA<\/span><\/span><\/div>\n\n\n<p class=\"has-text-align-left has-small-font-size\">Aprile 2023<\/p>\n","protected":false},"excerpt":{"rendered":"<p>L\u2019ECCELLENZA DELLA VERNICE AL SERVIZIO DELLA TECNOLOGIA D\u2019AVANGUARDIA &nbsp;Qualit\u00e0, affidabilit\u00e0 e un know how consolidato nel tempo e in continua evoluzione: tutto il meglio delle vernici Milesi \u00e8 in mostra a Ligna, la manifestazione leader mondiale per il settore della lavorazione del legno in programma ad Hannover dal 15 al 19 maggio 2023. Il 15 [&hellip;]<\/p>\n","protected":false},"author":5,"featured_media":23356,"comment_status":"closed","ping_status":"closed","sticky":false,"template":"","format":"standard","meta":{"_et_pb_use_builder":"","_et_pb_old_content":"","_et_gb_content_width":"","footnotes":""},"categories":[79],"tags":[1015,1022,1014],"class_list":["post-23316","post","type-post","status-publish","format-standard","has-post-thumbnail","hentry","category-notizie","tag-cefla","tag-ligna","tag-vernici-per-legno"],"yoast_head":"<!-- This site is optimized with the Yoast SEO plugin v27.3 - https:\/\/yoast.com\/product\/yoast-seo-wordpress\/ -->\n<title>LIGNA &#8211; 15.05.2023 \u2013 MILESI ALLO STAND CEFLA - Milesi<\/title>\n<meta name=\"robots\" content=\"index, follow, max-snippet:-1, max-image-preview:large, max-video-preview:-1\" \/>\n<link rel=\"canonical\" href=\"https:\/\/www.milesi.com\/pl\/ligna-2023-milesi-allo-stand-cefla\/\" \/>\n<meta property=\"og:locale\" content=\"pl_PL\" \/>\n<meta property=\"og:type\" content=\"article\" \/>\n<meta property=\"og:title\" content=\"LIGNA &#8211; 15.05.2023 \u2013 MILESI ALLO STAND CEFLA - Milesi\" \/>\n<meta property=\"og:description\" content=\"L\u2019ECCELLENZA DELLA VERNICE AL SERVIZIO DELLA TECNOLOGIA D\u2019AVANGUARDIA &nbsp;Qualit\u00e0, affidabilit\u00e0 e un know how consolidato nel tempo e in continua evoluzione: tutto il meglio delle vernici Milesi \u00e8 in mostra a Ligna, la manifestazione leader mondiale per il settore della lavorazione del legno in programma ad Hannover dal 15 al 19 maggio 2023. Il 15 [&hellip;]\" \/>\n<meta property=\"og:url\" content=\"https:\/\/www.milesi.com\/pl\/ligna-2023-milesi-allo-stand-cefla\/\" \/>\n<meta property=\"og:site_name\" content=\"Milesi\" \/>\n<meta property=\"article:publisher\" content=\"https:\/\/www.facebook.com\/MilesiVernici\" \/>\n<meta property=\"article:published_time\" content=\"2023-04-27T09:59:16+00:00\" \/>\n<meta property=\"article:modified_time\" content=\"2025-04-23T15:53:03+00:00\" \/>\n<meta property=\"og:image\" content=\"https:\/\/www.milesi.com\/wp-content\/uploads\/2023\/04\/og-ligna.jpg\" \/>\n\t<meta property=\"og:image:width\" content=\"1200\" \/>\n\t<meta property=\"og:image:height\" content=\"630\" \/>\n\t<meta property=\"og:image:type\" content=\"image\/jpeg\" \/>\n<meta name=\"author\" content=\"User\" \/>\n<meta name=\"twitter:card\" content=\"summary_large_image\" \/>\n<meta name=\"twitter:label1\" content=\"Napisane przez\" \/>\n\t<meta name=\"twitter:data1\" content=\"User\" \/>\n\t<meta name=\"twitter:label2\" content=\"Szacowany czas czytania\" \/>\n\t<meta name=\"twitter:data2\" content=\"2 minuty\" \/>\n<script type=\"application\/ld+json\" class=\"yoast-schema-graph\">{\"@context\":\"https:\\\/\\\/schema.org\",\"@graph\":[{\"@type\":\"Article\",\"@id\":\"https:\\\/\\\/www.milesi.com\\\/pl\\\/ligna-2023-milesi-allo-stand-cefla\\\/#article\",\"isPartOf\":{\"@id\":\"https:\\\/\\\/www.milesi.com\\\/pl\\\/ligna-2023-milesi-allo-stand-cefla\\\/\"},\"author\":{\"name\":\"User\",\"@id\":\"https:\\\/\\\/www.milesi.com\\\/pl\\\/#\\\/schema\\\/person\\\/efe9c5f0d5dc8ecccf853a392e5aacdd\"},\"headline\":\"LIGNA &#8211; 15.05.2023 \u2013 MILESI ALLO STAND CEFLA\",\"datePublished\":\"2023-04-27T09:59:16+00:00\",\"dateModified\":\"2025-04-23T15:53:03+00:00\",\"mainEntityOfPage\":{\"@id\":\"https:\\\/\\\/www.milesi.com\\\/pl\\\/ligna-2023-milesi-allo-stand-cefla\\\/\"},\"wordCount\":267,\"publisher\":{\"@id\":\"https:\\\/\\\/www.milesi.com\\\/pl\\\/#organization\"},\"image\":{\"@id\":\"https:\\\/\\\/www.milesi.com\\\/pl\\\/ligna-2023-milesi-allo-stand-cefla\\\/#primaryimage\"},\"thumbnailUrl\":\"https:\\\/\\\/www.milesi.com\\\/wp-content\\\/uploads\\\/2023\\\/04\\\/og-ligna.jpg\",\"keywords\":[\"cefla\",\"ligna\",\"vernici per legno\"],\"articleSection\":[\"News\"],\"inLanguage\":\"pl-PL\"},{\"@type\":\"WebPage\",\"@id\":\"https:\\\/\\\/www.milesi.com\\\/pl\\\/ligna-2023-milesi-allo-stand-cefla\\\/\",\"url\":\"https:\\\/\\\/www.milesi.com\\\/pl\\\/ligna-2023-milesi-allo-stand-cefla\\\/\",\"name\":\"LIGNA &#8211; 15.05.2023 \u2013 MILESI ALLO STAND CEFLA - Milesi\",\"isPartOf\":{\"@id\":\"https:\\\/\\\/www.milesi.com\\\/pl\\\/#website\"},\"primaryImageOfPage\":{\"@id\":\"https:\\\/\\\/www.milesi.com\\\/pl\\\/ligna-2023-milesi-allo-stand-cefla\\\/#primaryimage\"},\"image\":{\"@id\":\"https:\\\/\\\/www.milesi.com\\\/pl\\\/ligna-2023-milesi-allo-stand-cefla\\\/#primaryimage\"},\"thumbnailUrl\":\"https:\\\/\\\/www.milesi.com\\\/wp-content\\\/uploads\\\/2023\\\/04\\\/og-ligna.jpg\",\"datePublished\":\"2023-04-27T09:59:16+00:00\",\"dateModified\":\"2025-04-23T15:53:03+00:00\",\"breadcrumb\":{\"@id\":\"https:\\\/\\\/www.milesi.com\\\/pl\\\/ligna-2023-milesi-allo-stand-cefla\\\/#breadcrumb\"},\"inLanguage\":\"pl-PL\",\"potentialAction\":[{\"@type\":\"ReadAction\",\"target\":[\"https:\\\/\\\/www.milesi.com\\\/pl\\\/ligna-2023-milesi-allo-stand-cefla\\\/\"]}]},{\"@type\":\"ImageObject\",\"inLanguage\":\"pl-PL\",\"@id\":\"https:\\\/\\\/www.milesi.com\\\/pl\\\/ligna-2023-milesi-allo-stand-cefla\\\/#primaryimage\",\"url\":\"https:\\\/\\\/www.milesi.com\\\/wp-content\\\/uploads\\\/2023\\\/04\\\/og-ligna.jpg\",\"contentUrl\":\"https:\\\/\\\/www.milesi.com\\\/wp-content\\\/uploads\\\/2023\\\/04\\\/og-ligna.jpg\",\"width\":1200,\"height\":630},{\"@type\":\"BreadcrumbList\",\"@id\":\"https:\\\/\\\/www.milesi.com\\\/pl\\\/ligna-2023-milesi-allo-stand-cefla\\\/#breadcrumb\",\"itemListElement\":[{\"@type\":\"ListItem\",\"position\":1,\"name\":\"Milesi - Lakiery do drewna\",\"item\":\"https:\\\/\\\/www.milesi.com\\\/pl\\\/\"},{\"@type\":\"ListItem\",\"position\":2,\"name\":\"LIGNA &#8211; 15.05.2023 \u2013 MILESI ALLO STAND CEFLA\"}]},{\"@type\":\"WebSite\",\"@id\":\"https:\\\/\\\/www.milesi.com\\\/pl\\\/#website\",\"url\":\"https:\\\/\\\/www.milesi.com\\\/pl\\\/\",\"name\":\"Milesi Vernici per il legno\",\"description\":\"Lakiery do drewna\",\"publisher\":{\"@id\":\"https:\\\/\\\/www.milesi.com\\\/pl\\\/#organization\"},\"alternateName\":\"Milesi\",\"potentialAction\":[{\"@type\":\"SearchAction\",\"target\":{\"@type\":\"EntryPoint\",\"urlTemplate\":\"https:\\\/\\\/www.milesi.com\\\/pl\\\/?s={search_term_string}\"},\"query-input\":{\"@type\":\"PropertyValueSpecification\",\"valueRequired\":true,\"valueName\":\"search_term_string\"}}],\"inLanguage\":\"pl-PL\"},{\"@type\":\"Organization\",\"@id\":\"https:\\\/\\\/www.milesi.com\\\/pl\\\/#organization\",\"name\":\"Milesi Vernici\",\"alternateName\":\"Milesi\",\"url\":\"https:\\\/\\\/www.milesi.com\\\/pl\\\/\",\"logo\":{\"@type\":\"ImageObject\",\"inLanguage\":\"pl-PL\",\"@id\":\"https:\\\/\\\/www.milesi.com\\\/pl\\\/#\\\/schema\\\/logo\\\/image\\\/\",\"url\":\"https:\\\/\\\/www.milesi.com\\\/wp-content\\\/uploads\\\/2022\\\/12\\\/milesi-web.png\",\"contentUrl\":\"https:\\\/\\\/www.milesi.com\\\/wp-content\\\/uploads\\\/2022\\\/12\\\/milesi-web.png\",\"width\":100,\"height\":101,\"caption\":\"Milesi Vernici\"},\"image\":{\"@id\":\"https:\\\/\\\/www.milesi.com\\\/pl\\\/#\\\/schema\\\/logo\\\/image\\\/\"},\"sameAs\":[\"https:\\\/\\\/www.facebook.com\\\/MilesiVernici\",\"https:\\\/\\\/www.youtube.com\\\/channel\\\/UCgULN6yzPgE9usmMi3CP5hQ\",\"https:\\\/\\\/www.instagram.com\\\/milesiverniciperlegno\\\/\",\"https:\\\/\\\/vimeo.com\\\/user117001108\",\"https:\\\/\\\/www.linkedin.com\\\/company\\\/milesiwoodcoatings\\\/\"]},{\"@type\":\"Person\",\"@id\":\"https:\\\/\\\/www.milesi.com\\\/pl\\\/#\\\/schema\\\/person\\\/efe9c5f0d5dc8ecccf853a392e5aacdd\",\"name\":\"User\"}]}<\/script>\n<!-- \/ Yoast SEO plugin. -->","yoast_head_json":{"title":"LIGNA &#8211; 15.05.2023 \u2013 MILESI ALLO STAND CEFLA - Milesi","robots":{"index":"index","follow":"follow","max-snippet":"max-snippet:-1","max-image-preview":"max-image-preview:large","max-video-preview":"max-video-preview:-1"},"canonical":"https:\/\/www.milesi.com\/pl\/ligna-2023-milesi-allo-stand-cefla\/","og_locale":"pl_PL","og_type":"article","og_title":"LIGNA &#8211; 15.05.2023 \u2013 MILESI ALLO STAND CEFLA - Milesi","og_description":"L\u2019ECCELLENZA DELLA VERNICE AL SERVIZIO DELLA TECNOLOGIA D\u2019AVANGUARDIA &nbsp;Qualit\u00e0, affidabilit\u00e0 e un know how consolidato nel tempo e in continua evoluzione: tutto il meglio delle vernici Milesi \u00e8 in mostra a Ligna, la manifestazione leader mondiale per il settore della lavorazione del legno in programma ad Hannover dal 15 al 19 maggio 2023. Il 15 [&hellip;]","og_url":"https:\/\/www.milesi.com\/pl\/ligna-2023-milesi-allo-stand-cefla\/","og_site_name":"Milesi","article_publisher":"https:\/\/www.facebook.com\/MilesiVernici","article_published_time":"2023-04-27T09:59:16+00:00","article_modified_time":"2025-04-23T15:53:03+00:00","og_image":[{"width":1200,"height":630,"url":"https:\/\/www.milesi.com\/wp-content\/uploads\/2023\/04\/og-ligna.jpg","type":"image\/jpeg"}],"author":"User","twitter_card":"summary_large_image","twitter_misc":{"Napisane przez":"User","Szacowany czas czytania":"2 minuty"},"schema":{"@context":"https:\/\/schema.org","@graph":[{"@type":"Article","@id":"https:\/\/www.milesi.com\/pl\/ligna-2023-milesi-allo-stand-cefla\/#article","isPartOf":{"@id":"https:\/\/www.milesi.com\/pl\/ligna-2023-milesi-allo-stand-cefla\/"},"author":{"name":"User","@id":"https:\/\/www.milesi.com\/pl\/#\/schema\/person\/efe9c5f0d5dc8ecccf853a392e5aacdd"},"headline":"LIGNA &#8211; 15.05.2023 \u2013 MILESI ALLO STAND CEFLA","datePublished":"2023-04-27T09:59:16+00:00","dateModified":"2025-04-23T15:53:03+00:00","mainEntityOfPage":{"@id":"https:\/\/www.milesi.com\/pl\/ligna-2023-milesi-allo-stand-cefla\/"},"wordCount":267,"publisher":{"@id":"https:\/\/www.milesi.com\/pl\/#organization"},"image":{"@id":"https:\/\/www.milesi.com\/pl\/ligna-2023-milesi-allo-stand-cefla\/#primaryimage"},"thumbnailUrl":"https:\/\/www.milesi.com\/wp-content\/uploads\/2023\/04\/og-ligna.jpg","keywords":["cefla","ligna","vernici per legno"],"articleSection":["News"],"inLanguage":"pl-PL"},{"@type":"WebPage","@id":"https:\/\/www.milesi.com\/pl\/ligna-2023-milesi-allo-stand-cefla\/","url":"https:\/\/www.milesi.com\/pl\/ligna-2023-milesi-allo-stand-cefla\/","name":"LIGNA &#8211; 15.05.2023 \u2013 MILESI ALLO STAND CEFLA - Milesi","isPartOf":{"@id":"https:\/\/www.milesi.com\/pl\/#website"},"primaryImageOfPage":{"@id":"https:\/\/www.milesi.com\/pl\/ligna-2023-milesi-allo-stand-cefla\/#primaryimage"},"image":{"@id":"https:\/\/www.milesi.com\/pl\/ligna-2023-milesi-allo-stand-cefla\/#primaryimage"},"thumbnailUrl":"https:\/\/www.milesi.com\/wp-content\/uploads\/2023\/04\/og-ligna.jpg","datePublished":"2023-04-27T09:59:16+00:00","dateModified":"2025-04-23T15:53:03+00:00","breadcrumb":{"@id":"https:\/\/www.milesi.com\/pl\/ligna-2023-milesi-allo-stand-cefla\/#breadcrumb"},"inLanguage":"pl-PL","potentialAction":[{"@type":"ReadAction","target":["https:\/\/www.milesi.com\/pl\/ligna-2023-milesi-allo-stand-cefla\/"]}]},{"@type":"ImageObject","inLanguage":"pl-PL","@id":"https:\/\/www.milesi.com\/pl\/ligna-2023-milesi-allo-stand-cefla\/#primaryimage","url":"https:\/\/www.milesi.com\/wp-content\/uploads\/2023\/04\/og-ligna.jpg","contentUrl":"https:\/\/www.milesi.com\/wp-content\/uploads\/2023\/04\/og-ligna.jpg","width":1200,"height":630},{"@type":"BreadcrumbList","@id":"https:\/\/www.milesi.com\/pl\/ligna-2023-milesi-allo-stand-cefla\/#breadcrumb","itemListElement":[{"@type":"ListItem","position":1,"name":"Milesi - Lakiery do drewna","item":"https:\/\/www.milesi.com\/pl\/"},{"@type":"ListItem","position":2,"name":"LIGNA &#8211; 15.05.2023 \u2013 MILESI ALLO STAND CEFLA"}]},{"@type":"WebSite","@id":"https:\/\/www.milesi.com\/pl\/#website","url":"https:\/\/www.milesi.com\/pl\/","name":"Milesi Vernici per il legno","description":"Lakiery do drewna","publisher":{"@id":"https:\/\/www.milesi.com\/pl\/#organization"},"alternateName":"Milesi","potentialAction":[{"@type":"SearchAction","target":{"@type":"EntryPoint","urlTemplate":"https:\/\/www.milesi.com\/pl\/?s={search_term_string}"},"query-input":{"@type":"PropertyValueSpecification","valueRequired":true,"valueName":"search_term_string"}}],"inLanguage":"pl-PL"},{"@type":"Organization","@id":"https:\/\/www.milesi.com\/pl\/#organization","name":"Milesi Vernici","alternateName":"Milesi","url":"https:\/\/www.milesi.com\/pl\/","logo":{"@type":"ImageObject","inLanguage":"pl-PL","@id":"https:\/\/www.milesi.com\/pl\/#\/schema\/logo\/image\/","url":"https:\/\/www.milesi.com\/wp-content\/uploads\/2022\/12\/milesi-web.png","contentUrl":"https:\/\/www.milesi.com\/wp-content\/uploads\/2022\/12\/milesi-web.png","width":100,"height":101,"caption":"Milesi Vernici"},"image":{"@id":"https:\/\/www.milesi.com\/pl\/#\/schema\/logo\/image\/"},"sameAs":["https:\/\/www.facebook.com\/MilesiVernici","https:\/\/www.youtube.com\/channel\/UCgULN6yzPgE9usmMi3CP5hQ","https:\/\/www.instagram.com\/milesiverniciperlegno\/","https:\/\/vimeo.com\/user117001108","https:\/\/www.linkedin.com\/company\/milesiwoodcoatings\/"]},{"@type":"Person","@id":"https:\/\/www.milesi.com\/pl\/#\/schema\/person\/efe9c5f0d5dc8ecccf853a392e5aacdd","name":"User"}]}},"_links":{"self":[{"href":"https:\/\/www.milesi.com\/pl\/wp-json\/wp\/v2\/posts\/23316","targetHints":{"allow":["GET"]}}],"collection":[{"href":"https:\/\/www.milesi.com\/pl\/wp-json\/wp\/v2\/posts"}],"about":[{"href":"https:\/\/www.milesi.com\/pl\/wp-json\/wp\/v2\/types\/post"}],"author":[{"embeddable":true,"href":"https:\/\/www.milesi.com\/pl\/wp-json\/wp\/v2\/users\/5"}],"replies":[{"embeddable":true,"href":"https:\/\/www.milesi.com\/pl\/wp-json\/wp\/v2\/comments?post=23316"}],"version-history":[{"count":15,"href":"https:\/\/www.milesi.com\/pl\/wp-json\/wp\/v2\/posts\/23316\/revisions"}],"predecessor-version":[{"id":27222,"href":"https:\/\/www.milesi.com\/pl\/wp-json\/wp\/v2\/posts\/23316\/revisions\/27222"}],"wp:featuredmedia":[{"embeddable":true,"href":"https:\/\/www.milesi.com\/pl\/wp-json\/wp\/v2\/media\/23356"}],"wp:attachment":[{"href":"https:\/\/www.milesi.com\/pl\/wp-json\/wp\/v2\/media?parent=23316"}],"wp:term":[{"taxonomy":"category","embeddable":true,"href":"https:\/\/www.milesi.com\/pl\/wp-json\/wp\/v2\/categories?post=23316"},{"taxonomy":"post_tag","embeddable":true,"href":"https:\/\/www.milesi.com\/pl\/wp-json\/wp\/v2\/tags?post=23316"}],"curies":[{"name":"wp","href":"https:\/\/api.w.org\/{rel}","templated":true}]}}