{"id":2733,"date":"2019-05-20T16:41:48","date_gmt":"2019-05-20T14:41:48","guid":{"rendered":"http:\/\/www.milesi.com\/?p=2733"},"modified":"2025-04-19T10:40:55","modified_gmt":"2025-04-19T08:40:55","slug":"milesi-e-sponsor-di-fanfare-in-concerto-2019","status":"publish","type":"post","link":"https:\/\/www.milesi.com\/pl\/milesi-e-sponsor-di-fanfare-in-concerto-2019\/","title":{"rendered":"Milesi \u00e8 sponsor di Fanfare in Concerto"},"content":{"rendered":"<div class=\"yoast-breadcrumbs\"><span><span><a href=\"https:\/\/www.milesi.com\/pl\/\">Milesi &#8211; Lakiery do drewna<\/a><\/span> \u00bb <span class=\"breadcrumb_last\" aria-current=\"page\">Milesi \u00e8 sponsor di Fanfare in Concerto<\/span><\/span><\/div>\n\n<p><strong>Milesi \u00e8 sponsor di Fanfare in Concerto \u201cMusica per i Bambini\u201d.<\/strong><\/p>\n<p><strong>Il ricavato della serata a sostegno della raccolta fondi per l\u2019oncologia pediatrica di Fondazione Umberto Veronesi.<\/strong><\/p>\n<p>Il Gruppo IVM, standard di riferimento globale nelle vernici per legno, promuove con il marchio\u00a0<strong>MILESI la quarta edizione di Fanfare in Concerto \u201cMusica per i Bambini\u201d<\/strong>. L\u2019evento benefico, sostenuto dal gruppo IVM fin dalla prima edizione, si terr\u00e0 mercoled\u00ec 29 maggio al Teatro dal Verme di Milano in occasione del\u00a073\u00b0 Anniversario della Proclamazione della Repubblica Italiana.<\/p>\n<p>Il ricavato dell\u2019evento sar\u00e0 devoluto a\u00a0<strong>Fondazione Umberto Veronesi<\/strong>\u00a0per il progetto dedicato all\u2019oncologia pediatrica\u00a0<a href=\"https:\/\/www.fondazioneveronesi.it\/progetti\/gold-for-kids\"><strong>Gold for Kids<\/strong><\/a>, a sostegno del progetto di lavoro della ricercatrice\u00a0<a href=\"https:\/\/www.fondazioneveronesi.it\/ricerca\/i-nostri-ricercatori\/mara-salome\"><strong>Mara Salom\u00e8<\/strong><\/a>, impegnata nel trovare soluzioni di cura migliori contro la\u00a0<a href=\"https:\/\/www.fondazioneveronesi.it\/magazine\/tools-della-salute\/glossario-delle-malattie\/leucemia-linfoblastica-acuta\"><strong>leucemia linfoblastica acuta<\/strong><\/a>, presso l\u2019IRCCS Ospedale San Raffaele.<\/p>\n<p>Nel corso della serata &#8211; presentata da Juliana Moreira, con la partecipazione di Arisa in qualit\u00e0 di madrina &#8211; si esibiranno sul palco la\u00a0<strong>Fanfara della Brigata Alpina Julia,\u00a0<\/strong>la<strong>\u00a0Fanfara del Comando della 1a Regione Aerea<\/strong>\u00a0e la\u00a0<strong>Fanfara del 3\u00b0 Reggimento Carabinieri \u201cLombardia\u201d<\/strong>, rispettivamente sotto la guida dei Maestri Primo Maresciallo Lorenzo Sebastianutto, 1\u00b0 Luogotenente Orch. Antonio Macciomei e del Maresciallo Capo Andrea Bagnolo.<\/p>\n<p>Tra gli artisti, riconfermata la presenza di\u00a0<strong>Nick The Nightfly<\/strong>, cantante, produttore discografico, direttore artistico del Blue Note Milano, tempio milanese del jazz, e conduttore del programma radiofonico \u201cMonte Carlo Nights\u201d. Si esibiranno anche la cantante lirica<strong>\u00a0Madelyn Ren\u00e9e,\u00a0<\/strong>artista internazionale e la<strong>\u00a0cantante jazz Joyce Elaine Yuille<\/strong>.<\/p>\n<p>Ritorna sul palco di Fanfare in Concerto anche il violinista di fama internazionale<strong>\u00a0Matteo Fedeli<\/strong>.<\/p>\n<p><strong>Federica Teso, Vice Presidente del Gruppo IVM, ha commentato<\/strong>: \u201cAbbiamo subito riconfermato con grande entusiasmo la sponsorizzazione di Fanfare in Concerto, evento che ha riscosso fin dalla prima edizione grande adesione a Milano, citt\u00e0 a cui siamo da sempre molto legati e dove ha sede la nostra holding.<\/p>\n<p><strong>La ricerca \u00e8 uno dei fattori chiave del successo del nostro Gruppo che da sempre opera nel massimo rispetto dell\u2019ambiente e della salute dell\u2019uomo<\/strong>\u00a0e poter contribuire all\u2019attivit\u00e0 della Fondazione Umberto Veronesi e allo studio di Mara Salom\u00e8 \u00e8, per noi, motivo di orgoglio\u201d.<\/p>\n<p><span style=\"font-size: 10pt;\">Maggio 2019<\/span><\/p>","protected":false},"excerpt":{"rendered":"<p>Milesi \u00e8 sponsor di Fanfare in Concerto \u201cMusica per i Bambini\u201d. Il ricavato della serata a sostegno della raccolta fondi per l\u2019oncologia pediatrica di Fondazione Umberto Veronesi. Il Gruppo IVM, standard di riferimento globale nelle vernici per legno, promuove con il marchio\u00a0MILESI la quarta edizione di Fanfare in Concerto \u201cMusica per i Bambini\u201d. L\u2019evento benefico, [&hellip;]<\/p>\n","protected":false},"author":5,"featured_media":0,"comment_status":"open","ping_status":"closed","sticky":false,"template":"","format":"standard","meta":{"_et_pb_use_builder":"","_et_pb_old_content":"","_et_gb_content_width":"","footnotes":""},"categories":[235],"tags":[1007,1002,1008,1003],"class_list":["post-2733","post","type-post","status-publish","format-standard","hentry","category-archivi-anni-precedenti","tag-fanfare-in-concerto","tag-milesi","tag-milesi-fanfare-in-concerto","tag-milesi-vernici-per-legno"],"yoast_head":"<!-- This site is optimized with the Yoast SEO plugin v27.3 - https:\/\/yoast.com\/product\/yoast-seo-wordpress\/ -->\n<title>Milesi \u00e8 sponsor di Fanfare in Concerto - Milesi<\/title>\n<meta name=\"robots\" content=\"noindex, follow\" \/>\n<meta property=\"og:locale\" content=\"pl_PL\" \/>\n<meta property=\"og:type\" content=\"article\" \/>\n<meta property=\"og:title\" content=\"Milesi \u00e8 sponsor di Fanfare in Concerto - Milesi\" \/>\n<meta property=\"og:description\" content=\"Milesi \u00e8 sponsor di Fanfare in Concerto \u201cMusica per i Bambini\u201d. Il ricavato della serata a sostegno della raccolta fondi per l\u2019oncologia pediatrica di Fondazione Umberto Veronesi. Il Gruppo IVM, standard di riferimento globale nelle vernici per legno, promuove con il marchio\u00a0MILESI la quarta edizione di Fanfare in Concerto \u201cMusica per i Bambini\u201d. L\u2019evento benefico, [&hellip;]\" \/>\n<meta property=\"og:url\" content=\"https:\/\/www.milesi.com\/pl\/milesi-e-sponsor-di-fanfare-in-concerto-2019\/\" \/>\n<meta property=\"og:site_name\" content=\"Milesi\" \/>\n<meta property=\"article:publisher\" content=\"https:\/\/www.facebook.com\/MilesiVernici\" \/>\n<meta property=\"article:published_time\" content=\"2019-05-20T14:41:48+00:00\" \/>\n<meta property=\"article:modified_time\" content=\"2025-04-19T08:40:55+00:00\" \/>\n<meta name=\"author\" content=\"User\" \/>\n<meta name=\"twitter:card\" content=\"summary_large_image\" \/>\n<meta name=\"twitter:label1\" content=\"Napisane przez\" \/>\n\t<meta name=\"twitter:data1\" content=\"User\" \/>\n\t<meta name=\"twitter:label2\" content=\"Szacowany czas czytania\" \/>\n\t<meta name=\"twitter:data2\" content=\"2 minuty\" \/>\n<script type=\"application\/ld+json\" class=\"yoast-schema-graph\">{\"@context\":\"https:\\\/\\\/schema.org\",\"@graph\":[{\"@type\":\"Article\",\"@id\":\"https:\\\/\\\/www.milesi.com\\\/pl\\\/milesi-e-sponsor-di-fanfare-in-concerto-2019\\\/#article\",\"isPartOf\":{\"@id\":\"https:\\\/\\\/www.milesi.com\\\/pl\\\/milesi-e-sponsor-di-fanfare-in-concerto-2019\\\/\"},\"author\":{\"name\":\"User\",\"@id\":\"https:\\\/\\\/www.milesi.com\\\/pl\\\/#\\\/schema\\\/person\\\/efe9c5f0d5dc8ecccf853a392e5aacdd\"},\"headline\":\"Milesi \u00e8 sponsor di Fanfare in Concerto\",\"datePublished\":\"2019-05-20T14:41:48+00:00\",\"dateModified\":\"2025-04-19T08:40:55+00:00\",\"mainEntityOfPage\":{\"@id\":\"https:\\\/\\\/www.milesi.com\\\/pl\\\/milesi-e-sponsor-di-fanfare-in-concerto-2019\\\/\"},\"wordCount\":360,\"commentCount\":0,\"publisher\":{\"@id\":\"https:\\\/\\\/www.milesi.com\\\/pl\\\/#organization\"},\"keywords\":[\"fanfare in concerto\",\"milesi\",\"milesi fanfare in concerto\",\"milesi vernici per legno\"],\"articleSection\":[\"Archivi anni precedenti\"],\"inLanguage\":\"pl-PL\",\"potentialAction\":[{\"@type\":\"CommentAction\",\"name\":\"Comment\",\"target\":[\"https:\\\/\\\/www.milesi.com\\\/pl\\\/milesi-e-sponsor-di-fanfare-in-concerto-2019\\\/#respond\"]}]},{\"@type\":\"WebPage\",\"@id\":\"https:\\\/\\\/www.milesi.com\\\/pl\\\/milesi-e-sponsor-di-fanfare-in-concerto-2019\\\/\",\"url\":\"https:\\\/\\\/www.milesi.com\\\/pl\\\/milesi-e-sponsor-di-fanfare-in-concerto-2019\\\/\",\"name\":\"Milesi \u00e8 sponsor di Fanfare in Concerto - Milesi\",\"isPartOf\":{\"@id\":\"https:\\\/\\\/www.milesi.com\\\/pl\\\/#website\"},\"datePublished\":\"2019-05-20T14:41:48+00:00\",\"dateModified\":\"2025-04-19T08:40:55+00:00\",\"breadcrumb\":{\"@id\":\"https:\\\/\\\/www.milesi.com\\\/pl\\\/milesi-e-sponsor-di-fanfare-in-concerto-2019\\\/#breadcrumb\"},\"inLanguage\":\"pl-PL\",\"potentialAction\":[{\"@type\":\"ReadAction\",\"target\":[\"https:\\\/\\\/www.milesi.com\\\/pl\\\/milesi-e-sponsor-di-fanfare-in-concerto-2019\\\/\"]}]},{\"@type\":\"BreadcrumbList\",\"@id\":\"https:\\\/\\\/www.milesi.com\\\/pl\\\/milesi-e-sponsor-di-fanfare-in-concerto-2019\\\/#breadcrumb\",\"itemListElement\":[{\"@type\":\"ListItem\",\"position\":1,\"name\":\"Milesi - Lakiery do drewna\",\"item\":\"https:\\\/\\\/www.milesi.com\\\/pl\\\/\"},{\"@type\":\"ListItem\",\"position\":2,\"name\":\"Milesi \u00e8 sponsor di Fanfare in Concerto\"}]},{\"@type\":\"WebSite\",\"@id\":\"https:\\\/\\\/www.milesi.com\\\/pl\\\/#website\",\"url\":\"https:\\\/\\\/www.milesi.com\\\/pl\\\/\",\"name\":\"Milesi Vernici per il legno\",\"description\":\"Lakiery do drewna\",\"publisher\":{\"@id\":\"https:\\\/\\\/www.milesi.com\\\/pl\\\/#organization\"},\"alternateName\":\"Milesi\",\"potentialAction\":[{\"@type\":\"SearchAction\",\"target\":{\"@type\":\"EntryPoint\",\"urlTemplate\":\"https:\\\/\\\/www.milesi.com\\\/pl\\\/?s={search_term_string}\"},\"query-input\":{\"@type\":\"PropertyValueSpecification\",\"valueRequired\":true,\"valueName\":\"search_term_string\"}}],\"inLanguage\":\"pl-PL\"},{\"@type\":\"Organization\",\"@id\":\"https:\\\/\\\/www.milesi.com\\\/pl\\\/#organization\",\"name\":\"Milesi Vernici\",\"alternateName\":\"Milesi\",\"url\":\"https:\\\/\\\/www.milesi.com\\\/pl\\\/\",\"logo\":{\"@type\":\"ImageObject\",\"inLanguage\":\"pl-PL\",\"@id\":\"https:\\\/\\\/www.milesi.com\\\/pl\\\/#\\\/schema\\\/logo\\\/image\\\/\",\"url\":\"https:\\\/\\\/www.milesi.com\\\/wp-content\\\/uploads\\\/2022\\\/12\\\/milesi-web.png\",\"contentUrl\":\"https:\\\/\\\/www.milesi.com\\\/wp-content\\\/uploads\\\/2022\\\/12\\\/milesi-web.png\",\"width\":100,\"height\":101,\"caption\":\"Milesi Vernici\"},\"image\":{\"@id\":\"https:\\\/\\\/www.milesi.com\\\/pl\\\/#\\\/schema\\\/logo\\\/image\\\/\"},\"sameAs\":[\"https:\\\/\\\/www.facebook.com\\\/MilesiVernici\",\"https:\\\/\\\/www.youtube.com\\\/channel\\\/UCgULN6yzPgE9usmMi3CP5hQ\",\"https:\\\/\\\/www.instagram.com\\\/milesiverniciperlegno\\\/\",\"https:\\\/\\\/vimeo.com\\\/user117001108\",\"https:\\\/\\\/www.linkedin.com\\\/company\\\/milesiwoodcoatings\\\/\"]},{\"@type\":\"Person\",\"@id\":\"https:\\\/\\\/www.milesi.com\\\/pl\\\/#\\\/schema\\\/person\\\/efe9c5f0d5dc8ecccf853a392e5aacdd\",\"name\":\"User\"}]}<\/script>\n<!-- \/ Yoast SEO plugin. -->","yoast_head_json":{"title":"Milesi \u00e8 sponsor di Fanfare in Concerto - Milesi","robots":{"index":"noindex","follow":"follow"},"og_locale":"pl_PL","og_type":"article","og_title":"Milesi \u00e8 sponsor di Fanfare in Concerto - Milesi","og_description":"Milesi \u00e8 sponsor di Fanfare in Concerto \u201cMusica per i Bambini\u201d. Il ricavato della serata a sostegno della raccolta fondi per l\u2019oncologia pediatrica di Fondazione Umberto Veronesi. Il Gruppo IVM, standard di riferimento globale nelle vernici per legno, promuove con il marchio\u00a0MILESI la quarta edizione di Fanfare in Concerto \u201cMusica per i Bambini\u201d. L\u2019evento benefico, [&hellip;]","og_url":"https:\/\/www.milesi.com\/pl\/milesi-e-sponsor-di-fanfare-in-concerto-2019\/","og_site_name":"Milesi","article_publisher":"https:\/\/www.facebook.com\/MilesiVernici","article_published_time":"2019-05-20T14:41:48+00:00","article_modified_time":"2025-04-19T08:40:55+00:00","author":"User","twitter_card":"summary_large_image","twitter_misc":{"Napisane przez":"User","Szacowany czas czytania":"2 minuty"},"schema":{"@context":"https:\/\/schema.org","@graph":[{"@type":"Article","@id":"https:\/\/www.milesi.com\/pl\/milesi-e-sponsor-di-fanfare-in-concerto-2019\/#article","isPartOf":{"@id":"https:\/\/www.milesi.com\/pl\/milesi-e-sponsor-di-fanfare-in-concerto-2019\/"},"author":{"name":"User","@id":"https:\/\/www.milesi.com\/pl\/#\/schema\/person\/efe9c5f0d5dc8ecccf853a392e5aacdd"},"headline":"Milesi \u00e8 sponsor di Fanfare in Concerto","datePublished":"2019-05-20T14:41:48+00:00","dateModified":"2025-04-19T08:40:55+00:00","mainEntityOfPage":{"@id":"https:\/\/www.milesi.com\/pl\/milesi-e-sponsor-di-fanfare-in-concerto-2019\/"},"wordCount":360,"commentCount":0,"publisher":{"@id":"https:\/\/www.milesi.com\/pl\/#organization"},"keywords":["fanfare in concerto","milesi","milesi fanfare in concerto","milesi vernici per legno"],"articleSection":["Archivi anni precedenti"],"inLanguage":"pl-PL","potentialAction":[{"@type":"CommentAction","name":"Comment","target":["https:\/\/www.milesi.com\/pl\/milesi-e-sponsor-di-fanfare-in-concerto-2019\/#respond"]}]},{"@type":"WebPage","@id":"https:\/\/www.milesi.com\/pl\/milesi-e-sponsor-di-fanfare-in-concerto-2019\/","url":"https:\/\/www.milesi.com\/pl\/milesi-e-sponsor-di-fanfare-in-concerto-2019\/","name":"Milesi \u00e8 sponsor di Fanfare in Concerto - Milesi","isPartOf":{"@id":"https:\/\/www.milesi.com\/pl\/#website"},"datePublished":"2019-05-20T14:41:48+00:00","dateModified":"2025-04-19T08:40:55+00:00","breadcrumb":{"@id":"https:\/\/www.milesi.com\/pl\/milesi-e-sponsor-di-fanfare-in-concerto-2019\/#breadcrumb"},"inLanguage":"pl-PL","potentialAction":[{"@type":"ReadAction","target":["https:\/\/www.milesi.com\/pl\/milesi-e-sponsor-di-fanfare-in-concerto-2019\/"]}]},{"@type":"BreadcrumbList","@id":"https:\/\/www.milesi.com\/pl\/milesi-e-sponsor-di-fanfare-in-concerto-2019\/#breadcrumb","itemListElement":[{"@type":"ListItem","position":1,"name":"Milesi - Lakiery do drewna","item":"https:\/\/www.milesi.com\/pl\/"},{"@type":"ListItem","position":2,"name":"Milesi \u00e8 sponsor di Fanfare in Concerto"}]},{"@type":"WebSite","@id":"https:\/\/www.milesi.com\/pl\/#website","url":"https:\/\/www.milesi.com\/pl\/","name":"Milesi Vernici per il legno","description":"Lakiery do drewna","publisher":{"@id":"https:\/\/www.milesi.com\/pl\/#organization"},"alternateName":"Milesi","potentialAction":[{"@type":"SearchAction","target":{"@type":"EntryPoint","urlTemplate":"https:\/\/www.milesi.com\/pl\/?s={search_term_string}"},"query-input":{"@type":"PropertyValueSpecification","valueRequired":true,"valueName":"search_term_string"}}],"inLanguage":"pl-PL"},{"@type":"Organization","@id":"https:\/\/www.milesi.com\/pl\/#organization","name":"Milesi Vernici","alternateName":"Milesi","url":"https:\/\/www.milesi.com\/pl\/","logo":{"@type":"ImageObject","inLanguage":"pl-PL","@id":"https:\/\/www.milesi.com\/pl\/#\/schema\/logo\/image\/","url":"https:\/\/www.milesi.com\/wp-content\/uploads\/2022\/12\/milesi-web.png","contentUrl":"https:\/\/www.milesi.com\/wp-content\/uploads\/2022\/12\/milesi-web.png","width":100,"height":101,"caption":"Milesi Vernici"},"image":{"@id":"https:\/\/www.milesi.com\/pl\/#\/schema\/logo\/image\/"},"sameAs":["https:\/\/www.facebook.com\/MilesiVernici","https:\/\/www.youtube.com\/channel\/UCgULN6yzPgE9usmMi3CP5hQ","https:\/\/www.instagram.com\/milesiverniciperlegno\/","https:\/\/vimeo.com\/user117001108","https:\/\/www.linkedin.com\/company\/milesiwoodcoatings\/"]},{"@type":"Person","@id":"https:\/\/www.milesi.com\/pl\/#\/schema\/person\/efe9c5f0d5dc8ecccf853a392e5aacdd","name":"User"}]}},"_links":{"self":[{"href":"https:\/\/www.milesi.com\/pl\/wp-json\/wp\/v2\/posts\/2733","targetHints":{"allow":["GET"]}}],"collection":[{"href":"https:\/\/www.milesi.com\/pl\/wp-json\/wp\/v2\/posts"}],"about":[{"href":"https:\/\/www.milesi.com\/pl\/wp-json\/wp\/v2\/types\/post"}],"author":[{"embeddable":true,"href":"https:\/\/www.milesi.com\/pl\/wp-json\/wp\/v2\/users\/5"}],"replies":[{"embeddable":true,"href":"https:\/\/www.milesi.com\/pl\/wp-json\/wp\/v2\/comments?post=2733"}],"version-history":[{"count":1,"href":"https:\/\/www.milesi.com\/pl\/wp-json\/wp\/v2\/posts\/2733\/revisions"}],"predecessor-version":[{"id":26850,"href":"https:\/\/www.milesi.com\/pl\/wp-json\/wp\/v2\/posts\/2733\/revisions\/26850"}],"wp:attachment":[{"href":"https:\/\/www.milesi.com\/pl\/wp-json\/wp\/v2\/media?parent=2733"}],"wp:term":[{"taxonomy":"category","embeddable":true,"href":"https:\/\/www.milesi.com\/pl\/wp-json\/wp\/v2\/categories?post=2733"},{"taxonomy":"post_tag","embeddable":true,"href":"https:\/\/www.milesi.com\/pl\/wp-json\/wp\/v2\/tags?post=2733"}],"curies":[{"name":"wp","href":"https:\/\/api.w.org\/{rel}","templated":true}]}}